{"id":99928,"date":"2016-10-24T18:37:29","date_gmt":"2016-10-24T21:37:29","guid":{"rendered":"http:\/\/aconteceunovale.com.br\/portal\/?p=99928"},"modified":"2016-10-24T18:39:14","modified_gmt":"2016-10-24T21:39:14","slug":"ifnmg-interrompe-atividades-em-sete-campi-devido-as-ocupacoes-de-estudantes","status":"publish","type":"post","link":"https:\/\/aconteceunovale.com.br\/portal\/?p=99928","title":{"rendered":"IFNMG interrompe atividades em sete campi devido \u00e0s ocupa\u00e7\u00f5es de estudantes"},"content":{"rendered":"<p>A Reitoria do Instituto Federal do Norte de Minas Gerais (IFNMG) informa que os campi Almenara, Ara\u00e7ua\u00ed, Arinos, Janu\u00e1ria, Montes Claros, Pirapora e Salinas est\u00e3o com as atividades de ensino interrompidas devido \u00e0s ocupa\u00e7\u00f5es promovidas pelo movimento estudantil que se encontra mobilizado em protesto contra as medidas impostas pelo Projeto de Emenda \u00e0 Constitui\u00e7\u00e3o (PEC) n\u00ba 241, Medida Provis\u00f3ria (MP) n\u00ba 746 (reforma do Ensino M\u00e9dio), Projeto de Lei (PLS) n\u00ba 193 (escola sem partido). A nota foi divulgada na sexta-feira (21\/10).<\/p>\n<p>O IFNMG respeita a manifesta\u00e7\u00e3o dos alunos desde que seja realizada de forma pac\u00edfica, com zelo pela seguran\u00e7a de servidores e discentes e pelo patrim\u00f4nio p\u00fablico. Esclarece ainda que as mobiliza\u00e7\u00f5es realizadas s\u00e3o leg\u00edtimas em um Estado democr\u00e1tico de direito, n\u00e3o cabendo nenhum tipo de cerceamento ao livre direito de express\u00e3o.<\/p>\n<p>A Reitoria do IFNMG mant\u00e9m permanente e indispens\u00e1vel di\u00e1logo com os estudantes e ressalta sua preocupa\u00e7\u00e3o com as consequ\u00eancias que as referidas medidas pol\u00edticas podem acarretar caso sejam aprovadas e reitera seu comprometimento na busca constante por uma educa\u00e7\u00e3o p\u00fablica, gratuita e de qualidade. <\/p>\n<p><img decoding=\"async\" src=\"http:\/\/aconteceunovale.com.br\/portal\/wp-content\/uploads\/2016\/10\/ocupacao_almenara.jpg\" alt=\"\" \/><em>Campus de Almenara est\u00e1 ocupada desde o dia 13 de outubro (Divulga\u00e7\u00e3o)<\/em><br \/>\n<\/br><\/p>\n<p><em>(Com informa\u00e7\u00f5es da Reitoria do IFNMG)<\/em><\/p>\n","protected":false},"excerpt":{"rendered":"<p>A Reitoria do Instituto Federal do Norte de Minas Gerais (IFNMG) informa que os campi Almenara, Ara\u00e7ua\u00ed, Arinos, Janu\u00e1ria, Montes Claros, Pirapora e Salinas est\u00e3o com as atividades de ensino interrompidas devido \u00e0s ocupa\u00e7\u00f5es promovidas pelo movimento estudantil que se encontra mobilizado em protesto contra as medidas impostas pelo Projeto de Emenda \u00e0 Constitui\u00e7\u00e3o (PEC) [&hellip;]<\/p>\n","protected":false},"author":1,"featured_media":99929,"comment_status":"open","ping_status":"closed","sticky":false,"template":"","format":"standard","meta":{"amp_status":"","footnotes":""},"categories":[1236,120],"tags":[142,186,253,122189,255,122188,122187,205,210,122186,110244,254,122184,122185,122183,190],"class_list":["post-99928","post","type-post","status-publish","format-standard","has-post-thumbnail","hentry","category-norte_de_minas","category-jequi","tag-almenara","tag-aracuai","tag-arinos","tag-estudantes-ocupam-campus-do-ifnmg-em-sete-cidades","tag-ifnmg","tag-ifnmg-interrompe-atividades-em-sete-campi-devido-as-ocupacoes-de-estudantes","tag-ifnmg-suspende-atividades-em-sete-campi-devido-as-ocupacoes-de-estudantes","tag-januaria","tag-montes-claros","tag-ocupacoes-no-ifnmg","tag-pec-241","tag-pirapora","tag-protestos-contra-a-pec-241-no-ifnmg","tag-protestos-no-ifnmg","tag-reitoria-do-instituto-federal-do-norte-de-minas-gerais","tag-salinas"],"_links":{"self":[{"href":"https:\/\/aconteceunovale.com.br\/portal\/index.php?rest_route=\/wp\/v2\/posts\/99928","targetHints":{"allow":["GET"]}}],"collection":[{"href":"https:\/\/aconteceunovale.com.br\/portal\/index.php?rest_route=\/wp\/v2\/posts"}],"about":[{"href":"https:\/\/aconteceunovale.com.br\/portal\/index.php?rest_route=\/wp\/v2\/types\/post"}],"author":[{"embeddable":true,"href":"https:\/\/aconteceunovale.com.br\/portal\/index.php?rest_route=\/wp\/v2\/users\/1"}],"replies":[{"embeddable":true,"href":"https:\/\/aconteceunovale.com.br\/portal\/index.php?rest_route=%2Fwp%2Fv2%2Fcomments&post=99928"}],"version-history":[{"count":0,"href":"https:\/\/aconteceunovale.com.br\/portal\/index.php?rest_route=\/wp\/v2\/posts\/99928\/revisions"}],"wp:featuredmedia":[{"embeddable":true,"href":"https:\/\/aconteceunovale.com.br\/portal\/index.php?rest_route=\/wp\/v2\/media\/99929"}],"wp:attachment":[{"href":"https:\/\/aconteceunovale.com.br\/portal\/index.php?rest_route=%2Fwp%2Fv2%2Fmedia&parent=99928"}],"wp:term":[{"taxonomy":"category","embeddable":true,"href":"https:\/\/aconteceunovale.com.br\/portal\/index.php?rest_route=%2Fwp%2Fv2%2Fcategories&post=99928"},{"taxonomy":"post_tag","embeddable":true,"href":"https:\/\/aconteceunovale.com.br\/portal\/index.php?rest_route=%2Fwp%2Fv2%2Ftags&post=99928"}],"curies":[{"name":"wp","href":"https:\/\/api.w.org\/{rel}","templated":true}]}}