{"id":99925,"date":"2016-10-24T18:26:53","date_gmt":"2016-10-24T21:26:53","guid":{"rendered":"http:\/\/aconteceunovale.com.br\/portal\/?p=99925"},"modified":"2016-10-24T18:26:53","modified_gmt":"2016-10-24T21:26:53","slug":"motim-e-registrado-na-penitenciaria-de-ipaba","status":"publish","type":"post","link":"https:\/\/aconteceunovale.com.br\/portal\/?p=99925","title":{"rendered":"Motim \u00e9 registrado na penitenci\u00e1ria de Ipaba"},"content":{"rendered":"<p>Os presos da Penitenci\u00e1ria D\u00eanio Moreira de Carvalho, em Ipaba, na regi\u00e3o do Vale do Rio Doce, se rebelaram nesta segunda-feira (24\/10\/2016), por volta das 12h30, segundo informa\u00e7\u00f5es da Secretaria de Estado de Administra\u00e7\u00e3o Prisional de Minas Gerais. Ainda conforme a Secretaria, agentes penitenci\u00e1rios demoraram cerca de trinta minutos para controlar o motim em um dos blocos da unidade. <\/p>\n<p>A dire\u00e7\u00e3o da penitenci\u00e1ria informou que agora vai avaliar os danos materiais decorrentes da a\u00e7\u00e3o, a segunda em menos de 24 horas em Minas Gerais. Na manh\u00e3 desta segunda-feira, ap\u00f3s quase 20 horas de negocia\u00e7\u00f5es, terminou outro motim. Detentos do Pres\u00eddio de Itajub\u00e1, no Sul de Minas, libertaram dois agentes penitenci\u00e1rios, que eram mantidos ref\u00e9ns. A rebeli\u00e3o envolveu 165 presidi\u00e1rios e come\u00e7ou no fim da tarde de domingo (23).<\/p>\n<p>A Secretaria de Estado de Administra\u00e7\u00e3o Prisional (Seap) informou em nota que uma confus\u00e3o prisional foi registrada em Itajub\u00e1 por volta das 17h em uma das alas e, ao tentarem intervir, dois agentes foram feitos ref\u00e9ns. Policiais do Bope de Belo Horizonte, especializados em negocia\u00e7\u00e3o, foram deslocados a unidade prisional para auxiliar nas negocia\u00e7\u00f5es com os rebelados.<\/p>\n<p>A Seap informou que os dois agentes e um detento tiveram ferimentos leves. Os tr\u00eas foram encaminhados para o atendimento m\u00e9dico.<\/p>\n<p><img decoding=\"async\" src=\"http:\/\/aconteceunovale.com.br\/portal\/wp-content\/uploads\/2016\/10\/motim_ipaba.jpeg\" alt=\"\" \/><em>Presos atearam fogo em colch\u00f5es e len\u00e7\u00f3is (Foto: Sidney Gon\u00e7alves\/Reprodu\u00e7\u00e3o O Tempo)<\/em><br \/>\n<\/br><\/p>\n<p><em>(Via Hoje em Dia)<\/em><\/p>\n","protected":false},"excerpt":{"rendered":"<p>Os presos da Penitenci\u00e1ria D\u00eanio Moreira de Carvalho, em Ipaba, na regi\u00e3o do Vale do Rio Doce, se rebelaram nesta segunda-feira (24\/10\/2016), por volta das 12h30, segundo informa\u00e7\u00f5es da Secretaria de Estado de Administra\u00e7\u00e3o Prisional de Minas Gerais. Ainda conforme a Secretaria, agentes penitenci\u00e1rios demoraram cerca de trinta minutos para controlar o motim em um [&hellip;]<\/p>\n","protected":false},"author":1,"featured_media":99926,"comment_status":"open","ping_status":"closed","sticky":false,"template":"","format":"standard","meta":{"amp_status":"","footnotes":""},"categories":[121],"tags":[2234,122178,122181,122179,122182,122180,27227],"class_list":["post-99925","post","type-post","status-publish","format-standard","has-post-thumbnail","hentry","category-leste","tag-ipaba","tag-motim-e-registrado-na-penitenciaria-de-ipaba","tag-motim-e-registrado-na-penitenciaria-denio-moreira-de-carvalho","tag-motim-em-ipaba","tag-motim-na-penitenciaria-denio-moreira-de-carvalho","tag-motim-no-presidio-de-ipaba","tag-penitenciaria-denio-moreira-de-carvalho"],"_links":{"self":[{"href":"https:\/\/aconteceunovale.com.br\/portal\/index.php?rest_route=\/wp\/v2\/posts\/99925","targetHints":{"allow":["GET"]}}],"collection":[{"href":"https:\/\/aconteceunovale.com.br\/portal\/index.php?rest_route=\/wp\/v2\/posts"}],"about":[{"href":"https:\/\/aconteceunovale.com.br\/portal\/index.php?rest_route=\/wp\/v2\/types\/post"}],"author":[{"embeddable":true,"href":"https:\/\/aconteceunovale.com.br\/portal\/index.php?rest_route=\/wp\/v2\/users\/1"}],"replies":[{"embeddable":true,"href":"https:\/\/aconteceunovale.com.br\/portal\/index.php?rest_route=%2Fwp%2Fv2%2Fcomments&post=99925"}],"version-history":[{"count":0,"href":"https:\/\/aconteceunovale.com.br\/portal\/index.php?rest_route=\/wp\/v2\/posts\/99925\/revisions"}],"wp:featuredmedia":[{"embeddable":true,"href":"https:\/\/aconteceunovale.com.br\/portal\/index.php?rest_route=\/wp\/v2\/media\/99926"}],"wp:attachment":[{"href":"https:\/\/aconteceunovale.com.br\/portal\/index.php?rest_route=%2Fwp%2Fv2%2Fmedia&parent=99925"}],"wp:term":[{"taxonomy":"category","embeddable":true,"href":"https:\/\/aconteceunovale.com.br\/portal\/index.php?rest_route=%2Fwp%2Fv2%2Fcategories&post=99925"},{"taxonomy":"post_tag","embeddable":true,"href":"https:\/\/aconteceunovale.com.br\/portal\/index.php?rest_route=%2Fwp%2Fv2%2Ftags&post=99925"}],"curies":[{"name":"wp","href":"https:\/\/api.w.org\/{rel}","templated":true}]}}