{"id":99898,"date":"2016-10-24T11:33:27","date_gmt":"2016-10-24T14:33:27","guid":{"rendered":"http:\/\/aconteceunovale.com.br\/portal\/?p=99898"},"modified":"2016-10-24T11:33:27","modified_gmt":"2016-10-24T14:33:27","slug":"criadores-de-cabras-e-ovelhas-terao-acesso-a-assistencia-tecnica-rural","status":"publish","type":"post","link":"https:\/\/aconteceunovale.com.br\/portal\/?p=99898","title":{"rendered":"Criadores de cabras e ovelhas ter\u00e3o acesso \u00e0 assist\u00eancia t\u00e9cnica rural"},"content":{"rendered":"<p>A amplia\u00e7\u00e3o do acesso \u00e0 Assist\u00eancia T\u00e9cnica e Extens\u00e3o Rural (Ater), uma das principais demandas da agricultura familiar durante os F\u00f3runs Regionais, avan\u00e7a no Estado com o apoio do Governo de Minas Gerais.  Ap\u00f3s aprova\u00e7\u00e3o no Conselho Estadual de Desenvolvimento Rural Sustent\u00e1vel (Cedraf-MG), a Associa\u00e7\u00e3o dos Criadores de Caprinos e Ovinos de Minas Gerais (Accomig) recebeu da Secretaria Especial de Agricultura Familiar e do Desenvolvimento Agr\u00e1rio o Certificado de Credenciamento de (Ater). Com o documento, a Accomig poder\u00e1 participar de editais e chamadas p\u00fablicas para prestar assist\u00eancia t\u00e9cnica aos agricultores familiares, produtores mineiros de cabras, cordeiros e ovelhas.<\/p>\n<p>No caso da associa\u00e7\u00e3o, a validade do certificado \u00e9 de dois anos. \u201cO certificado atende a uma reinvindica\u00e7\u00e3o antiga dos criadores e da pr\u00f3pria associa\u00e7\u00e3o e vai contribuir para que o agricultor familiar tenha uma orienta\u00e7\u00e3o correta e uma produ\u00e7\u00e3o de qualidade\u201d, disse o diretor-presidente da Accomig, Rivaldo Nunes, durante a entrega oficial do certificado, realizada na quarta-feira (19\/10), em Te\u00f3filo Otoni, no Vale do Mucuri.<\/p>\n<p>Tamb\u00e9m participaram da entrega o coordenador-regional da Accomig, Marcelo Ribeiro, e o representante do Escrit\u00f3rio Regional da Seda em Te\u00f3filo Otoni, Marco Aur\u00e9lio Lucas.<\/p>\n<p>De acordo com Marcelo Ribeiro, a certifica\u00e7\u00e3o tamb\u00e9m abre o caminho para que os produtos da caprinocultura e da ovinocultura sejam comercializados para as escolas p\u00fablicas, via Programa Nacional de Alimenta\u00e7\u00e3o Escolar, que prioriza a compra de produtos da Agricultura Familiar. \u201cS\u00f3 temos a ganhar com esse certificado\u201d, completa.<\/p>\n<p><strong>Siater<\/strong><\/p>\n<p>Segundo o secret\u00e1rio-executivo do Cedraf-MG, Jos\u00e9 Ant\u00f4nio Ribeiro, a Accomig \u00e9 a 26\u00aa institui\u00e7\u00e3o mineira a ser credenciada pelo Sistema Informatizado de Assist\u00eancia T\u00e9cnica e Extens\u00e3o Rural (Siater) do Minist\u00e9rio do Desenvolvimento Agr\u00e1rio (MDA). Qualquer institui\u00e7\u00e3o ou empresa que queira executar servi\u00e7os de Ater em Minas Gerais precisa estar credenciada no sistema. Minas Gerais, ao lado do Paran\u00e1, \u00e9 o estado, considerando as regi\u00f5es Sul e Sudeste, que mais possui institui\u00e7\u00f5es credenciadas. <\/p>\n<p>\u201cAs solicita\u00e7\u00f5es s\u00e3o analisadas pela C\u00e2mara T\u00e9cnica de Pol\u00edticas Agr\u00edcolas do Cedraf-MG. Sendo aprovadas, as solicita\u00e7\u00f5es s\u00e3o encaminhadas para decis\u00e3o final do Plen\u00e1rio do Conselho, presidido pela Secretaria de Estado de Desenvolvimento Agr\u00e1rio (Seda). Ap\u00f3s a conclus\u00e3o do processo, o Minist\u00e9rio gera o certificado\u201d, explica.<\/p>\n<p>Neste ano, o secret\u00e1rio de Estado de Desenvolvimento Agr\u00e1rio, Professor Neivaldo, assinou a Delibera\u00e7\u00e3o 21, publicada no Di\u00e1rio Oficial do Estado em 9 de agosto, que estabelece crit\u00e9rios para an\u00e1lise das solicita\u00e7\u00f5es de credenciamento e renova\u00e7\u00e3o de institui\u00e7\u00f5es executoras de servi\u00e7os de Ater em Minas Gerais.<\/p>\n<p>\u201cO esfor\u00e7o do Governo de Minas Gerais \u00e9 buscar a universaliza\u00e7\u00e3o da assist\u00eancia t\u00e9cnica e extens\u00e3o rural ampliando cada vez mais o acesso gratuito a esta pol\u00edtica p\u00fablica, fundamental para a melhoria da produ\u00e7\u00e3o da agricultura familiar\u201d, afirma Professor Neivaldo. <\/p>\n<p><img decoding=\"async\" src=\"http:\/\/aconteceunovale.com.br\/portal\/wp-content\/uploads\/2016\/10\/DSC06975.jpg\" alt=\"\" \/><em>A validade do certificado da associa\u00e7\u00e3o \u00e9 de dois anos (Divulga\u00e7\u00e3o\/Seda)<\/em><br \/>\n<\/br><\/p>\n<p>(Ag\u00eancia Minas)<\/p>\n","protected":false},"excerpt":{"rendered":"<p>A amplia\u00e7\u00e3o do acesso \u00e0 Assist\u00eancia T\u00e9cnica e Extens\u00e3o Rural (Ater), uma das principais demandas da agricultura familiar durante os F\u00f3runs Regionais, avan\u00e7a no Estado com o apoio do Governo de Minas Gerais. Ap\u00f3s aprova\u00e7\u00e3o no Conselho Estadual de Desenvolvimento Rural Sustent\u00e1vel (Cedraf-MG), a Associa\u00e7\u00e3o dos Criadores de Caprinos e Ovinos de Minas Gerais (Accomig) [&hellip;]<\/p>\n","protected":false},"author":1,"featured_media":99899,"comment_status":"open","ping_status":"closed","sticky":false,"template":"","format":"standard","meta":{"amp_status":"","footnotes":""},"categories":[123,122],"tags":[122083,122078,122080,122076,122077,122082,122081,42352,42351,122087,122088,122079,122075,122084,122085,122086,164],"class_list":["post-99898","post","type-post","status-publish","format-standard","has-post-thumbnail","hentry","category-gerais","category-mucuri","tag-accomig","tag-assistencia-para-criadores-de-cabras-e-ovelhas","tag-assistencia-tecnica-e-extensao-rural","tag-assistencia-tecnica-rural","tag-assistencia-tecnica-rural-para-criadores-de-cabras-e-ovelhas","tag-associacao-dos-criadores-de-caprinos-e-ovinos-de-minas-gerais","tag-ater","tag-cedraf-mg","tag-conselho-estadual-de-desenvolvimento-rural-sustentavel","tag-criacao-de-cabras-em-minas-gerais","tag-criacao-de-ovelhas-em-minas-gerais","tag-criadores-de-cabras-e-ovelhas","tag-criadores-de-cabras-e-ovelhas-terao-acesso-a-assistencia-tecnica-rural","tag-diretor-presidente-da-accomig","tag-rivaldo-nunes","tag-siater","tag-teofilo-otoni"],"_links":{"self":[{"href":"https:\/\/aconteceunovale.com.br\/portal\/index.php?rest_route=\/wp\/v2\/posts\/99898","targetHints":{"allow":["GET"]}}],"collection":[{"href":"https:\/\/aconteceunovale.com.br\/portal\/index.php?rest_route=\/wp\/v2\/posts"}],"about":[{"href":"https:\/\/aconteceunovale.com.br\/portal\/index.php?rest_route=\/wp\/v2\/types\/post"}],"author":[{"embeddable":true,"href":"https:\/\/aconteceunovale.com.br\/portal\/index.php?rest_route=\/wp\/v2\/users\/1"}],"replies":[{"embeddable":true,"href":"https:\/\/aconteceunovale.com.br\/portal\/index.php?rest_route=%2Fwp%2Fv2%2Fcomments&post=99898"}],"version-history":[{"count":0,"href":"https:\/\/aconteceunovale.com.br\/portal\/index.php?rest_route=\/wp\/v2\/posts\/99898\/revisions"}],"wp:featuredmedia":[{"embeddable":true,"href":"https:\/\/aconteceunovale.com.br\/portal\/index.php?rest_route=\/wp\/v2\/media\/99899"}],"wp:attachment":[{"href":"https:\/\/aconteceunovale.com.br\/portal\/index.php?rest_route=%2Fwp%2Fv2%2Fmedia&parent=99898"}],"wp:term":[{"taxonomy":"category","embeddable":true,"href":"https:\/\/aconteceunovale.com.br\/portal\/index.php?rest_route=%2Fwp%2Fv2%2Fcategories&post=99898"},{"taxonomy":"post_tag","embeddable":true,"href":"https:\/\/aconteceunovale.com.br\/portal\/index.php?rest_route=%2Fwp%2Fv2%2Ftags&post=99898"}],"curies":[{"name":"wp","href":"https:\/\/api.w.org\/{rel}","templated":true}]}}