{"id":99871,"date":"2016-10-24T09:55:30","date_gmt":"2016-10-24T12:55:30","guid":{"rendered":"http:\/\/aconteceunovale.com.br\/portal\/?p=99871"},"modified":"2026-09-02T12:37:48","modified_gmt":"2026-09-02T15:37:48","slug":"mae-morre-apos-ser-atingida-por-tiro-durante-briga-entre-irmaos-no-municipio-de-carai","status":"publish","type":"post","link":"https:\/\/aconteceunovale.com.br\/portal\/?p=99871","title":{"rendered":"M\u00e3e morre ap\u00f3s ser atingida por tiro durante briga entre irm\u00e3os no munic\u00edpio de Cara\u00ed"},"content":{"rendered":"<p>Uma idosa de 64 anos foi assassinada na tarde desse domingo, 23 de outubro de 2016, no C\u00f3rrego Vinh\u00e1tico, zona rural de Cara\u00ed, no Vale do Jequitinhonha. Mereciana Conrado dos Santos foi alvejada por um disparo de arma de fogo. O principal suspeito do crime \u00e9 Wanderlei Alves dos Santos, de 38 anos, que \u00e9 filho da v\u00edtima.<\/p>\n<p>De acordo com a Pol\u00edcia Militar (PM), por volta das 16h, militares do Pelot\u00e3o de Padre Para\u00edso foram avisados que a v\u00edtima havia dado entrada no Hospital Municipal Nossa Senhora M\u00e3e da Igreja. Antes de falecer, Mereciana relatou que durante uma briga, Wanderlei apontou uma arma de fogo em dire\u00e7\u00e3o a um irm\u00e3o e ao tentar intervir, foi atingida na perna esquerda, na altura da coxa. <\/p>\n<p>A v\u00edtima foi socorrida com vida, mas n\u00e3o resistiu ao ferimento e veio a \u00f3bito. O m\u00e9dico de plant\u00e3o informou aos militares que Mereciana apresentava perfura\u00e7\u00e3o de entrada e sa\u00edda, atingindo a veia femoral. O corpo foi encaminhado para o Instituto M\u00e9dico Legal (IML) de Te\u00f3filo Otoni.<\/p>\n<p>O suspeito do crime evadiu do local com uma espingarda polveira e ainda n\u00e3o foi localizado. Ainda segundo a PM, uma testemunha relatou que o disparo ocorreu durante uma discuss\u00e3o para que Wanderlei prendesse uma porca. O caso foi entregue ao Delegado Arthur Sim\u00f5es para investiga\u00e7\u00e3o.<\/p>\n<p><img decoding=\"async\" src=\"http:\/\/aconteceunovale.com.br\/portal\/wp-content\/uploads\/2016\/10\/homicidio_carai_1.jpg\" alt=\"\" \/><em>Mereciana Conrado dos Santos tinha 64 anos (Foto: Reprodu\u00e7\u00e3o)<\/em><\/p>\n","protected":false},"excerpt":{"rendered":"<p>Uma idosa de 64 anos foi assassinada na tarde desse domingo, 23 de outubro de 2016, no C\u00f3rrego Vinh\u00e1tico, zona rural de Cara\u00ed, no Vale do Jequitinhonha. Mereciana Conrado dos Santos foi alvejada por um disparo de arma de fogo. O principal suspeito do crime \u00e9 Wanderlei Alves dos Santos, de 38 anos, que \u00e9 [&hellip;]<\/p>\n","protected":false},"author":1,"featured_media":99872,"comment_status":"open","ping_status":"closed","sticky":false,"template":"","format":"standard","meta":{"amp_status":"","footnotes":""},"categories":[272536,120],"tags":[122038,32713,490,63305,122036,32714,122039,122037,122035,122040,35667,122041,122042],"class_list":["post-99871","post","type-post","status-publish","format-standard","has-post-thumbnail","hentry","category-carai","category-jequi","tag-assassinada-em-carai","tag-assassinato-em-carai","tag-carai","tag-corrego-vinhatico","tag-filho-mata-mae-em-carai","tag-homicidio-em-carai","tag-mae-assassinada-em-carai","tag-mae-e-morta-pelo-filho-em-carai","tag-mae-morre-apos-ser-atingida-por-tiro-durante-briga-entre-irmaos-no-municipio-de-carai","tag-mereciana-conrado-dos-santos","tag-morte-em-carai","tag-wanderlei-alves-dos-santos","tag-wanderley-alves-dos-santos"],"yoast_head":"<!-- This site is optimized with the Yoast SEO plugin v28.3 - https:\/\/yoast.com\/product\/yoast-seo-wordpress\/ -->\n<title>M\u00e3e morre ap\u00f3s ser atingida por tiro durante briga entre irm\u00e3os no munic\u00edpio de Cara\u00ed - Aconteceu no Vale<\/title>\n<meta name=\"robots\" content=\"index, follow, max-snippet:-1, max-image-preview:large, max-video-preview:-1\" \/>\n<link rel=\"canonical\" href=\"https:\/\/aconteceunovale.com.br\/portal\/?p=99871\" \/>\n<meta property=\"og:locale\" content=\"pt_BR\" \/>\n<meta property=\"og:type\" content=\"article\" \/>\n<meta property=\"og:title\" content=\"M\u00e3e morre ap\u00f3s ser atingida por tiro durante briga entre irm\u00e3os no munic\u00edpio de Cara\u00ed - Aconteceu no Vale\" \/>\n<meta property=\"og:description\" content=\"Uma idosa de 64 anos foi assassinada na tarde desse domingo, 23 de outubro de 2016, no C\u00f3rrego Vinh\u00e1tico, zona rural de Cara\u00ed, no Vale do Jequitinhonha. Mereciana Conrado dos Santos foi alvejada por um disparo de arma de fogo. O principal suspeito do crime \u00e9 Wanderlei Alves dos Santos, de 38 anos, que \u00e9 [&hellip;]\" \/>\n<meta property=\"og:url\" content=\"https:\/\/aconteceunovale.com.br\/portal\/?p=99871\" \/>\n<meta property=\"og:site_name\" content=\"Aconteceu no Vale\" \/>\n<meta property=\"article:publisher\" content=\"https:\/\/www.facebook.com\/aconteceunovale\/\" \/>\n<meta property=\"article:published_time\" content=\"2016-10-24T12:55:30+00:00\" \/>\n<meta property=\"article:modified_time\" content=\"2026-09-02T15:37:48+00:00\" \/>\n<meta property=\"og:image\" content=\"https:\/\/aconteceunovale.com.br\/portal\/wp-content\/uploads\/2016\/10\/homicidio_carai_1.jpg\" \/>\n\t<meta property=\"og:image:width\" content=\"678\" \/>\n\t<meta property=\"og:image:height\" content=\"415\" \/>\n\t<meta property=\"og:image:type\" content=\"image\/jpeg\" \/>\n<meta name=\"author\" content=\"Aconteceu no Vale\" \/>\n<meta name=\"twitter:card\" content=\"summary_large_image\" \/>\n<meta name=\"twitter:creator\" content=\"@noticiadosvales\" \/>\n<meta name=\"twitter:site\" content=\"@noticiadosvales\" \/>\n<meta name=\"twitter:label1\" content=\"Escrito por\" \/>\n\t<meta name=\"twitter:data1\" content=\"Aconteceu no Vale\" \/>\n\t<meta name=\"twitter:label2\" content=\"Est. tempo de leitura\" \/>\n\t<meta name=\"twitter:data2\" content=\"1 minuto\" \/>\n<script type=\"application\/ld+json\" class=\"yoast-schema-graph\">{\"@context\":\"https:\\\/\\\/schema.org\",\"@graph\":[{\"@type\":\"Article\",\"@id\":\"https:\\\/\\\/aconteceunovale.com.br\\\/portal\\\/?p=99871#article\",\"isPartOf\":{\"@id\":\"https:\\\/\\\/aconteceunovale.com.br\\\/portal\\\/?p=99871\"},\"author\":{\"name\":\"Aconteceu no Vale\",\"@id\":\"https:\\\/\\\/aconteceunovale.com.br\\\/portal\\\/#\\\/schema\\\/person\\\/633529146f2c94272bef50ac2953d589\"},\"headline\":\"M\u00e3e morre ap\u00f3s ser atingida por tiro durante briga entre irm\u00e3os no munic\u00edpio de Cara\u00ed\",\"datePublished\":\"2016-10-24T12:55:30+00:00\",\"dateModified\":\"2026-09-02T15:37:48+00:00\",\"mainEntityOfPage\":{\"@id\":\"https:\\\/\\\/aconteceunovale.com.br\\\/portal\\\/?p=99871\"},\"wordCount\":261,\"commentCount\":0,\"image\":{\"@id\":\"https:\\\/\\\/aconteceunovale.com.br\\\/portal\\\/?p=99871#primaryimage\"},\"thumbnailUrl\":\"https:\\\/\\\/aconteceunovale.com.br\\\/portal\\\/wp-content\\\/uploads\\\/2016\\\/10\\\/homicidio_carai_1.jpg\",\"keywords\":[\"Assassinada em Cara\u00ed\",\"assassinato em cara\u00ed\",\"Cara\u00ed\",\"C\u00f3rrego Vinh\u00e1tico\",\"Filho mata m\u00e3e em Cara\u00ed\",\"homic\u00eddio em cara\u00ed\",\"M\u00e3e assassinada em Cara\u00ed\",\"M\u00e3e \u00e9 morta pelo filho em Cara\u00ed\",\"M\u00e3e morre ap\u00f3s ser atingida por tiro durante briga entre irm\u00e3os no munic\u00edpio de Cara\u00ed\",\"Mereciana Conrado dos Santos\",\"morte em Cara\u00ed\",\"Wanderlei Alves dos Santos\",\"Wanderley Alves dos Santos\"],\"articleSection\":[\"Cara\u00ed\",\"Vale do Jequitinhonha\"],\"inLanguage\":\"pt-BR\",\"potentialAction\":[{\"@type\":\"CommentAction\",\"name\":\"Comment\",\"target\":[\"https:\\\/\\\/aconteceunovale.com.br\\\/portal\\\/?p=99871#respond\"]}]},{\"@type\":\"WebPage\",\"@id\":\"https:\\\/\\\/aconteceunovale.com.br\\\/portal\\\/?p=99871\",\"url\":\"https:\\\/\\\/aconteceunovale.com.br\\\/portal\\\/?p=99871\",\"name\":\"M\u00e3e morre ap\u00f3s ser atingida por tiro durante briga entre irm\u00e3os no munic\u00edpio de Cara\u00ed - Aconteceu no Vale\",\"isPartOf\":{\"@id\":\"https:\\\/\\\/aconteceunovale.com.br\\\/portal\\\/#website\"},\"primaryImageOfPage\":{\"@id\":\"https:\\\/\\\/aconteceunovale.com.br\\\/portal\\\/?p=99871#primaryimage\"},\"image\":{\"@id\":\"https:\\\/\\\/aconteceunovale.com.br\\\/portal\\\/?p=99871#primaryimage\"},\"thumbnailUrl\":\"https:\\\/\\\/aconteceunovale.com.br\\\/portal\\\/wp-content\\\/uploads\\\/2016\\\/10\\\/homicidio_carai_1.jpg\",\"datePublished\":\"2016-10-24T12:55:30+00:00\",\"dateModified\":\"2026-09-02T15:37:48+00:00\",\"author\":{\"@id\":\"https:\\\/\\\/aconteceunovale.com.br\\\/portal\\\/#\\\/schema\\\/person\\\/633529146f2c94272bef50ac2953d589\"},\"breadcrumb\":{\"@id\":\"https:\\\/\\\/aconteceunovale.com.br\\\/portal\\\/?p=99871#breadcrumb\"},\"inLanguage\":\"pt-BR\",\"potentialAction\":[{\"@type\":\"ReadAction\",\"target\":[\"https:\\\/\\\/aconteceunovale.com.br\\\/portal\\\/?p=99871\"]}]},{\"@type\":\"ImageObject\",\"inLanguage\":\"pt-BR\",\"@id\":\"https:\\\/\\\/aconteceunovale.com.br\\\/portal\\\/?p=99871#primaryimage\",\"url\":\"https:\\\/\\\/aconteceunovale.com.br\\\/portal\\\/wp-content\\\/uploads\\\/2016\\\/10\\\/homicidio_carai_1.jpg\",\"contentUrl\":\"https:\\\/\\\/aconteceunovale.com.br\\\/portal\\\/wp-content\\\/uploads\\\/2016\\\/10\\\/homicidio_carai_1.jpg\",\"width\":678,\"height\":415},{\"@type\":\"BreadcrumbList\",\"@id\":\"https:\\\/\\\/aconteceunovale.com.br\\\/portal\\\/?p=99871#breadcrumb\",\"itemListElement\":[{\"@type\":\"ListItem\",\"position\":1,\"name\":\"In\u00edcio\",\"item\":\"https:\\\/\\\/aconteceunovale.com.br\\\/portal\\\/\"},{\"@type\":\"ListItem\",\"position\":2,\"name\":\"M\u00e3e morre ap\u00f3s ser atingida por tiro durante briga entre irm\u00e3os no munic\u00edpio de Cara\u00ed\"}]},{\"@type\":\"WebSite\",\"@id\":\"https:\\\/\\\/aconteceunovale.com.br\\\/portal\\\/#website\",\"url\":\"https:\\\/\\\/aconteceunovale.com.br\\\/portal\\\/\",\"name\":\"Aconteceu no Vale\",\"description\":\"Portal de Not\u00edcias\",\"potentialAction\":[{\"@type\":\"SearchAction\",\"target\":{\"@type\":\"EntryPoint\",\"urlTemplate\":\"https:\\\/\\\/aconteceunovale.com.br\\\/portal\\\/?s={search_term_string}\"},\"query-input\":{\"@type\":\"PropertyValueSpecification\",\"valueRequired\":true,\"valueName\":\"search_term_string\"}}],\"inLanguage\":\"pt-BR\"},{\"@type\":\"Person\",\"@id\":\"https:\\\/\\\/aconteceunovale.com.br\\\/portal\\\/#\\\/schema\\\/person\\\/633529146f2c94272bef50ac2953d589\",\"name\":\"Aconteceu no Vale\",\"description\":\"Equipe de reportagem do Aconteceu no Vale, portal de not\u00edcias do Vale do Jequitinhonha, em Minas Gerais. Cobrimos as 51 cidades do Vale desde 2013. Sugest\u00f5es de pauta e pedidos de corre\u00e7\u00e3o: contato@aconteceunovale.com.br\",\"sameAs\":[\"http:\\\/\\\/www.aconteceunovale.com.br\"],\"url\":\"https:\\\/\\\/aconteceunovale.com.br\\\/portal\\\/?author=1\"}]}<\/script>\n<!-- \/ Yoast SEO plugin. -->","yoast_head_json":{"title":"M\u00e3e morre ap\u00f3s ser atingida por tiro durante briga entre irm\u00e3os no munic\u00edpio de Cara\u00ed - Aconteceu no Vale","robots":{"index":"index","follow":"follow","max-snippet":"max-snippet:-1","max-image-preview":"max-image-preview:large","max-video-preview":"max-video-preview:-1"},"canonical":"https:\/\/aconteceunovale.com.br\/portal\/?p=99871","og_locale":"pt_BR","og_type":"article","og_title":"M\u00e3e morre ap\u00f3s ser atingida por tiro durante briga entre irm\u00e3os no munic\u00edpio de Cara\u00ed - Aconteceu no Vale","og_description":"Uma idosa de 64 anos foi assassinada na tarde desse domingo, 23 de outubro de 2016, no C\u00f3rrego Vinh\u00e1tico, zona rural de Cara\u00ed, no Vale do Jequitinhonha. Mereciana Conrado dos Santos foi alvejada por um disparo de arma de fogo. O principal suspeito do crime \u00e9 Wanderlei Alves dos Santos, de 38 anos, que \u00e9 [&hellip;]","og_url":"https:\/\/aconteceunovale.com.br\/portal\/?p=99871","og_site_name":"Aconteceu no Vale","article_publisher":"https:\/\/www.facebook.com\/aconteceunovale\/","article_published_time":"2016-10-24T12:55:30+00:00","article_modified_time":"2026-09-02T15:37:48+00:00","og_image":[{"width":678,"height":415,"url":"https:\/\/aconteceunovale.com.br\/portal\/wp-content\/uploads\/2016\/10\/homicidio_carai_1.jpg","type":"image\/jpeg"}],"author":"Aconteceu no Vale","twitter_card":"summary_large_image","twitter_creator":"@noticiadosvales","twitter_site":"@noticiadosvales","twitter_misc":{"Escrito por":"Aconteceu no Vale","Est. tempo de leitura":"1 minuto"},"schema":{"@context":"https:\/\/schema.org","@graph":[{"@type":"Article","@id":"https:\/\/aconteceunovale.com.br\/portal\/?p=99871#article","isPartOf":{"@id":"https:\/\/aconteceunovale.com.br\/portal\/?p=99871"},"author":{"name":"Aconteceu no Vale","@id":"https:\/\/aconteceunovale.com.br\/portal\/#\/schema\/person\/633529146f2c94272bef50ac2953d589"},"headline":"M\u00e3e morre ap\u00f3s ser atingida por tiro durante briga entre irm\u00e3os no munic\u00edpio de Cara\u00ed","datePublished":"2016-10-24T12:55:30+00:00","dateModified":"2026-09-02T15:37:48+00:00","mainEntityOfPage":{"@id":"https:\/\/aconteceunovale.com.br\/portal\/?p=99871"},"wordCount":261,"commentCount":0,"image":{"@id":"https:\/\/aconteceunovale.com.br\/portal\/?p=99871#primaryimage"},"thumbnailUrl":"https:\/\/aconteceunovale.com.br\/portal\/wp-content\/uploads\/2016\/10\/homicidio_carai_1.jpg","keywords":["Assassinada em Cara\u00ed","assassinato em cara\u00ed","Cara\u00ed","C\u00f3rrego Vinh\u00e1tico","Filho mata m\u00e3e em Cara\u00ed","homic\u00eddio em cara\u00ed","M\u00e3e assassinada em Cara\u00ed","M\u00e3e \u00e9 morta pelo filho em Cara\u00ed","M\u00e3e morre ap\u00f3s ser atingida por tiro durante briga entre irm\u00e3os no munic\u00edpio de Cara\u00ed","Mereciana Conrado dos Santos","morte em Cara\u00ed","Wanderlei Alves dos Santos","Wanderley Alves dos Santos"],"articleSection":["Cara\u00ed","Vale do Jequitinhonha"],"inLanguage":"pt-BR","potentialAction":[{"@type":"CommentAction","name":"Comment","target":["https:\/\/aconteceunovale.com.br\/portal\/?p=99871#respond"]}]},{"@type":"WebPage","@id":"https:\/\/aconteceunovale.com.br\/portal\/?p=99871","url":"https:\/\/aconteceunovale.com.br\/portal\/?p=99871","name":"M\u00e3e morre ap\u00f3s ser atingida por tiro durante briga entre irm\u00e3os no munic\u00edpio de Cara\u00ed - Aconteceu no Vale","isPartOf":{"@id":"https:\/\/aconteceunovale.com.br\/portal\/#website"},"primaryImageOfPage":{"@id":"https:\/\/aconteceunovale.com.br\/portal\/?p=99871#primaryimage"},"image":{"@id":"https:\/\/aconteceunovale.com.br\/portal\/?p=99871#primaryimage"},"thumbnailUrl":"https:\/\/aconteceunovale.com.br\/portal\/wp-content\/uploads\/2016\/10\/homicidio_carai_1.jpg","datePublished":"2016-10-24T12:55:30+00:00","dateModified":"2026-09-02T15:37:48+00:00","author":{"@id":"https:\/\/aconteceunovale.com.br\/portal\/#\/schema\/person\/633529146f2c94272bef50ac2953d589"},"breadcrumb":{"@id":"https:\/\/aconteceunovale.com.br\/portal\/?p=99871#breadcrumb"},"inLanguage":"pt-BR","potentialAction":[{"@type":"ReadAction","target":["https:\/\/aconteceunovale.com.br\/portal\/?p=99871"]}]},{"@type":"ImageObject","inLanguage":"pt-BR","@id":"https:\/\/aconteceunovale.com.br\/portal\/?p=99871#primaryimage","url":"https:\/\/aconteceunovale.com.br\/portal\/wp-content\/uploads\/2016\/10\/homicidio_carai_1.jpg","contentUrl":"https:\/\/aconteceunovale.com.br\/portal\/wp-content\/uploads\/2016\/10\/homicidio_carai_1.jpg","width":678,"height":415},{"@type":"BreadcrumbList","@id":"https:\/\/aconteceunovale.com.br\/portal\/?p=99871#breadcrumb","itemListElement":[{"@type":"ListItem","position":1,"name":"In\u00edcio","item":"https:\/\/aconteceunovale.com.br\/portal\/"},{"@type":"ListItem","position":2,"name":"M\u00e3e morre ap\u00f3s ser atingida por tiro durante briga entre irm\u00e3os no munic\u00edpio de Cara\u00ed"}]},{"@type":"WebSite","@id":"https:\/\/aconteceunovale.com.br\/portal\/#website","url":"https:\/\/aconteceunovale.com.br\/portal\/","name":"Aconteceu no Vale","description":"Portal de Not\u00edcias","potentialAction":[{"@type":"SearchAction","target":{"@type":"EntryPoint","urlTemplate":"https:\/\/aconteceunovale.com.br\/portal\/?s={search_term_string}"},"query-input":{"@type":"PropertyValueSpecification","valueRequired":true,"valueName":"search_term_string"}}],"inLanguage":"pt-BR"},{"@type":"Person","@id":"https:\/\/aconteceunovale.com.br\/portal\/#\/schema\/person\/633529146f2c94272bef50ac2953d589","name":"Aconteceu no Vale","description":"Equipe de reportagem do Aconteceu no Vale, portal de not\u00edcias do Vale do Jequitinhonha, em Minas Gerais. Cobrimos as 51 cidades do Vale desde 2013. Sugest\u00f5es de pauta e pedidos de corre\u00e7\u00e3o: contato@aconteceunovale.com.br","sameAs":["http:\/\/www.aconteceunovale.com.br"],"url":"https:\/\/aconteceunovale.com.br\/portal\/?author=1"}]}},"_links":{"self":[{"href":"https:\/\/aconteceunovale.com.br\/portal\/index.php?rest_route=\/wp\/v2\/posts\/99871","targetHints":{"allow":["GET"]}}],"collection":[{"href":"https:\/\/aconteceunovale.com.br\/portal\/index.php?rest_route=\/wp\/v2\/posts"}],"about":[{"href":"https:\/\/aconteceunovale.com.br\/portal\/index.php?rest_route=\/wp\/v2\/types\/post"}],"author":[{"embeddable":true,"href":"https:\/\/aconteceunovale.com.br\/portal\/index.php?rest_route=\/wp\/v2\/users\/1"}],"replies":[{"embeddable":true,"href":"https:\/\/aconteceunovale.com.br\/portal\/index.php?rest_route=%2Fwp%2Fv2%2Fcomments&post=99871"}],"version-history":[{"count":1,"href":"https:\/\/aconteceunovale.com.br\/portal\/index.php?rest_route=\/wp\/v2\/posts\/99871\/revisions"}],"predecessor-version":[{"id":200065,"href":"https:\/\/aconteceunovale.com.br\/portal\/index.php?rest_route=\/wp\/v2\/posts\/99871\/revisions\/200065"}],"wp:featuredmedia":[{"embeddable":true,"href":"https:\/\/aconteceunovale.com.br\/portal\/index.php?rest_route=\/wp\/v2\/media\/99872"}],"wp:attachment":[{"href":"https:\/\/aconteceunovale.com.br\/portal\/index.php?rest_route=%2Fwp%2Fv2%2Fmedia&parent=99871"}],"wp:term":[{"taxonomy":"category","embeddable":true,"href":"https:\/\/aconteceunovale.com.br\/portal\/index.php?rest_route=%2Fwp%2Fv2%2Fcategories&post=99871"},{"taxonomy":"post_tag","embeddable":true,"href":"https:\/\/aconteceunovale.com.br\/portal\/index.php?rest_route=%2Fwp%2Fv2%2Ftags&post=99871"}],"curies":[{"name":"wp","href":"https:\/\/api.w.org\/{rel}","templated":true}]}}