{"id":99865,"date":"2016-10-24T09:18:52","date_gmt":"2016-10-24T12:18:52","guid":{"rendered":"http:\/\/aconteceunovale.com.br\/portal\/?p=99865"},"modified":"2016-10-24T09:18:52","modified_gmt":"2016-10-24T12:18:52","slug":"dede-santana-e-felipe-cunha-apresentam-a-peca-a-ultima-vida-de-um-gato-em-aracuai","status":"publish","type":"post","link":"https:\/\/aconteceunovale.com.br\/portal\/?p=99865","title":{"rendered":"Ded\u00e9 Santana e Felipe Cunha apresentam a pe\u00e7a &#8220;A \u00faltima vida de um gato&#8221; em Ara\u00e7ua\u00ed"},"content":{"rendered":"<p>No dia 25 de novembro, \u00e0s 20h30, o veterano Ded\u00e9 Santana e o ator Felipe Cunha v\u00e3o apresentar no Centro Cultura Luz da Lua em Ara\u00e7ua\u00ed, a pe\u00e7a \u201cA \u00daltima Vida de Um Gato\u201d. O espet\u00e1culo \u00e9 uma com\u00e9dia suave que aborda temas bem atuais como a solid\u00e3o, a terceira idade e amizade verdadeira.<\/p>\n<p>\u201cA \u00daltima Vida de Um Gato\u201d traz a hist\u00f3ria de um homem aposentado, doutor Santiago (Ded\u00e9), que parece ter desistido de tudo. At\u00e9 que um dia seu vizinho, de mesmo nome, Santiago (Felipe Cunha), bate \u00e0 sua porta. Pouco a pouco, os dois homens, de estilos de vida radicalmente diferentes, passam a se conhecer. Surgem, ent\u00e3o, as confiss\u00f5es, as intimidades reveladas, os segredos, as perdas, as saudades e os sonhos de felicidade de cada um dos dois homens solit\u00e1rios que descobrem que podem, apesar de tudo, contar um com outro.<\/p>\n<p>A pe\u00e7a estreou no come\u00e7o do ano, passando por diversas cidades brasileiras, mas a turn\u00ea foi interrompida devido a outros compromissos profissionais de Ded\u00e9.<\/p>\n<p><img decoding=\"async\" src=\"http:\/\/aconteceunovale.com.br\/portal\/wp-content\/uploads\/2016\/10\/dede_felipe_1.jpg\" alt=\"\" \/><em>Ded\u00e9 Santana e Felipe Cunha (Foto: Divulga\u00e7\u00e3o)<\/em><br \/>\n<\/br><\/p>\n<p><strong>Felipe Cunha<\/strong><\/p>\n<p>H\u00e1 tr\u00eas anos atr\u00e1s, Felipe Cunha conciliava uma carreira militar de cabo do Ex\u00e9rcito com alguns trabalhos como ator \u2013 principalmente em publicidade \u2013 em Belo Horizonte, distante quase 700 km da terra natal dele, a pequena Ara\u00e7ua\u00ed, no Vale do Jequitinhonha. \u201cNunca sofri preconceito da institui\u00e7\u00e3o por dividir a carreira militar de seis anos com a arte de representar, embora fosse algo bem inusitado para eles\u201d, explicou o ator, de 29 anos.<\/p>\n<p>Depois de nove pe\u00e7as, tr\u00eas curtas e um filme longa metragem, ele abandonou a carreira militar e se mudou, no fim de 2013 para o Rio de Janeiro, a Hollywood brasileira.<\/p>\n<p>Logo de cara, Felipe protagonizou a pe\u00e7a \u201cFeliz por Nada\u201d ao lado de Cristiana Oliveira. Mas foi no curso de interpreta\u00e7\u00e3o para a TV ArtFiore, do ator e diretor Ismael Fiorentin, que o ator conheceu a produtora de elenco da Record M\u00f4nica Teixeira, que o convidou para viver o m\u00e9dico Erick \u2013 que cuidou do Mal de Alzheimer vivido pela personagem Zuzu (Lucinha Lins) \u2013 na novela \u201cVit\u00f3ria\u201d. O que seria s\u00f3 uma participa\u00e7\u00e3o virou um papel de destaque, ganhando ainda mais for\u00e7a  na reta final da trama, a pedido da autora, Cristianne Fridman. \u201cFiquei muito feliz com os \u00faltimos cap\u00edtulos\u201d, destacou o ator<\/p>\n<p>Antes da novela, Felipe estrelou ainda um epis\u00f3dio da s\u00e9rie \u201cMilagres de Jesus\u201d, que foi exibido pela Rede Record. Em 2014 ele  viajou  pelo Brasil com o espet\u00e1culo \u201cAs Sereias da Zona Sul\u201d, uma com\u00e9dia de Miguel Falabella com dire\u00e7\u00e3o de Jacqueline Laurence e ao lado de Sidney Sampaio.<\/p>\n<p>Em 2012, aos 25 anos, foi eleito Mister Rodeio Brasil . O concurso foi realizado no munic\u00edpio de S\u00e3o Jos\u00e9 do Rio Preto (SP) com 23 rapazes disputando o t\u00edtulo de o \u201chomem mais belo dos rodeios brasileiros.&#8221;<\/p>\n<p><strong>Ded\u00e9 Santana<\/strong><\/p>\n<p>Ded\u00e9, que come\u00e7ou a vida art\u00edstica aos tr\u00eas meses, no colo da m\u00e3e, enquanto ela se apresentava no picadeiro, completou 80 anos. Ainda sente frio na barriga nas estreias, mas n\u00e3o teme desafios.<\/p>\n<p>\u201cN\u00e3o vou negar: fiquei com muito medo de estar nos palcos novamente, porque fiz teatro s\u00f3 no come\u00e7o da carreira. Era uma coisa bem diferente de hoje, era teatro de revista. O ator Felipe Cunha, mineiro de Ara\u00e7ua\u00ed, que tamb\u00e9m est\u00e1 no elenco, me convidou e me mostrou o texto do Alexandre Ribondi. Quando comecei a ler, j\u00e1 decidi que iria fazer\u201d, conta Ded\u00e9 Santana.<\/p>\n<p><strong>Servi\u00e7o<\/strong><\/p>\n<p>Pe\u00e7a: \u201cA \u00daltima Vida de Um Gato\u201d<br \/>\nData: 25 de novembro de 2016<br \/>\nLocal: Centro Cultural Luz da Lua \u2013 Ara\u00e7ua\u00ed<br \/>\nHora: 20h30<br \/>\nIngressos: bilheteria do teatro e pelos telefones (33) 9 9911-7611 ou 9 9942-8514<br \/>\nPre\u00e7o:<br \/>\n&#8211; Os 50 primeiros ingressos do primeiro lote, ser\u00e3o vendidos a R$ 20 reais (antecipado)<br \/>\n&#8211; No segundo lote ser\u00e3o 100 ingressos a R$ 25 reais (antecipado )<br \/>\n&#8211; O  \u00faltimo lote ser\u00e1 de 150 ingressos, a R$ 30 reais meia e R$ 60 reais inteira(antecipado)<\/p>\n","protected":false},"excerpt":{"rendered":"<p>No dia 25 de novembro, \u00e0s 20h30, o veterano Ded\u00e9 Santana e o ator Felipe Cunha v\u00e3o apresentar no Centro Cultura Luz da Lua em Ara\u00e7ua\u00ed, a pe\u00e7a \u201cA \u00daltima Vida de Um Gato\u201d. O espet\u00e1culo \u00e9 uma com\u00e9dia suave que aborda temas bem atuais como a solid\u00e3o, a terceira idade e amizade verdadeira. \u201cA [&hellip;]<\/p>\n","protected":false},"author":1,"featured_media":99866,"comment_status":"open","ping_status":"closed","sticky":false,"template":"","format":"standard","meta":{"amp_status":"","footnotes":""},"categories":[125,120],"tags":[122022,122024,186,122020,122017,122018,122019,1018,122021,122023],"class_list":["post-99865","post","type-post","status-publish","format-standard","has-post-thumbnail","hentry","category-noticias","category-jequi","tag-a-ultima-vida-de-um-gato","tag-a-ultima-vida-de-um-gato-com-dede-santana","tag-aracuai","tag-dede-santana","tag-dede-santana-e-felipe-cunha-apresentam-a-peca-a-ultima-vida-de-um-gato-em-aracuai","tag-dede-santana-e-felipe-cunha-em-aracuai","tag-dede-santana-em-aracuai","tag-destaque","tag-felipe-cunha","tag-peca-teatral-a-ultima-vida-de-um-gato"],"_links":{"self":[{"href":"https:\/\/aconteceunovale.com.br\/portal\/index.php?rest_route=\/wp\/v2\/posts\/99865","targetHints":{"allow":["GET"]}}],"collection":[{"href":"https:\/\/aconteceunovale.com.br\/portal\/index.php?rest_route=\/wp\/v2\/posts"}],"about":[{"href":"https:\/\/aconteceunovale.com.br\/portal\/index.php?rest_route=\/wp\/v2\/types\/post"}],"author":[{"embeddable":true,"href":"https:\/\/aconteceunovale.com.br\/portal\/index.php?rest_route=\/wp\/v2\/users\/1"}],"replies":[{"embeddable":true,"href":"https:\/\/aconteceunovale.com.br\/portal\/index.php?rest_route=%2Fwp%2Fv2%2Fcomments&post=99865"}],"version-history":[{"count":0,"href":"https:\/\/aconteceunovale.com.br\/portal\/index.php?rest_route=\/wp\/v2\/posts\/99865\/revisions"}],"wp:featuredmedia":[{"embeddable":true,"href":"https:\/\/aconteceunovale.com.br\/portal\/index.php?rest_route=\/wp\/v2\/media\/99866"}],"wp:attachment":[{"href":"https:\/\/aconteceunovale.com.br\/portal\/index.php?rest_route=%2Fwp%2Fv2%2Fmedia&parent=99865"}],"wp:term":[{"taxonomy":"category","embeddable":true,"href":"https:\/\/aconteceunovale.com.br\/portal\/index.php?rest_route=%2Fwp%2Fv2%2Fcategories&post=99865"},{"taxonomy":"post_tag","embeddable":true,"href":"https:\/\/aconteceunovale.com.br\/portal\/index.php?rest_route=%2Fwp%2Fv2%2Ftags&post=99865"}],"curies":[{"name":"wp","href":"https:\/\/api.w.org\/{rel}","templated":true}]}}