{"id":99861,"date":"2016-10-24T08:50:49","date_gmt":"2016-10-24T11:50:49","guid":{"rendered":"http:\/\/aconteceunovale.com.br\/portal\/?p=99861"},"modified":"2016-10-24T08:50:49","modified_gmt":"2016-10-24T11:50:49","slug":"seis-pessoas-morrem-em-acidente-entre-carreta-e-onibus-que-seguia-para-belo-horizonte-2","status":"publish","type":"post","link":"https:\/\/aconteceunovale.com.br\/portal\/?p=99861","title":{"rendered":"Seis pessoas morrem em acidente entre carreta e \u00f4nibus que seguia para Belo Horizonte"},"content":{"rendered":"<p>Seis pessoas morreram e v\u00e1rias ficaram feridas em um grave acidente no fim da noite de domingo (23\/10\/2016) na BR-040, entre Juiz de Fora e Ewbank da C\u00e2mara, na Zona da Mata Mineira. A maioria das v\u00edtimas estava em um \u00f4nibus que vinha do Rio de Janeiro em dire\u00e7\u00e3o a Belo Horizonte e foi atingido por uma carreta. <\/p>\n<p>O acidente ocorreu por volta das 22h30 no km 764, quase no munic\u00edpio de Ewbank da C\u00e2mara. Segundo o tenente Carlos Henrique Francisco Ferreira, do Corpo de Bombeiros de Juiz de Fora, o \u00f4nibus tem placa de Belo Horizonte e levava 46 passageiros que voltavam de uma excurs\u00e3o \u00e0 praia de Copacabana. O ve\u00edculo pertence \u00e0 empresa JRV Loca\u00e7\u00e3o Turismo. A carreta \u00e9 de Goi\u00e2nia (GO) e transportava biscoitos. <\/p>\n<p><img decoding=\"async\" src=\"http:\/\/aconteceunovale.com.br\/portal\/wp-content\/uploads\/2016\/10\/acidente_040_ewbank_1.jpg\" alt=\"\" \/><em>Acidente aconteceu no km 764 da BR-040 (Foto: Divulga\u00e7\u00e3o\/Corpo de Bombeiros)<\/em><br \/>\n<\/br><\/p>\n<p>\u201cA carreta saiu de uma curva, tombou na pista, invadiu a contram\u00e3o e deslizou contra o \u00f4nibus. O ba\u00fa da carreta entrou na frente do \u00f4nibus\u201d, explica o militar, que comandou a opera\u00e7\u00e3o de resgate \u00e0s v\u00edtimas. De acordo com o tenente Ferreira, morreram no local o condutor do ve\u00edculo de carga, identificado como Nilton Braz Diniz de Morais, de 47 anos, o motorista do \u00f4nibus, Jo\u00e3o Batista Monteiro da Fonseca, 50 anos, os passageiros Patrick Maikel da Cruz Souza, 19, Francis Campos Assis, 29 anos, e outras duas mulheres que n\u00e3o foram identificadas, pois at\u00e9 o in\u00edcio da manh\u00e3 os documentos n\u00e3o haviam sido localizados. Os corpos foram levados para o Instituto M\u00e9dico Legal (IML) de Juiz de Fora. <\/p>\n<p>Os trabalhos mobilizaram bombeiros de Juiz de Fora e Santos Dumont, equipes de socorro da concession\u00e1ria Via 040 e das empresas Arcelormittal e Mercedes-Benz. Segundo o tenente do Corpo de Bombeiros, o n\u00famero de feridos ainda n\u00e3o foi contabilizado e algumas pessoas foram socorridas em estado grave. \u201cForam levadas para diversos hospitais e Unidades de Pronto-Atendimento de Juiz de Fora. Estamos tentando contabilizar as v\u00edtimas; durante o transporte foram feitas algumas altera\u00e7\u00f5es\u201d, esclarece. <\/p>\n<p>A Pol\u00edcia Rodovi\u00e1ria Federal (PRF) informou que os dois sentidos foram fechados. Segundo os bombeiros, a Via 040 providenciou um reboque para remover os ve\u00edculos e equipes trabalhavam na limpeza da pista. \u00c0s 8h05, a PRF comunicou a libera\u00e7\u00e3o da pista. As causas do acidente ser\u00e3o investigadas.<\/p>\n<p><img decoding=\"async\" src=\"http:\/\/aconteceunovale.com.br\/portal\/wp-content\/uploads\/2016\/10\/acidente_040_ewbank_1.jpeg\" alt=\"\" \/><em>Acidente aconteceu no km 764 da BR-040 (Foto: Divulga\u00e7\u00e3o\/Corpo de Bombeiros)<\/em><br \/>\n<\/br><\/p>\n<p><img decoding=\"async\" src=\"http:\/\/aconteceunovale.com.br\/portal\/wp-content\/uploads\/2016\/10\/acidente_040_ewbank_2.jpeg\" alt=\"\" \/><em>Acidente aconteceu no km 764 da BR-040 (Foto: Divulga\u00e7\u00e3o\/Corpo de Bombeiros)<\/em><br \/>\n<\/br><\/p>\n<p><img decoding=\"async\" src=\"http:\/\/aconteceunovale.com.br\/portal\/wp-content\/uploads\/2016\/10\/acidente_040_ewbank_3.jpeg\" alt=\"\" \/><em>Acidente aconteceu no km 764 da BR-040 (Foto: Divulga\u00e7\u00e3o\/Corpo de Bombeiros)<\/em><br \/>\n<\/br><\/p>\n<p><em>(Fonte: Estado de Minas \/ Reportagem: Cristiane Silva)<\/em><\/p>\n","protected":false},"excerpt":{"rendered":"<p>Seis pessoas morreram e v\u00e1rias ficaram feridas em um grave acidente no fim da noite de domingo (23\/10\/2016) na BR-040, entre Juiz de Fora e Ewbank da C\u00e2mara, na Zona da Mata Mineira. A maioria das v\u00edtimas estava em um \u00f4nibus que vinha do Rio de Janeiro em dire\u00e7\u00e3o a Belo Horizonte e foi atingido [&hellip;]<\/p>\n","protected":false},"author":1,"featured_media":99856,"comment_status":"open","ping_status":"closed","sticky":false,"template":"","format":"standard","meta":{"amp_status":"","footnotes":""},"categories":[123],"tags":[121995,121994,121992,121987,122004,122003,122002,121988,121986,122007,122001,121983,121980,121981,121993,27494,121982,121985,121984,194,14990,121989,122005,122006,121990,1018,30970,121999,4609,121997,121991,206,121996,121998,122008,122000,45714],"class_list":["post-99861","post","type-post","status-publish","format-standard","has-post-thumbnail","hentry","category-gerais","tag-acidente-com-carreta-de-biscoitos-de-goiania","tag-acidente-com-carreta-de-goiania","tag-acidente-com-onibus-da-jrv-locacao-turismo","tag-acidente-com-onibus-de-belo-horizonte","tag-acidente-com-onibus-de-turismo","tag-acidente-com-onibus-de-turismo-de-belo-horizonte","tag-acidente-com-onibus-de-turismo-na-br-040","tag-acidente-com-onibus-de-turistas-de-belo-horizonte","tag-acidente-com-onibus-que-seguia-do-rio-de-janeiro-para-belo-horizonte","tag-acidente-com-onibus-que-seguia-do-rio-de-janeiro-para-belo-horizonte-deixa-seis-mortos-na-br-040","tag-acidente-com-turistas-que-retornavam-de-copacabana","tag-acidente-em-ewbank-da-camara","tag-acidente-entre-carreta-e-onibus-na-br-040","tag-acidente-entre-juiz-de-fora-e-ewbank-da-camara","tag-acidente-jrv-locacao-turismo","tag-acidente-na-br-040","tag-acidente-na-br-040-entre-juiz-de-fora-e-ewbank-da-camara","tag-acidente-perto-de-ewbank-da-camara","tag-acidente-proximo-a-ewbank-da-camara","tag-belo-horizonte","tag-br-040","tag-carlos-henrique-francisco-ferreira","tag-colisao-entre-carreta-e-onibus-deixa-seis-mortos-na-br-040","tag-colisao-entre-carreta-e-onibus-que-seguia-para-belo-horizonte-deixa-seis-mortos-na-br-040","tag-corpo-de-bombeiros-de-juiz-de-fora","tag-destaque","tag-ewbank-da-camara","tag-francis-campos-assis","tag-goiania","tag-joao-batista-monteiro-da-fonseca","tag-jrv-locacao-turismo","tag-juiz-de-fora","tag-nilton-braz-diniz-de-morais","tag-patrick-maikel-da-cruz-souza","tag-seis-pessoas-morrem-em-acidente-entre-carreta-e-onibus-que-seguia-para-belo-horizonte","tag-tragedia-entre-onibus-e-carreta-na-br-040","tag-tragedia-na-br-040"],"_links":{"self":[{"href":"https:\/\/aconteceunovale.com.br\/portal\/index.php?rest_route=\/wp\/v2\/posts\/99861","targetHints":{"allow":["GET"]}}],"collection":[{"href":"https:\/\/aconteceunovale.com.br\/portal\/index.php?rest_route=\/wp\/v2\/posts"}],"about":[{"href":"https:\/\/aconteceunovale.com.br\/portal\/index.php?rest_route=\/wp\/v2\/types\/post"}],"author":[{"embeddable":true,"href":"https:\/\/aconteceunovale.com.br\/portal\/index.php?rest_route=\/wp\/v2\/users\/1"}],"replies":[{"embeddable":true,"href":"https:\/\/aconteceunovale.com.br\/portal\/index.php?rest_route=%2Fwp%2Fv2%2Fcomments&post=99861"}],"version-history":[{"count":0,"href":"https:\/\/aconteceunovale.com.br\/portal\/index.php?rest_route=\/wp\/v2\/posts\/99861\/revisions"}],"wp:featuredmedia":[{"embeddable":true,"href":"https:\/\/aconteceunovale.com.br\/portal\/index.php?rest_route=\/wp\/v2\/media\/99856"}],"wp:attachment":[{"href":"https:\/\/aconteceunovale.com.br\/portal\/index.php?rest_route=%2Fwp%2Fv2%2Fmedia&parent=99861"}],"wp:term":[{"taxonomy":"category","embeddable":true,"href":"https:\/\/aconteceunovale.com.br\/portal\/index.php?rest_route=%2Fwp%2Fv2%2Fcategories&post=99861"},{"taxonomy":"post_tag","embeddable":true,"href":"https:\/\/aconteceunovale.com.br\/portal\/index.php?rest_route=%2Fwp%2Fv2%2Ftags&post=99861"}],"curies":[{"name":"wp","href":"https:\/\/api.w.org\/{rel}","templated":true}]}}