{"id":99850,"date":"2016-10-24T08:18:10","date_gmt":"2016-10-24T11:18:10","guid":{"rendered":"http:\/\/aconteceunovale.com.br\/portal\/?p=99850"},"modified":"2016-10-24T08:18:10","modified_gmt":"2016-10-24T11:18:10","slug":"uemg-recebe-inscricoes-para-mais-de-6-mil-vagas-em-vestibular","status":"publish","type":"post","link":"https:\/\/aconteceunovale.com.br\/portal\/?p=99850","title":{"rendered":"Uemg recebe inscri\u00e7\u00f5es para mais de 6 mil vagas em vestibular"},"content":{"rendered":"<p>Est\u00e3o abertas as inscri\u00e7\u00f5es para o\u00a0Vestibular da\u00a0Universidade do Estado de Minas Gerais (Uemg). Ao todo, s\u00e3o oferecidas 6.350 vagas em cursos de gradua\u00e7\u00e3o, distribu\u00eddos em 16 munic\u00edpios do Estado.\u00a0Os interessados t\u00eam at\u00e9 o dia 18 de novembro (sexta-feira) para concorrer \u00e0s vagas pelo vestibular tradicional ou pelo Sistema de Sele\u00e7\u00e3o Unificado (SISU), que utiliza as notas obtidas no Exame Nacional do Ensino M\u00e9dio deste ano.<\/p>\n<p>Quem optar pelo vestibular tradicional, deve acessar a p\u00e1gina eletr\u00f4nica &#8211;\u00a0<a href=\"http:\/\/vestibular2017uemg.com.br\/\" target=\"_blank\">vestibular2017uemg.com.br<\/a>\u00a0-, na qual podem acessar, entre outras informa\u00e7\u00f5es, a se\u00e7\u00e3o para inscri\u00e7\u00f5es e o edital para consulta dos detalhes da sele\u00e7\u00e3o.<\/p>\n<p>As Provas Gerais ser\u00e3o aplicadas para todos os cursos no dia 18 de dezembro de 2016 (domingo). O teste\u00a0\u00e9\u00a0formado por quest\u00f5es objetivas das disciplinas correntes do Ensino M\u00e9dio e uma quest\u00e3o de reda\u00e7\u00e3o. Para este vestibular, as\u00a0obras liter\u00e1rias indicadas para as provas s\u00e3o &#8216;Cachorro Velho&#8217;, romance de Teresa C\u00e1rdenas, e &#8216;O Acaso abre Portas&#8217;, livro de cr\u00f4nicas de Lu\u00eds Giffoni.<\/p>\n<p>O resultado final do Vestibular ser\u00e1 divulgado at\u00e9 o dia 29 de dezembro de 2016 (quinta-feira).<\/p>\n<p><img decoding=\"async\" src=\"http:\/\/aconteceunovale.com.br\/portal\/wp-content\/uploads\/2016\/10\/vestibular-uemg.jpg\" alt=\"\" \/><em>As obras liter\u00e1rias indicadas s\u00e3o de Teresa C\u00e1rdenas e de Lu\u00eds Giffoni (Ag\u00eancia Minas Gerais)<\/em><br \/>\n<\/br><\/p>\n<p><strong>Reserva de vagas<\/strong><\/p>\n<p>Candidatos de tr\u00eas grupos socioecon\u00f4micos, estabelecidos em lei, t\u00eam direito a 45% do total de vagas da gradua\u00e7\u00e3o na Uemg:\u00a0afrodescendentes, egressos de escola p\u00fablica e portadores de defici\u00eancia e ind\u00edgenas.<\/p>\n<p>Para concorrer a essas vagas, o candidato dever\u00e1 assinalar essa op\u00e7\u00e3o durante sua inscri\u00e7\u00e3o no vestibular e responder a um question\u00e1rio espec\u00edfico com informa\u00e7\u00f5es pass\u00edveis de comprova\u00e7\u00e3o, j\u00e1 que dever\u00e1 encaminhar documentos comprobat\u00f3rios posteriormente, de acordo com os termos e prazos no edital.<\/p>\n<p><strong>Escola de M\u00fasica e Escola Guignard<\/strong><\/p>\n<p>O Vestibular Uemg \u00e9 a \u00fanica forma de acesso aos cursos oferecidos pela Escola de M\u00fasica e pela Escola Guignard, n\u00e3o sendo poss\u00edvel a op\u00e7\u00e3o pelo Sisu.\u00a0S\u00e3o tamb\u00e9m as \u00fanicas gradua\u00e7\u00f5es que exigem uma etapa preliminar de sele\u00e7\u00e3o: as provas de habilidades espec\u00edficas.<br \/>\nEsses testes ser\u00e3o realizados para os cursos de m\u00fasica e artes pl\u00e1sticas somente em Belo Horizonte, nos dias 3 e 4 de dezembro de 2016 (s\u00e1bado e domingo).<\/p>\n<p>Vale lembrar que os candidatos que n\u00e3o forem habilitados nesta etapa podem, ainda, realizar as Provas Gerais para concorrer \u00e0 vaga do curso que selecionarem como segunda op\u00e7\u00e3o durante a inscri\u00e7\u00e3o.<\/p>\n<p><strong>Sisu<\/strong><\/p>\n<p>Quem se inscreveu no Enem deste ano tamb\u00e9m poder\u00e1 utilizar sua m\u00e9dia para concorrer a vagas na Uemg, com exce\u00e7\u00e3o dos cursos oferecidos pelas Escolas destacadas acima. Basta estar atento \u00e0s datas do Sisu (Sistema Unificado de Sele\u00e7\u00e3o) e acompanhar as informa\u00e7\u00f5es pela p\u00e1gina\u00a0<a href=\"http:\/\/www.sisu.mec.gov.br\/\" target=\"_blank\">www.sisu.mec.gov.br<\/a>. As inscri\u00e7\u00f5es estar\u00e3o dispon\u00edveis no in\u00edcio do pr\u00f3ximo ano. (Ag\u00eancia Minas)<\/p>\n","protected":false},"excerpt":{"rendered":"<p>Est\u00e3o abertas as inscri\u00e7\u00f5es para o\u00a0Vestibular da\u00a0Universidade do Estado de Minas Gerais (Uemg). Ao todo, s\u00e3o oferecidas 6.350 vagas em cursos de gradua\u00e7\u00e3o, distribu\u00eddos em 16 munic\u00edpios do Estado.\u00a0Os interessados t\u00eam at\u00e9 o dia 18 de novembro (sexta-feira) para concorrer \u00e0s vagas pelo vestibular tradicional ou pelo Sistema de Sele\u00e7\u00e3o Unificado (SISU), que utiliza as [&hellip;]<\/p>\n","protected":false},"author":1,"featured_media":99852,"comment_status":"open","ping_status":"closed","sticky":false,"template":"","format":"standard","meta":{"amp_status":"","footnotes":""},"categories":[40238,123],"tags":[986,121979,121975,121977,121974,121978,121976],"class_list":["post-99850","post","type-post","status-publish","format-standard","has-post-thumbnail","hentry","category-educacao-2","category-gerais","tag-uemg","tag-uemg-recebe-inscricoes-para-mais-de-6-mil-vagas-em-vestibular","tag-vestibular-2017-da-universidade-do-estado-de-minas-gerais","tag-vestibular-2017-uemg","tag-vestibular-da-universidade-do-estado-de-minas-gerais-2017","tag-vestibular-uemg","tag-vestibular-uemg-2017"],"_links":{"self":[{"href":"https:\/\/aconteceunovale.com.br\/portal\/index.php?rest_route=\/wp\/v2\/posts\/99850","targetHints":{"allow":["GET"]}}],"collection":[{"href":"https:\/\/aconteceunovale.com.br\/portal\/index.php?rest_route=\/wp\/v2\/posts"}],"about":[{"href":"https:\/\/aconteceunovale.com.br\/portal\/index.php?rest_route=\/wp\/v2\/types\/post"}],"author":[{"embeddable":true,"href":"https:\/\/aconteceunovale.com.br\/portal\/index.php?rest_route=\/wp\/v2\/users\/1"}],"replies":[{"embeddable":true,"href":"https:\/\/aconteceunovale.com.br\/portal\/index.php?rest_route=%2Fwp%2Fv2%2Fcomments&post=99850"}],"version-history":[{"count":0,"href":"https:\/\/aconteceunovale.com.br\/portal\/index.php?rest_route=\/wp\/v2\/posts\/99850\/revisions"}],"wp:featuredmedia":[{"embeddable":true,"href":"https:\/\/aconteceunovale.com.br\/portal\/index.php?rest_route=\/wp\/v2\/media\/99852"}],"wp:attachment":[{"href":"https:\/\/aconteceunovale.com.br\/portal\/index.php?rest_route=%2Fwp%2Fv2%2Fmedia&parent=99850"}],"wp:term":[{"taxonomy":"category","embeddable":true,"href":"https:\/\/aconteceunovale.com.br\/portal\/index.php?rest_route=%2Fwp%2Fv2%2Fcategories&post=99850"},{"taxonomy":"post_tag","embeddable":true,"href":"https:\/\/aconteceunovale.com.br\/portal\/index.php?rest_route=%2Fwp%2Fv2%2Ftags&post=99850"}],"curies":[{"name":"wp","href":"https:\/\/api.w.org\/{rel}","templated":true}]}}