{"id":99846,"date":"2016-10-24T08:02:41","date_gmt":"2016-10-24T11:02:41","guid":{"rendered":"http:\/\/aconteceunovale.com.br\/portal\/?p=99846"},"modified":"2016-10-24T08:02:41","modified_gmt":"2016-10-24T11:02:41","slug":"pec-241-volta-a-ser-colocada-a-prova-nesta-semana-na-camara","status":"publish","type":"post","link":"https:\/\/aconteceunovale.com.br\/portal\/?p=99846","title":{"rendered":"PEC 241 volta a ser colocada \u00e0 prova nesta semana na C\u00e2mara"},"content":{"rendered":"<p>A poucos dias do segundo turno das elei\u00e7\u00f5es municipais, marcado para 30 de outubro, a C\u00e2mara dos Deputados tem pautada para esta semana a retomada do tr\u00e2mite da Proposta de Emenda Constitucional (PEC) 241, que estabelece um teto para os gastos p\u00fablicos pelos pr\u00f3ximos 20 anos e tem suscitado rea\u00e7\u00f5es inflamadas por parte de quem \u00e9 contra e a favor.<\/p>\n<p>A expectativa do governo, autor da proposta, \u00e9 que o texto seja aprovado rapidamente como est\u00e1, de modo que possa a vigorar a partir do Or\u00e7amento do ano que vem e que sirva como um sinal positivo para a retomada de confian\u00e7a dos agentes econ\u00f4micos, mas a oposi\u00e7\u00e3o e movimentos sociais, que temem a restri\u00e7\u00e3o de gastos em \u00e1reas como sa\u00fade e educa\u00e7\u00e3o, est\u00e3o mobilizados contra a medida.<\/p>\n<p>Aprovada pelos deputados em primeiro turno no dia 10, por 366 votos a 111 e com duas absten\u00e7\u00f5es, a expectativa era de que a PEC 241 voltasse \u00e0 pauta nesta segunda-feira (24). A possibilidade, contudo, de que n\u00e3o houvesse qu\u00f3rum o bastante para viabilizar sua vota\u00e7\u00e3o, pois alguns deputados est\u00e3o empenhados na reta final das campanhas de segundo turno das elei\u00e7\u00f5es municipais, fez com que a an\u00e1lise da proposta fosse marcada para ter\u00e7a (25).<\/p>\n<p><strong>Protestos e defesa do governo<\/strong><\/p>\n<p>Em diversos estados, estudantes secundaristas e universit\u00e1rios ocuparam escolas e universidades em protesto contra a PEC 241, bem como para se opor \u00e0s mudan\u00e7as na educa\u00e7\u00e3o decorrentes de uma medida provis\u00f3ria editada no m\u00eas passado pelo governo.<\/p>\n<p>Os ministros do governo, por outro lado, t\u00eam feito declara\u00e7\u00f5es em defesa do teto de gastos, tido como essencial para a recupera\u00e7\u00e3o da economia a partir do ano que vem. Nesta semana, por exemplo, o ministro do planejamento, Dyogo Oliveira, disse ser necess\u00e1rio \u201cfazer ajustes para n\u00e3o frustar expectativas\u201d e que o Or\u00e7amento do ano que vem j\u00e1 foi calculado tendo em vista a aprova\u00e7\u00e3o da PEC.<\/p>\n<p>Na quarta-feira (19), o ministro da Fazenda, Henrique Meirelles, voltou a defender a PEC como sendo essencial para a recupera\u00e7\u00e3o da economia e da gera\u00e7\u00e3o de empregos. Ele disse ainda que \u201cn\u00e3o h\u00e1 margem\u201d para excess\u00f5es na proposta.<\/p>\n<p><strong>Senado<\/strong><\/p>\n<p>Caso seja aprovada em segundo turno na C\u00e2mara, a PEC do Teto segue para o Senado, onde todo o tr\u00e2mite de vota\u00e7\u00e3o volta ao in\u00edcio, com an\u00e1lise de constitucionalidade, debate e vota\u00e7\u00e3o em comiss\u00e3o especial e aprecia\u00e7\u00e3o em dois turnos no plen\u00e1rio.<\/p>\n<p>O presidente do Senado, Renan Calheiros (PMDB-AL) j\u00e1 definiu, ap\u00f3s reuni\u00e3o com os l\u00edderes, o calend\u00e1rio de tramita\u00e7\u00e3o da PEC 241, que deve ser levada para o teste em plen\u00e1rio no dia 29 de novembro. A inten\u00e7\u00e3o \u00e9 que a vota\u00e7\u00e3o final ocorra em 13 de dezembro, pouco antes do in\u00edcio do recesso parlamentar e a tempo para a san\u00e7\u00e3o presidencial ainda este ano.<\/p>\n<p>A PEC 241 prev\u00ea que o aumento de gastos do governo em um ano esteja restrito \u00e0 infla\u00e7\u00e3o do ano anterior. A proposta prev\u00ea uma revis\u00e3o daqui a dez anos da medida, que pode vigorar por at\u00e9 20 anos. De acordo com o texto aprovado em primeiro turno pelos deputados, a restri\u00e7\u00e3o para os or\u00e7amentos de sa\u00fade e educa\u00e7\u00e3o passaria a valer a partir de 2018. (Ag\u00eancia Brasil)<\/p>\n","protected":false},"excerpt":{"rendered":"<p>A poucos dias do segundo turno das elei\u00e7\u00f5es municipais, marcado para 30 de outubro, a C\u00e2mara dos Deputados tem pautada para esta semana a retomada do tr\u00e2mite da Proposta de Emenda Constitucional (PEC) 241, que estabelece um teto para os gastos p\u00fablicos pelos pr\u00f3ximos 20 anos e tem suscitado rea\u00e7\u00f5es inflamadas por parte de quem [&hellip;]<\/p>\n","protected":false},"author":1,"featured_media":99315,"comment_status":"open","ping_status":"closed","sticky":false,"template":"","format":"standard","meta":{"amp_status":"","footnotes":""},"categories":[6,40240],"tags":[21888,20922,110244,121970,121968,121967,121966,121965,21938,121969],"class_list":["post-99846","post","type-post","status-publish","format-standard","has-post-thumbnail","hentry","category-br","category-politica","tag-camara","tag-camara-dos-deputados","tag-pec-241","tag-pec-241-volta-a-ser-colocada-a-prova-nesta-semana-na-camara","tag-pec-do-teto","tag-pec-do-teto-dos-gastos-publicos","tag-proposta-de-emenda-constitucional-241","tag-retomada-do-tramite-da-proposta-de-emenda-constitucional-241","tag-senado","tag-votacao-da-pec-241"],"yoast_head":"<!-- This site is optimized with the Yoast SEO plugin v28.3 - https:\/\/yoast.com\/product\/yoast-seo-wordpress\/ -->\n<title>PEC 241 volta a ser colocada \u00e0 prova nesta semana na C\u00e2mara - Aconteceu no Vale<\/title>\n<meta name=\"robots\" content=\"index, follow, max-snippet:-1, max-image-preview:large, max-video-preview:-1\" \/>\n<link rel=\"canonical\" href=\"https:\/\/aconteceunovale.com.br\/portal\/?p=99846\" \/>\n<meta property=\"og:locale\" content=\"pt_BR\" \/>\n<meta property=\"og:type\" content=\"article\" \/>\n<meta property=\"og:title\" content=\"PEC 241 volta a ser colocada \u00e0 prova nesta semana na C\u00e2mara - Aconteceu no Vale\" \/>\n<meta property=\"og:description\" content=\"A poucos dias do segundo turno das elei\u00e7\u00f5es municipais, marcado para 30 de outubro, a C\u00e2mara dos Deputados tem pautada para esta semana a retomada do tr\u00e2mite da Proposta de Emenda Constitucional (PEC) 241, que estabelece um teto para os gastos p\u00fablicos pelos pr\u00f3ximos 20 anos e tem suscitado rea\u00e7\u00f5es inflamadas por parte de quem [&hellip;]\" \/>\n<meta property=\"og:url\" content=\"https:\/\/aconteceunovale.com.br\/portal\/?p=99846\" \/>\n<meta property=\"og:site_name\" content=\"Aconteceu no Vale\" \/>\n<meta property=\"article:publisher\" content=\"https:\/\/www.facebook.com\/aconteceunovale\/\" \/>\n<meta property=\"article:published_time\" content=\"2016-10-24T11:02:41+00:00\" \/>\n<meta property=\"og:image\" content=\"https:\/\/aconteceunovale.com.br\/portal\/wp-content\/uploads\/2016\/10\/camara_deputados.jpg\" \/>\n\t<meta property=\"og:image:width\" content=\"676\" \/>\n\t<meta property=\"og:image:height\" content=\"338\" \/>\n\t<meta property=\"og:image:type\" content=\"image\/jpeg\" \/>\n<meta name=\"author\" content=\"Aconteceu no Vale\" \/>\n<meta name=\"twitter:card\" content=\"summary_large_image\" \/>\n<meta name=\"twitter:creator\" content=\"@noticiadosvales\" \/>\n<meta name=\"twitter:site\" content=\"@noticiadosvales\" \/>\n<meta name=\"twitter:label1\" content=\"Escrito por\" \/>\n\t<meta name=\"twitter:data1\" content=\"Aconteceu no Vale\" \/>\n\t<meta name=\"twitter:label2\" content=\"Est. tempo de leitura\" \/>\n\t<meta name=\"twitter:data2\" content=\"3 minutos\" \/>\n<script type=\"application\/ld+json\" class=\"yoast-schema-graph\">{\"@context\":\"https:\\\/\\\/schema.org\",\"@graph\":[{\"@type\":\"Article\",\"@id\":\"https:\\\/\\\/aconteceunovale.com.br\\\/portal\\\/?p=99846#article\",\"isPartOf\":{\"@id\":\"https:\\\/\\\/aconteceunovale.com.br\\\/portal\\\/?p=99846\"},\"author\":{\"name\":\"Aconteceu no Vale\",\"@id\":\"https:\\\/\\\/aconteceunovale.com.br\\\/portal\\\/#\\\/schema\\\/person\\\/633529146f2c94272bef50ac2953d589\"},\"headline\":\"PEC 241 volta a ser colocada \u00e0 prova nesta semana na C\u00e2mara\",\"datePublished\":\"2016-10-24T11:02:41+00:00\",\"mainEntityOfPage\":{\"@id\":\"https:\\\/\\\/aconteceunovale.com.br\\\/portal\\\/?p=99846\"},\"wordCount\":577,\"commentCount\":0,\"image\":{\"@id\":\"https:\\\/\\\/aconteceunovale.com.br\\\/portal\\\/?p=99846#primaryimage\"},\"thumbnailUrl\":\"https:\\\/\\\/aconteceunovale.com.br\\\/portal\\\/wp-content\\\/uploads\\\/2016\\\/10\\\/camara_deputados.jpg\",\"keywords\":[\"C\u00e2mara\",\"C\u00e2mara dos Deputados\",\"PEC 241\",\"PEC 241 volta a ser colocada \u00e0 prova nesta semana na C\u00e2mara\",\"PEC do Teto\",\"PEC do teto dos gastos p\u00fablicos\",\"Proposta de Emenda Constitucional 241\",\"retomada do tr\u00e2mite da Proposta de Emenda Constitucional 241\",\"Senado\",\"vota\u00e7\u00e3o da PEC 241\"],\"articleSection\":[\"Brasil\",\"Pol\u00edtica\"],\"inLanguage\":\"pt-BR\",\"potentialAction\":[{\"@type\":\"CommentAction\",\"name\":\"Comment\",\"target\":[\"https:\\\/\\\/aconteceunovale.com.br\\\/portal\\\/?p=99846#respond\"]}]},{\"@type\":\"WebPage\",\"@id\":\"https:\\\/\\\/aconteceunovale.com.br\\\/portal\\\/?p=99846\",\"url\":\"https:\\\/\\\/aconteceunovale.com.br\\\/portal\\\/?p=99846\",\"name\":\"PEC 241 volta a ser colocada \u00e0 prova nesta semana na C\u00e2mara - Aconteceu no Vale\",\"isPartOf\":{\"@id\":\"https:\\\/\\\/aconteceunovale.com.br\\\/portal\\\/#website\"},\"primaryImageOfPage\":{\"@id\":\"https:\\\/\\\/aconteceunovale.com.br\\\/portal\\\/?p=99846#primaryimage\"},\"image\":{\"@id\":\"https:\\\/\\\/aconteceunovale.com.br\\\/portal\\\/?p=99846#primaryimage\"},\"thumbnailUrl\":\"https:\\\/\\\/aconteceunovale.com.br\\\/portal\\\/wp-content\\\/uploads\\\/2016\\\/10\\\/camara_deputados.jpg\",\"datePublished\":\"2016-10-24T11:02:41+00:00\",\"author\":{\"@id\":\"https:\\\/\\\/aconteceunovale.com.br\\\/portal\\\/#\\\/schema\\\/person\\\/633529146f2c94272bef50ac2953d589\"},\"breadcrumb\":{\"@id\":\"https:\\\/\\\/aconteceunovale.com.br\\\/portal\\\/?p=99846#breadcrumb\"},\"inLanguage\":\"pt-BR\",\"potentialAction\":[{\"@type\":\"ReadAction\",\"target\":[\"https:\\\/\\\/aconteceunovale.com.br\\\/portal\\\/?p=99846\"]}]},{\"@type\":\"ImageObject\",\"inLanguage\":\"pt-BR\",\"@id\":\"https:\\\/\\\/aconteceunovale.com.br\\\/portal\\\/?p=99846#primaryimage\",\"url\":\"https:\\\/\\\/aconteceunovale.com.br\\\/portal\\\/wp-content\\\/uploads\\\/2016\\\/10\\\/camara_deputados.jpg\",\"contentUrl\":\"https:\\\/\\\/aconteceunovale.com.br\\\/portal\\\/wp-content\\\/uploads\\\/2016\\\/10\\\/camara_deputados.jpg\",\"width\":676,\"height\":338},{\"@type\":\"BreadcrumbList\",\"@id\":\"https:\\\/\\\/aconteceunovale.com.br\\\/portal\\\/?p=99846#breadcrumb\",\"itemListElement\":[{\"@type\":\"ListItem\",\"position\":1,\"name\":\"In\u00edcio\",\"item\":\"https:\\\/\\\/aconteceunovale.com.br\\\/portal\\\/\"},{\"@type\":\"ListItem\",\"position\":2,\"name\":\"PEC 241 volta a ser colocada \u00e0 prova nesta semana na C\u00e2mara\"}]},{\"@type\":\"WebSite\",\"@id\":\"https:\\\/\\\/aconteceunovale.com.br\\\/portal\\\/#website\",\"url\":\"https:\\\/\\\/aconteceunovale.com.br\\\/portal\\\/\",\"name\":\"Aconteceu no Vale\",\"description\":\"Portal de Not\u00edcias\",\"potentialAction\":[{\"@type\":\"SearchAction\",\"target\":{\"@type\":\"EntryPoint\",\"urlTemplate\":\"https:\\\/\\\/aconteceunovale.com.br\\\/portal\\\/?s={search_term_string}\"},\"query-input\":{\"@type\":\"PropertyValueSpecification\",\"valueRequired\":true,\"valueName\":\"search_term_string\"}}],\"inLanguage\":\"pt-BR\"},{\"@type\":\"Person\",\"@id\":\"https:\\\/\\\/aconteceunovale.com.br\\\/portal\\\/#\\\/schema\\\/person\\\/633529146f2c94272bef50ac2953d589\",\"name\":\"Aconteceu no Vale\",\"description\":\"Equipe de reportagem do Aconteceu no Vale, portal de not\u00edcias do Vale do Jequitinhonha, em Minas Gerais. Cobrimos as 51 cidades do Vale desde 2013. Sugest\u00f5es de pauta e pedidos de corre\u00e7\u00e3o: contato@aconteceunovale.com.br\",\"sameAs\":[\"http:\\\/\\\/www.aconteceunovale.com.br\"],\"url\":\"https:\\\/\\\/aconteceunovale.com.br\\\/portal\\\/?author=1\"}]}<\/script>\n<!-- \/ Yoast SEO plugin. -->","yoast_head_json":{"title":"PEC 241 volta a ser colocada \u00e0 prova nesta semana na C\u00e2mara - Aconteceu no Vale","robots":{"index":"index","follow":"follow","max-snippet":"max-snippet:-1","max-image-preview":"max-image-preview:large","max-video-preview":"max-video-preview:-1"},"canonical":"https:\/\/aconteceunovale.com.br\/portal\/?p=99846","og_locale":"pt_BR","og_type":"article","og_title":"PEC 241 volta a ser colocada \u00e0 prova nesta semana na C\u00e2mara - Aconteceu no Vale","og_description":"A poucos dias do segundo turno das elei\u00e7\u00f5es municipais, marcado para 30 de outubro, a C\u00e2mara dos Deputados tem pautada para esta semana a retomada do tr\u00e2mite da Proposta de Emenda Constitucional (PEC) 241, que estabelece um teto para os gastos p\u00fablicos pelos pr\u00f3ximos 20 anos e tem suscitado rea\u00e7\u00f5es inflamadas por parte de quem [&hellip;]","og_url":"https:\/\/aconteceunovale.com.br\/portal\/?p=99846","og_site_name":"Aconteceu no Vale","article_publisher":"https:\/\/www.facebook.com\/aconteceunovale\/","article_published_time":"2016-10-24T11:02:41+00:00","og_image":[{"width":676,"height":338,"url":"https:\/\/aconteceunovale.com.br\/portal\/wp-content\/uploads\/2016\/10\/camara_deputados.jpg","type":"image\/jpeg"}],"author":"Aconteceu no Vale","twitter_card":"summary_large_image","twitter_creator":"@noticiadosvales","twitter_site":"@noticiadosvales","twitter_misc":{"Escrito por":"Aconteceu no Vale","Est. tempo de leitura":"3 minutos"},"schema":{"@context":"https:\/\/schema.org","@graph":[{"@type":"Article","@id":"https:\/\/aconteceunovale.com.br\/portal\/?p=99846#article","isPartOf":{"@id":"https:\/\/aconteceunovale.com.br\/portal\/?p=99846"},"author":{"name":"Aconteceu no Vale","@id":"https:\/\/aconteceunovale.com.br\/portal\/#\/schema\/person\/633529146f2c94272bef50ac2953d589"},"headline":"PEC 241 volta a ser colocada \u00e0 prova nesta semana na C\u00e2mara","datePublished":"2016-10-24T11:02:41+00:00","mainEntityOfPage":{"@id":"https:\/\/aconteceunovale.com.br\/portal\/?p=99846"},"wordCount":577,"commentCount":0,"image":{"@id":"https:\/\/aconteceunovale.com.br\/portal\/?p=99846#primaryimage"},"thumbnailUrl":"https:\/\/aconteceunovale.com.br\/portal\/wp-content\/uploads\/2016\/10\/camara_deputados.jpg","keywords":["C\u00e2mara","C\u00e2mara dos Deputados","PEC 241","PEC 241 volta a ser colocada \u00e0 prova nesta semana na C\u00e2mara","PEC do Teto","PEC do teto dos gastos p\u00fablicos","Proposta de Emenda Constitucional 241","retomada do tr\u00e2mite da Proposta de Emenda Constitucional 241","Senado","vota\u00e7\u00e3o da PEC 241"],"articleSection":["Brasil","Pol\u00edtica"],"inLanguage":"pt-BR","potentialAction":[{"@type":"CommentAction","name":"Comment","target":["https:\/\/aconteceunovale.com.br\/portal\/?p=99846#respond"]}]},{"@type":"WebPage","@id":"https:\/\/aconteceunovale.com.br\/portal\/?p=99846","url":"https:\/\/aconteceunovale.com.br\/portal\/?p=99846","name":"PEC 241 volta a ser colocada \u00e0 prova nesta semana na C\u00e2mara - Aconteceu no Vale","isPartOf":{"@id":"https:\/\/aconteceunovale.com.br\/portal\/#website"},"primaryImageOfPage":{"@id":"https:\/\/aconteceunovale.com.br\/portal\/?p=99846#primaryimage"},"image":{"@id":"https:\/\/aconteceunovale.com.br\/portal\/?p=99846#primaryimage"},"thumbnailUrl":"https:\/\/aconteceunovale.com.br\/portal\/wp-content\/uploads\/2016\/10\/camara_deputados.jpg","datePublished":"2016-10-24T11:02:41+00:00","author":{"@id":"https:\/\/aconteceunovale.com.br\/portal\/#\/schema\/person\/633529146f2c94272bef50ac2953d589"},"breadcrumb":{"@id":"https:\/\/aconteceunovale.com.br\/portal\/?p=99846#breadcrumb"},"inLanguage":"pt-BR","potentialAction":[{"@type":"ReadAction","target":["https:\/\/aconteceunovale.com.br\/portal\/?p=99846"]}]},{"@type":"ImageObject","inLanguage":"pt-BR","@id":"https:\/\/aconteceunovale.com.br\/portal\/?p=99846#primaryimage","url":"https:\/\/aconteceunovale.com.br\/portal\/wp-content\/uploads\/2016\/10\/camara_deputados.jpg","contentUrl":"https:\/\/aconteceunovale.com.br\/portal\/wp-content\/uploads\/2016\/10\/camara_deputados.jpg","width":676,"height":338},{"@type":"BreadcrumbList","@id":"https:\/\/aconteceunovale.com.br\/portal\/?p=99846#breadcrumb","itemListElement":[{"@type":"ListItem","position":1,"name":"In\u00edcio","item":"https:\/\/aconteceunovale.com.br\/portal\/"},{"@type":"ListItem","position":2,"name":"PEC 241 volta a ser colocada \u00e0 prova nesta semana na C\u00e2mara"}]},{"@type":"WebSite","@id":"https:\/\/aconteceunovale.com.br\/portal\/#website","url":"https:\/\/aconteceunovale.com.br\/portal\/","name":"Aconteceu no Vale","description":"Portal de Not\u00edcias","potentialAction":[{"@type":"SearchAction","target":{"@type":"EntryPoint","urlTemplate":"https:\/\/aconteceunovale.com.br\/portal\/?s={search_term_string}"},"query-input":{"@type":"PropertyValueSpecification","valueRequired":true,"valueName":"search_term_string"}}],"inLanguage":"pt-BR"},{"@type":"Person","@id":"https:\/\/aconteceunovale.com.br\/portal\/#\/schema\/person\/633529146f2c94272bef50ac2953d589","name":"Aconteceu no Vale","description":"Equipe de reportagem do Aconteceu no Vale, portal de not\u00edcias do Vale do Jequitinhonha, em Minas Gerais. Cobrimos as 51 cidades do Vale desde 2013. Sugest\u00f5es de pauta e pedidos de corre\u00e7\u00e3o: contato@aconteceunovale.com.br","sameAs":["http:\/\/www.aconteceunovale.com.br"],"url":"https:\/\/aconteceunovale.com.br\/portal\/?author=1"}]}},"_links":{"self":[{"href":"https:\/\/aconteceunovale.com.br\/portal\/index.php?rest_route=\/wp\/v2\/posts\/99846","targetHints":{"allow":["GET"]}}],"collection":[{"href":"https:\/\/aconteceunovale.com.br\/portal\/index.php?rest_route=\/wp\/v2\/posts"}],"about":[{"href":"https:\/\/aconteceunovale.com.br\/portal\/index.php?rest_route=\/wp\/v2\/types\/post"}],"author":[{"embeddable":true,"href":"https:\/\/aconteceunovale.com.br\/portal\/index.php?rest_route=\/wp\/v2\/users\/1"}],"replies":[{"embeddable":true,"href":"https:\/\/aconteceunovale.com.br\/portal\/index.php?rest_route=%2Fwp%2Fv2%2Fcomments&post=99846"}],"version-history":[{"count":0,"href":"https:\/\/aconteceunovale.com.br\/portal\/index.php?rest_route=\/wp\/v2\/posts\/99846\/revisions"}],"wp:featuredmedia":[{"embeddable":true,"href":"https:\/\/aconteceunovale.com.br\/portal\/index.php?rest_route=\/wp\/v2\/media\/99315"}],"wp:attachment":[{"href":"https:\/\/aconteceunovale.com.br\/portal\/index.php?rest_route=%2Fwp%2Fv2%2Fmedia&parent=99846"}],"wp:term":[{"taxonomy":"category","embeddable":true,"href":"https:\/\/aconteceunovale.com.br\/portal\/index.php?rest_route=%2Fwp%2Fv2%2Fcategories&post=99846"},{"taxonomy":"post_tag","embeddable":true,"href":"https:\/\/aconteceunovale.com.br\/portal\/index.php?rest_route=%2Fwp%2Fv2%2Ftags&post=99846"}],"curies":[{"name":"wp","href":"https:\/\/api.w.org\/{rel}","templated":true}]}}