{"id":99844,"date":"2016-10-24T07:54:55","date_gmt":"2016-10-24T10:54:55","guid":{"rendered":"http:\/\/aconteceunovale.com.br\/portal\/?p=99844"},"modified":"2016-10-24T07:54:55","modified_gmt":"2016-10-24T10:54:55","slug":"previsao-do-tempo-para-minas-gerais-nesta-segunda-feira-24-de-outubro","status":"publish","type":"post","link":"https:\/\/aconteceunovale.com.br\/portal\/?p=99844","title":{"rendered":"Previs\u00e3o do tempo para Minas Gerais, nesta segunda-feira, 24 de outubro"},"content":{"rendered":"<h4><strong><em>Nublado, com pancadas de chuva no Noroeste, Centro, Tri\u00e2ngulo, Alto Parana\u00edba, Oeste, Sul, Vertentes e Mata. Demais regi\u00f5es, predom\u00ednio do sol.<\/em><\/strong><\/h4>\n<p>Nesta segunda-feira (24\/10) o tempo segue inst\u00e1vel e h\u00e1 previs\u00e3o de pancadas de chuva em boa parte da Regi\u00e3o Sudeste do pa\u00eds. Em Minas Gerais o c\u00e9u deve ficar nublado a parcialmente nublado, com pancadas de chuva em \u00e1reas isoladas do Noroeste, Central, Tri\u00e2ngulo Mineiro, Alto Parana\u00edba, Oeste, Sul, Campo das Vertentes e Zona da Mata.<\/p>\n<p>Nas demais regi\u00f5es do estado a semana come\u00e7a com tempo ensolarado a parcialmente nublado.<\/p>\n<p>Na Regi\u00e3o Metropolitana de Belo Horizonte e na capital do estado o tempo deve ficar ensolarado a parcialmente nublado e h\u00e1 chances de chuvas localizadas.<\/p>\n<p>Em Belo Horizonte a temperatura deve variar entre 17\u00b0C e 29\u00b0C, com umidade relativa do ar em torno de 45% \u00e0 tarde.<\/p>\n","protected":false},"excerpt":{"rendered":"<p>Nublado, com pancadas de chuva no Noroeste, Centro, Tri\u00e2ngulo, Alto Parana\u00edba, Oeste, Sul, Vertentes e Mata. Demais regi\u00f5es, predom\u00ednio do sol. Nesta segunda-feira (24\/10) o tempo segue inst\u00e1vel e h\u00e1 previs\u00e3o de pancadas de chuva em boa parte da Regi\u00e3o Sudeste do pa\u00eds. Em Minas Gerais o c\u00e9u deve ficar nublado a parcialmente nublado, com [&hellip;]<\/p>\n","protected":false},"author":1,"featured_media":82499,"comment_status":"open","ping_status":"closed","sticky":false,"template":"","format":"standard","meta":{"amp_status":"","footnotes":""},"categories":[123],"tags":[121959,194,131,44471,1956,27340,121964,86833,121963,1839,121961,28170,121960,121962],"class_list":["post-99844","post","type-post","status-publish","format-standard","has-post-thumbnail","hentry","category-gerais","tag-24-de-outubro","tag-belo-horizonte","tag-minas-gerais","tag-nesta-segunda-feira","tag-previsao-do-tempo","tag-previsao-do-tempo-para-belo-horizonte","tag-previsao-do-tempo-para-belo-horizonte-24-de-outubro","tag-previsao-do-tempo-para-belo-horizonte-nesta-segunda-feira","tag-previsao-do-tempo-para-belo-horizonte-nesta-segunda-feira-24-de-outubro","tag-previsao-do-tempo-para-minas-gerais","tag-previsao-do-tempo-para-minas-gerais-24-de-outubro","tag-previsao-do-tempo-para-minas-gerais-nesta-segunda-feira","tag-previsao-do-tempo-para-minas-gerais-nesta-segunda-feira-24-de-outubro","tag-segunda-feira-24-de-outubro"],"yoast_head":"<!-- This site is optimized with the Yoast SEO plugin v28.3 - https:\/\/yoast.com\/product\/yoast-seo-wordpress\/ -->\n<title>Previs\u00e3o do tempo para Minas Gerais, nesta segunda-feira, 24 de outubro - Aconteceu no Vale<\/title>\n<meta name=\"robots\" content=\"index, follow, max-snippet:-1, max-image-preview:large, max-video-preview:-1\" \/>\n<link rel=\"canonical\" href=\"https:\/\/aconteceunovale.com.br\/portal\/?p=99844\" \/>\n<meta property=\"og:locale\" content=\"pt_BR\" \/>\n<meta property=\"og:type\" content=\"article\" \/>\n<meta property=\"og:title\" content=\"Previs\u00e3o do tempo para Minas Gerais, nesta segunda-feira, 24 de outubro - Aconteceu no Vale\" \/>\n<meta property=\"og:description\" content=\"Nublado, com pancadas de chuva no Noroeste, Centro, Tri\u00e2ngulo, Alto Parana\u00edba, Oeste, Sul, Vertentes e Mata. Demais regi\u00f5es, predom\u00ednio do sol. Nesta segunda-feira (24\/10) o tempo segue inst\u00e1vel e h\u00e1 previs\u00e3o de pancadas de chuva em boa parte da Regi\u00e3o Sudeste do pa\u00eds. Em Minas Gerais o c\u00e9u deve ficar nublado a parcialmente nublado, com [&hellip;]\" \/>\n<meta property=\"og:url\" content=\"https:\/\/aconteceunovale.com.br\/portal\/?p=99844\" \/>\n<meta property=\"og:site_name\" content=\"Aconteceu no Vale\" \/>\n<meta property=\"article:publisher\" content=\"https:\/\/www.facebook.com\/aconteceunovale\/\" \/>\n<meta property=\"article:published_time\" content=\"2016-10-24T10:54:55+00:00\" \/>\n<meta property=\"og:image\" content=\"https:\/\/aconteceunovale.com.br\/portal\/wp-content\/uploads\/2016\/03\/previsao_do_tempo_2.jpg\" \/>\n\t<meta property=\"og:image:width\" content=\"400\" \/>\n\t<meta property=\"og:image:height\" content=\"250\" \/>\n\t<meta property=\"og:image:type\" content=\"image\/jpeg\" \/>\n<meta name=\"author\" content=\"Aconteceu no Vale\" \/>\n<meta name=\"twitter:card\" content=\"summary_large_image\" \/>\n<meta name=\"twitter:creator\" content=\"@noticiadosvales\" \/>\n<meta name=\"twitter:site\" content=\"@noticiadosvales\" \/>\n<meta name=\"twitter:label1\" content=\"Escrito por\" \/>\n\t<meta name=\"twitter:data1\" content=\"Aconteceu no Vale\" \/>\n\t<meta name=\"twitter:label2\" content=\"Est. tempo de leitura\" \/>\n\t<meta name=\"twitter:data2\" content=\"1 minuto\" \/>\n<script type=\"application\/ld+json\" class=\"yoast-schema-graph\">{\"@context\":\"https:\\\/\\\/schema.org\",\"@graph\":[{\"@type\":\"Article\",\"@id\":\"https:\\\/\\\/aconteceunovale.com.br\\\/portal\\\/?p=99844#article\",\"isPartOf\":{\"@id\":\"https:\\\/\\\/aconteceunovale.com.br\\\/portal\\\/?p=99844\"},\"author\":{\"name\":\"Aconteceu no Vale\",\"@id\":\"https:\\\/\\\/aconteceunovale.com.br\\\/portal\\\/#\\\/schema\\\/person\\\/633529146f2c94272bef50ac2953d589\"},\"headline\":\"Previs\u00e3o do tempo para Minas Gerais, nesta segunda-feira, 24 de outubro\",\"datePublished\":\"2016-10-24T10:54:55+00:00\",\"mainEntityOfPage\":{\"@id\":\"https:\\\/\\\/aconteceunovale.com.br\\\/portal\\\/?p=99844\"},\"wordCount\":160,\"commentCount\":0,\"image\":{\"@id\":\"https:\\\/\\\/aconteceunovale.com.br\\\/portal\\\/?p=99844#primaryimage\"},\"thumbnailUrl\":\"https:\\\/\\\/aconteceunovale.com.br\\\/portal\\\/wp-content\\\/uploads\\\/2016\\\/03\\\/previsao_do_tempo_2.jpg\",\"keywords\":[\"24 de outubro\",\"Belo Horizonte\",\"Minas Gerais\",\"nesta segunda-feira\",\"previs\u00e3o do tempo\",\"Previs\u00e3o do tempo para belo horizonte\",\"Previs\u00e3o do tempo para Belo Horizonte 24 de outubro\",\"Previs\u00e3o do tempo para Belo Horizonte nesta segunda-feira\",\"Previs\u00e3o do tempo para Belo Horizonte nesta segunda-feira 24 de outubro\",\"previs\u00e3o do tempo para minas gerais\",\"Previs\u00e3o do tempo para Minas Gerais 24 de outubro\",\"Previs\u00e3o do tempo para Minas Gerais nesta segunda-feira\",\"Previs\u00e3o do tempo para Minas Gerais nesta segunda-feira 24 de outubro\",\"segunda-feira 24 de outubro\"],\"articleSection\":[\"Minas Gerais\"],\"inLanguage\":\"pt-BR\",\"potentialAction\":[{\"@type\":\"CommentAction\",\"name\":\"Comment\",\"target\":[\"https:\\\/\\\/aconteceunovale.com.br\\\/portal\\\/?p=99844#respond\"]}]},{\"@type\":\"WebPage\",\"@id\":\"https:\\\/\\\/aconteceunovale.com.br\\\/portal\\\/?p=99844\",\"url\":\"https:\\\/\\\/aconteceunovale.com.br\\\/portal\\\/?p=99844\",\"name\":\"Previs\u00e3o do tempo para Minas Gerais, nesta segunda-feira, 24 de outubro - Aconteceu no Vale\",\"isPartOf\":{\"@id\":\"https:\\\/\\\/aconteceunovale.com.br\\\/portal\\\/#website\"},\"primaryImageOfPage\":{\"@id\":\"https:\\\/\\\/aconteceunovale.com.br\\\/portal\\\/?p=99844#primaryimage\"},\"image\":{\"@id\":\"https:\\\/\\\/aconteceunovale.com.br\\\/portal\\\/?p=99844#primaryimage\"},\"thumbnailUrl\":\"https:\\\/\\\/aconteceunovale.com.br\\\/portal\\\/wp-content\\\/uploads\\\/2016\\\/03\\\/previsao_do_tempo_2.jpg\",\"datePublished\":\"2016-10-24T10:54:55+00:00\",\"author\":{\"@id\":\"https:\\\/\\\/aconteceunovale.com.br\\\/portal\\\/#\\\/schema\\\/person\\\/633529146f2c94272bef50ac2953d589\"},\"breadcrumb\":{\"@id\":\"https:\\\/\\\/aconteceunovale.com.br\\\/portal\\\/?p=99844#breadcrumb\"},\"inLanguage\":\"pt-BR\",\"potentialAction\":[{\"@type\":\"ReadAction\",\"target\":[\"https:\\\/\\\/aconteceunovale.com.br\\\/portal\\\/?p=99844\"]}]},{\"@type\":\"ImageObject\",\"inLanguage\":\"pt-BR\",\"@id\":\"https:\\\/\\\/aconteceunovale.com.br\\\/portal\\\/?p=99844#primaryimage\",\"url\":\"https:\\\/\\\/aconteceunovale.com.br\\\/portal\\\/wp-content\\\/uploads\\\/2016\\\/03\\\/previsao_do_tempo_2.jpg\",\"contentUrl\":\"https:\\\/\\\/aconteceunovale.com.br\\\/portal\\\/wp-content\\\/uploads\\\/2016\\\/03\\\/previsao_do_tempo_2.jpg\",\"width\":400,\"height\":250},{\"@type\":\"BreadcrumbList\",\"@id\":\"https:\\\/\\\/aconteceunovale.com.br\\\/portal\\\/?p=99844#breadcrumb\",\"itemListElement\":[{\"@type\":\"ListItem\",\"position\":1,\"name\":\"In\u00edcio\",\"item\":\"https:\\\/\\\/aconteceunovale.com.br\\\/portal\\\/\"},{\"@type\":\"ListItem\",\"position\":2,\"name\":\"Previs\u00e3o do tempo para Minas Gerais, nesta segunda-feira, 24 de outubro\"}]},{\"@type\":\"WebSite\",\"@id\":\"https:\\\/\\\/aconteceunovale.com.br\\\/portal\\\/#website\",\"url\":\"https:\\\/\\\/aconteceunovale.com.br\\\/portal\\\/\",\"name\":\"Aconteceu no Vale\",\"description\":\"Portal de Not\u00edcias\",\"potentialAction\":[{\"@type\":\"SearchAction\",\"target\":{\"@type\":\"EntryPoint\",\"urlTemplate\":\"https:\\\/\\\/aconteceunovale.com.br\\\/portal\\\/?s={search_term_string}\"},\"query-input\":{\"@type\":\"PropertyValueSpecification\",\"valueRequired\":true,\"valueName\":\"search_term_string\"}}],\"inLanguage\":\"pt-BR\"},{\"@type\":\"Person\",\"@id\":\"https:\\\/\\\/aconteceunovale.com.br\\\/portal\\\/#\\\/schema\\\/person\\\/633529146f2c94272bef50ac2953d589\",\"name\":\"Aconteceu no Vale\",\"description\":\"Equipe de reportagem do Aconteceu no Vale, portal de not\u00edcias do Vale do Jequitinhonha, em Minas Gerais. Cobrimos as 51 cidades do Vale desde 2013. Sugest\u00f5es de pauta e pedidos de corre\u00e7\u00e3o: contato@aconteceunovale.com.br\",\"sameAs\":[\"http:\\\/\\\/www.aconteceunovale.com.br\"],\"url\":\"https:\\\/\\\/aconteceunovale.com.br\\\/portal\\\/?author=1\"}]}<\/script>\n<!-- \/ Yoast SEO plugin. -->","yoast_head_json":{"title":"Previs\u00e3o do tempo para Minas Gerais, nesta segunda-feira, 24 de outubro - Aconteceu no Vale","robots":{"index":"index","follow":"follow","max-snippet":"max-snippet:-1","max-image-preview":"max-image-preview:large","max-video-preview":"max-video-preview:-1"},"canonical":"https:\/\/aconteceunovale.com.br\/portal\/?p=99844","og_locale":"pt_BR","og_type":"article","og_title":"Previs\u00e3o do tempo para Minas Gerais, nesta segunda-feira, 24 de outubro - Aconteceu no Vale","og_description":"Nublado, com pancadas de chuva no Noroeste, Centro, Tri\u00e2ngulo, Alto Parana\u00edba, Oeste, Sul, Vertentes e Mata. Demais regi\u00f5es, predom\u00ednio do sol. Nesta segunda-feira (24\/10) o tempo segue inst\u00e1vel e h\u00e1 previs\u00e3o de pancadas de chuva em boa parte da Regi\u00e3o Sudeste do pa\u00eds. Em Minas Gerais o c\u00e9u deve ficar nublado a parcialmente nublado, com [&hellip;]","og_url":"https:\/\/aconteceunovale.com.br\/portal\/?p=99844","og_site_name":"Aconteceu no Vale","article_publisher":"https:\/\/www.facebook.com\/aconteceunovale\/","article_published_time":"2016-10-24T10:54:55+00:00","og_image":[{"width":400,"height":250,"url":"https:\/\/aconteceunovale.com.br\/portal\/wp-content\/uploads\/2016\/03\/previsao_do_tempo_2.jpg","type":"image\/jpeg"}],"author":"Aconteceu no Vale","twitter_card":"summary_large_image","twitter_creator":"@noticiadosvales","twitter_site":"@noticiadosvales","twitter_misc":{"Escrito por":"Aconteceu no Vale","Est. tempo de leitura":"1 minuto"},"schema":{"@context":"https:\/\/schema.org","@graph":[{"@type":"Article","@id":"https:\/\/aconteceunovale.com.br\/portal\/?p=99844#article","isPartOf":{"@id":"https:\/\/aconteceunovale.com.br\/portal\/?p=99844"},"author":{"name":"Aconteceu no Vale","@id":"https:\/\/aconteceunovale.com.br\/portal\/#\/schema\/person\/633529146f2c94272bef50ac2953d589"},"headline":"Previs\u00e3o do tempo para Minas Gerais, nesta segunda-feira, 24 de outubro","datePublished":"2016-10-24T10:54:55+00:00","mainEntityOfPage":{"@id":"https:\/\/aconteceunovale.com.br\/portal\/?p=99844"},"wordCount":160,"commentCount":0,"image":{"@id":"https:\/\/aconteceunovale.com.br\/portal\/?p=99844#primaryimage"},"thumbnailUrl":"https:\/\/aconteceunovale.com.br\/portal\/wp-content\/uploads\/2016\/03\/previsao_do_tempo_2.jpg","keywords":["24 de outubro","Belo Horizonte","Minas Gerais","nesta segunda-feira","previs\u00e3o do tempo","Previs\u00e3o do tempo para belo horizonte","Previs\u00e3o do tempo para Belo Horizonte 24 de outubro","Previs\u00e3o do tempo para Belo Horizonte nesta segunda-feira","Previs\u00e3o do tempo para Belo Horizonte nesta segunda-feira 24 de outubro","previs\u00e3o do tempo para minas gerais","Previs\u00e3o do tempo para Minas Gerais 24 de outubro","Previs\u00e3o do tempo para Minas Gerais nesta segunda-feira","Previs\u00e3o do tempo para Minas Gerais nesta segunda-feira 24 de outubro","segunda-feira 24 de outubro"],"articleSection":["Minas Gerais"],"inLanguage":"pt-BR","potentialAction":[{"@type":"CommentAction","name":"Comment","target":["https:\/\/aconteceunovale.com.br\/portal\/?p=99844#respond"]}]},{"@type":"WebPage","@id":"https:\/\/aconteceunovale.com.br\/portal\/?p=99844","url":"https:\/\/aconteceunovale.com.br\/portal\/?p=99844","name":"Previs\u00e3o do tempo para Minas Gerais, nesta segunda-feira, 24 de outubro - Aconteceu no Vale","isPartOf":{"@id":"https:\/\/aconteceunovale.com.br\/portal\/#website"},"primaryImageOfPage":{"@id":"https:\/\/aconteceunovale.com.br\/portal\/?p=99844#primaryimage"},"image":{"@id":"https:\/\/aconteceunovale.com.br\/portal\/?p=99844#primaryimage"},"thumbnailUrl":"https:\/\/aconteceunovale.com.br\/portal\/wp-content\/uploads\/2016\/03\/previsao_do_tempo_2.jpg","datePublished":"2016-10-24T10:54:55+00:00","author":{"@id":"https:\/\/aconteceunovale.com.br\/portal\/#\/schema\/person\/633529146f2c94272bef50ac2953d589"},"breadcrumb":{"@id":"https:\/\/aconteceunovale.com.br\/portal\/?p=99844#breadcrumb"},"inLanguage":"pt-BR","potentialAction":[{"@type":"ReadAction","target":["https:\/\/aconteceunovale.com.br\/portal\/?p=99844"]}]},{"@type":"ImageObject","inLanguage":"pt-BR","@id":"https:\/\/aconteceunovale.com.br\/portal\/?p=99844#primaryimage","url":"https:\/\/aconteceunovale.com.br\/portal\/wp-content\/uploads\/2016\/03\/previsao_do_tempo_2.jpg","contentUrl":"https:\/\/aconteceunovale.com.br\/portal\/wp-content\/uploads\/2016\/03\/previsao_do_tempo_2.jpg","width":400,"height":250},{"@type":"BreadcrumbList","@id":"https:\/\/aconteceunovale.com.br\/portal\/?p=99844#breadcrumb","itemListElement":[{"@type":"ListItem","position":1,"name":"In\u00edcio","item":"https:\/\/aconteceunovale.com.br\/portal\/"},{"@type":"ListItem","position":2,"name":"Previs\u00e3o do tempo para Minas Gerais, nesta segunda-feira, 24 de outubro"}]},{"@type":"WebSite","@id":"https:\/\/aconteceunovale.com.br\/portal\/#website","url":"https:\/\/aconteceunovale.com.br\/portal\/","name":"Aconteceu no Vale","description":"Portal de Not\u00edcias","potentialAction":[{"@type":"SearchAction","target":{"@type":"EntryPoint","urlTemplate":"https:\/\/aconteceunovale.com.br\/portal\/?s={search_term_string}"},"query-input":{"@type":"PropertyValueSpecification","valueRequired":true,"valueName":"search_term_string"}}],"inLanguage":"pt-BR"},{"@type":"Person","@id":"https:\/\/aconteceunovale.com.br\/portal\/#\/schema\/person\/633529146f2c94272bef50ac2953d589","name":"Aconteceu no Vale","description":"Equipe de reportagem do Aconteceu no Vale, portal de not\u00edcias do Vale do Jequitinhonha, em Minas Gerais. Cobrimos as 51 cidades do Vale desde 2013. Sugest\u00f5es de pauta e pedidos de corre\u00e7\u00e3o: contato@aconteceunovale.com.br","sameAs":["http:\/\/www.aconteceunovale.com.br"],"url":"https:\/\/aconteceunovale.com.br\/portal\/?author=1"}]}},"_links":{"self":[{"href":"https:\/\/aconteceunovale.com.br\/portal\/index.php?rest_route=\/wp\/v2\/posts\/99844","targetHints":{"allow":["GET"]}}],"collection":[{"href":"https:\/\/aconteceunovale.com.br\/portal\/index.php?rest_route=\/wp\/v2\/posts"}],"about":[{"href":"https:\/\/aconteceunovale.com.br\/portal\/index.php?rest_route=\/wp\/v2\/types\/post"}],"author":[{"embeddable":true,"href":"https:\/\/aconteceunovale.com.br\/portal\/index.php?rest_route=\/wp\/v2\/users\/1"}],"replies":[{"embeddable":true,"href":"https:\/\/aconteceunovale.com.br\/portal\/index.php?rest_route=%2Fwp%2Fv2%2Fcomments&post=99844"}],"version-history":[{"count":0,"href":"https:\/\/aconteceunovale.com.br\/portal\/index.php?rest_route=\/wp\/v2\/posts\/99844\/revisions"}],"wp:featuredmedia":[{"embeddable":true,"href":"https:\/\/aconteceunovale.com.br\/portal\/index.php?rest_route=\/wp\/v2\/media\/82499"}],"wp:attachment":[{"href":"https:\/\/aconteceunovale.com.br\/portal\/index.php?rest_route=%2Fwp%2Fv2%2Fmedia&parent=99844"}],"wp:term":[{"taxonomy":"category","embeddable":true,"href":"https:\/\/aconteceunovale.com.br\/portal\/index.php?rest_route=%2Fwp%2Fv2%2Fcategories&post=99844"},{"taxonomy":"post_tag","embeddable":true,"href":"https:\/\/aconteceunovale.com.br\/portal\/index.php?rest_route=%2Fwp%2Fv2%2Ftags&post=99844"}],"curies":[{"name":"wp","href":"https:\/\/api.w.org\/{rel}","templated":true}]}}