{"id":99827,"date":"2016-10-23T19:24:47","date_gmt":"2016-10-23T22:24:47","guid":{"rendered":"http:\/\/aconteceunovale.com.br\/portal\/?p=99827"},"modified":"2016-10-23T19:24:47","modified_gmt":"2016-10-23T22:24:47","slug":"policia-civil-empossa-novos-delegados-em-montes-claros","status":"publish","type":"post","link":"https:\/\/aconteceunovale.com.br\/portal\/?p=99827","title":{"rendered":"Pol\u00edcia Civil empossa novos delegados em Montes Claros"},"content":{"rendered":"<p>Com a miss\u00e3o de gerir a Pol\u00edcia Civil no Norte de Minas tomaram posse, na quinta-feira (20\/10\/2016), o Chefe do Departamento de Montes Claros, Delegado Renato Nunes Henriques; e o Titular da Delegacia Regional, Delegado Jurandir Rodrigues C\u00e9sar Filho. A solenidade, realizada na Regi\u00e3o Integrada de Seguran\u00e7a P\u00fablica do munic\u00edpio, foi prestigiada pelo Chefe da Pol\u00edcia Civil de Minas Gerais (PCMG), Delegado Jo\u00e3o Octacilio Silva Neto, o Chefe-Adjunto, Raimundo Nonato Gon\u00e7alves e membros do Conselho Superior da institui\u00e7\u00e3o. Tamb\u00e9m estavam presentes as principais autoridades locais.<\/p>\n<p>Houve discursos emocionados, acompanhados de agradecimentos aos percussores da carreira, aos amigos e familiares. A solenidade deixou claro que a efici\u00eancia ser\u00e1 uma busca constante dos novos titulares das unidades. Em seus discursos, ambos os delegados falaram sobre os projetos para a atua\u00e7\u00e3o na regi\u00e3o, que incluem a otimiza\u00e7\u00e3o dos recursos j\u00e1 existentes.<\/p>\n<p>Durante o evento, a emo\u00e7\u00e3o tamb\u00e9m foi percept\u00edvel na entrega de um certificado de Honra ao M\u00e9rito aos 39 policiais civis que participaram, em Pirapora (MG), da opera\u00e7\u00e3o que prendeu os autores do homic\u00eddio de um policial naquele munic\u00edpio. O certificado foi entregue pelo Chefe da PCMG e pelo Chefe-Adjunto da Pol\u00edcia Civil. Muito emocionados, os policiais homenageados foram elogiados pelas autoridades e receberam uma salva de palmas.<\/p>\n<p><img decoding=\"async\" src=\"http:\/\/aconteceunovale.com.br\/portal\/wp-content\/uploads\/2016\/10\/posse_delegados_moc_2.jpg\" alt=\"\" \/><em>Policiais recebem Certificado de Honra ao M\u00e9rito (Divulga\u00e7\u00e3o\/PCMG)<\/em><br \/>\n<\/br><\/p>\n<p>A solenidade foi bastante prestigiada. Entre aquelas que compuseram a mesa de honra, estavam o Chefe e o Chefe Adjunto da Pol\u00edcia Civil; os delegados empossados; o Inspetor Geral dos Investigadores, Willian de Oliveira Braga; o prefeito de Montes Claros, Jose Vicente Medeiros; o presidente da C\u00e2mara Municipal de Montes Claros, Marcos Martins de Freitas; o Comandante do 55\u00ba Batalh\u00e3o do Ex\u00e9rcito, Tenente Coronel Marcus Vinicius Mansur Messeder; o Delegado Chefe da Pol\u00edcia Federal em Montes Claros, Marcelo Eduardo Freitas; o Comandante do 10\u00ba Batalh\u00e3o de Pol\u00edcia Militar, Tenente Coronel Ederson da Cruz Pereira; o Comandante do 4\u00ba Comando Operacional dos Bombeiros Militares, Coronel Primo Lara de Almeida; o Defensor P\u00fablico da Uni\u00e3o, Rodrigo Braz Barbosa; entre outras autoridades.<\/p>\n<p><strong>Trabalho<\/strong><\/p>\n<p>Para o Chefe da Pol\u00edcia Civil, Jo\u00e3o Octac\u00edlio da Silva Neto, a posse dos novos delegados em Montes Claros \u00e9 motivo de alegria, uma vez que ele conhece a regi\u00e3o &#8211; tendo sido Delegado Regional de Pirapora &#8211; e reconhece a compet\u00eancia, a humildade e o car\u00e1ter dos novos empossados. &#8220;Tenho convic\u00e7\u00e3o que o Renato e o Jurandir ir\u00e3o realizar um trabalho primoroso. Esta, n\u00e3o \u00e9 s\u00f3 uma convic\u00e7\u00e3o minha, mas de toda a Pol\u00edcia Civil de Minas Gerais, que lhes confiam um cargo de tamanha import\u00e2ncia&#8221;, afirma.<\/p>\n<p><img decoding=\"async\" src=\"http:\/\/aconteceunovale.com.br\/portal\/wp-content\/uploads\/2016\/10\/posse_delegados_moc_1.jpg\" alt=\"\" \/><em>Policiais recebem Certificado de Honra ao M\u00e9rito (Divulga\u00e7\u00e3o\/PCMG)<\/em><br \/>\n<\/br><\/p>\n<p>De acordo com o Delegado Regional de Montes Claros, Jurandir Rodrigues C\u00e9sar Filho, a Pol\u00edcia Civil j\u00e1 vem se estruturando no munic\u00edpio e ele pretende dar continuidade a esse trabalho que as chefias anteriores estavam realizando, com a motiva\u00e7\u00e3o dos policiais, estruturando as delegacias e combatendo a criminalidade. &#8220;Os crimes j\u00e1 t\u00eam sido combatidos de maneira contundente pela Pol\u00edcia e daremos continuidade a esse trabalho de repress\u00e3o qualificada, principalmente aos crimes de homic\u00eddio, contra o patrim\u00f4nio e o pr\u00f3prio tr\u00e1fico de drogas&#8221;, afirma.<\/p>\n<p>Para o Delegado, os principais desafio s\u00e3o na quest\u00e3o or\u00e7ament\u00e1ria, portanto a inten\u00e7\u00e3o \u00e9 otimizar os recursos estruturais e humanos dispon\u00edveis, em busca de garantir maior efici\u00eancia e um trabalho de qualidade para a regi\u00e3o de Montes Claros.<\/p>\n<p>Para o Chefe do Departamento, Delegado Renato Nunes Henriques, as expectativas para o trabalho s\u00e3o as melhores poss\u00edveis. Ele explica que atualmente o Norte de Minas conta com um representante no Conselho Superior da Pol\u00edcia, o Delegado Raimundo Nonato, e tamb\u00e9m o Chefe da Pol\u00edcia, Jo\u00e3o Octac\u00edlio da Silva Neto, conhece a realidade do Norte mineiro. Entre os planos para a gest\u00e3o, ele cita voltar com as delegacias especializadas; criar uma equipe de resposta r\u00e1pida no Departamento, com atua\u00e7\u00e3o em toda a sua \u00e1rea; criar uma Delegacia de Meio Ambiente; e criar um N\u00facleo Correcional com atua\u00e7\u00e3o em todas as regionais. &#8220;Uma corregedoria forte co\u00edbe alguns desvios e permite que a Pol\u00edcia seja mais respeitada perante as outras institui\u00e7\u00f5es&#8221;, garante.<\/p>\n<p>O prefeito de Montes Claros, Jos\u00e9 Vicente Medeiros, afirma que a seguran\u00e7a no Brasil est\u00e1 defasada e o Norte de Minas tamb\u00e9m est\u00e1 sofrendo com isso. &#8220;Tudo o que vier contribuir para a melhoria da nossa seguran\u00e7a \u00e9 bem-vindo, como a posse dos novos delegados, de suma import\u00e2ncia&#8221;, afirma. Segundo ele, haver\u00e1 a doa\u00e7\u00e3o de um terreno para que a institui\u00e7\u00e3o tenha uma estrutura f\u00edsica melhor no munic\u00edpio. &#8220;O terreno j\u00e1 existe e s\u00f3 falta transferir para a Pol\u00edcia&#8221;, garante.<\/p>\n<p><em>(Fonte: PCMG)<\/em><\/p>\n","protected":false},"excerpt":{"rendered":"<p>Com a miss\u00e3o de gerir a Pol\u00edcia Civil no Norte de Minas tomaram posse, na quinta-feira (20\/10\/2016), o Chefe do Departamento de Montes Claros, Delegado Renato Nunes Henriques; e o Titular da Delegacia Regional, Delegado Jurandir Rodrigues C\u00e9sar Filho. A solenidade, realizada na Regi\u00e3o Integrada de Seguran\u00e7a P\u00fablica do munic\u00edpio, foi prestigiada pelo Chefe da [&hellip;]<\/p>\n","protected":false},"author":1,"featured_media":99828,"comment_status":"open","ping_status":"closed","sticky":false,"template":"","format":"standard","meta":{"amp_status":"","footnotes":""},"categories":[1236],"tags":[121921,121932,121934,121929,121935,121931,121925,121924,121922,93374,93535,121928,210,254,121937,121920,33158,92436,121926,25463,121936,121933,121930,121923,121927],"class_list":["post-99827","post","type-post","status-publish","format-standard","has-post-thumbnail","hentry","category-norte_de_minas","tag-chefe-do-departamento-de-montes-claros","tag-comandante-do-10o-batalhao-de-policia-militar","tag-comandante-do-4o-comando-operacional-dos-bombeiros-militares","tag-comandante-do-55o-batalhao-do-exercito","tag-coronel-primo-lara-de-almeida","tag-delegado-chefe-da-policia-federal-em-montes-claros","tag-delegado-joao-octacilio-silva-neto","tag-delegado-jurandir-rodrigues-cesar-filho","tag-delegado-renato-nunes-henriques","tag-jose-vicente-medeiros","tag-marcelo-eduardo-freitas","tag-marcos-martins-de-freitas","tag-montes-claros","tag-pirapora","tag-policia-civil-empossa-novos-delegados-em-montes-claros","tag-policia-civil-no-norte-de-minas","tag-prefeito-de-montes-claros","tag-presidente-da-camara-municipal-de-montes-claros","tag-raimundo-nonato-goncalves","tag-renato-nunes-henriques","tag-rodrigo-braz-barbosa","tag-tenente-coronel-ederson-da-cruz-pereira","tag-tenente-coronel-marcus-vinicius-mansur-messeder","tag-titular-da-delegacia-regional-de-montes-claros","tag-willian-de-oliveira-braga"],"_links":{"self":[{"href":"https:\/\/aconteceunovale.com.br\/portal\/index.php?rest_route=\/wp\/v2\/posts\/99827","targetHints":{"allow":["GET"]}}],"collection":[{"href":"https:\/\/aconteceunovale.com.br\/portal\/index.php?rest_route=\/wp\/v2\/posts"}],"about":[{"href":"https:\/\/aconteceunovale.com.br\/portal\/index.php?rest_route=\/wp\/v2\/types\/post"}],"author":[{"embeddable":true,"href":"https:\/\/aconteceunovale.com.br\/portal\/index.php?rest_route=\/wp\/v2\/users\/1"}],"replies":[{"embeddable":true,"href":"https:\/\/aconteceunovale.com.br\/portal\/index.php?rest_route=%2Fwp%2Fv2%2Fcomments&post=99827"}],"version-history":[{"count":0,"href":"https:\/\/aconteceunovale.com.br\/portal\/index.php?rest_route=\/wp\/v2\/posts\/99827\/revisions"}],"wp:featuredmedia":[{"embeddable":true,"href":"https:\/\/aconteceunovale.com.br\/portal\/index.php?rest_route=\/wp\/v2\/media\/99828"}],"wp:attachment":[{"href":"https:\/\/aconteceunovale.com.br\/portal\/index.php?rest_route=%2Fwp%2Fv2%2Fmedia&parent=99827"}],"wp:term":[{"taxonomy":"category","embeddable":true,"href":"https:\/\/aconteceunovale.com.br\/portal\/index.php?rest_route=%2Fwp%2Fv2%2Fcategories&post=99827"},{"taxonomy":"post_tag","embeddable":true,"href":"https:\/\/aconteceunovale.com.br\/portal\/index.php?rest_route=%2Fwp%2Fv2%2Ftags&post=99827"}],"curies":[{"name":"wp","href":"https:\/\/api.w.org\/{rel}","templated":true}]}}