{"id":99822,"date":"2016-10-23T19:00:24","date_gmt":"2016-10-23T22:00:24","guid":{"rendered":"http:\/\/aconteceunovale.com.br\/portal\/?p=99822"},"modified":"2016-10-23T19:00:41","modified_gmt":"2016-10-23T22:00:41","slug":"voo-que-saiu-de-minas-gerais-tem-rota-desviada-por-limitacao-tecnica","status":"publish","type":"post","link":"https:\/\/aconteceunovale.com.br\/portal\/?p=99822","title":{"rendered":"Voo que saiu de Minas Gerais tem rota desviada"},"content":{"rendered":"<p>Um voo da Gol que decolou do Aeroporto Internacional Tancredo Neves, em Confins, na Grande BH, na manh\u00e3 deste domingo (23\/10\/2016), teve a rota desviada devido a um problema em dispositivo usado para auxiliar no pouso. A aeronave deveria pousar em Congonhas, mas, devido ao tamanho da pista, o voo seguiu para Guarulhos por precau\u00e7\u00e3o.<\/p>\n<p>O voo G3 5472 saiu de Confins \u00e0s 10h10, com aterrissagem prevista para as 11h20. Mas, ao ser sinalizado da limita\u00e7\u00e3o t\u00e9cnica, a companhia preferiu desviar a rota. Em nota, a companhia a\u00e9rea diz que \u201cessa \u00e9 uma medida preventiva de seguran\u00e7a e prevista para este tipo de ocorr\u00eancia t\u00e9cnica\u201d.<\/p>\n<p>O pouso foi feito \u00e0s 11h30. Segundo a Gol, os 125 passageiros receberam assist\u00eancia e foram transportados para o aeroporto de Congonhas.<\/p>\n<p><img decoding=\"async\" src=\"http:\/\/aconteceunovale.com.br\/portal\/wp-content\/uploads\/2016\/10\/pouso_congonhas.jpg\" alt=\"\" \/><em>Avi\u00e3o da Gol precisou fazer pouso de emerg\u00eancia (Foto: Reprodu\u00e7\u00e3o\/Site Avi\u00f5es e M\u00fasicas)<\/em><br \/>\n<\/br><\/p>\n<p><em>(Fonte: O Tempo)<\/em><\/p>\n","protected":false},"excerpt":{"rendered":"<p>Um voo da Gol que decolou do Aeroporto Internacional Tancredo Neves, em Confins, na Grande BH, na manh\u00e3 deste domingo (23\/10\/2016), teve a rota desviada devido a um problema em dispositivo usado para auxiliar no pouso. A aeronave deveria pousar em Congonhas, mas, devido ao tamanho da pista, o voo seguiu para Guarulhos por precau\u00e7\u00e3o. [&hellip;]<\/p>\n","protected":false},"author":1,"featured_media":99824,"comment_status":"open","ping_status":"closed","sticky":false,"template":"","format":"standard","meta":{"amp_status":"","footnotes":""},"categories":[6],"tags":[31460,121918,22090,121913,121915,121911,121916,121912,121910,121914,121919],"class_list":["post-99822","post","type-post","status-publish","format-standard","has-post-thumbnail","hentry","category-br","tag-aeroporto-internacional-tancredo-neves","tag-aviao-gol-pouso-forcado-em-congonhas","tag-confins","tag-falha-em-aviao-da-gol-que-seguia-de-confins-para-sao-paulo","tag-falha-em-voo-g3-5472","tag-problema-em-voo-da-gol-que-decolou-de-confins","tag-problema-em-voo-g3-5472","tag-problema-mecanico-em-voo-da-gol-que-decolou-de-confins","tag-voo-da-gol-que-decolou-de-confins","tag-voo-g3-5472","tag-voo-que-saiu-de-minas-gerais-tem-rota-desviada"],"_links":{"self":[{"href":"https:\/\/aconteceunovale.com.br\/portal\/index.php?rest_route=\/wp\/v2\/posts\/99822","targetHints":{"allow":["GET"]}}],"collection":[{"href":"https:\/\/aconteceunovale.com.br\/portal\/index.php?rest_route=\/wp\/v2\/posts"}],"about":[{"href":"https:\/\/aconteceunovale.com.br\/portal\/index.php?rest_route=\/wp\/v2\/types\/post"}],"author":[{"embeddable":true,"href":"https:\/\/aconteceunovale.com.br\/portal\/index.php?rest_route=\/wp\/v2\/users\/1"}],"replies":[{"embeddable":true,"href":"https:\/\/aconteceunovale.com.br\/portal\/index.php?rest_route=%2Fwp%2Fv2%2Fcomments&post=99822"}],"version-history":[{"count":0,"href":"https:\/\/aconteceunovale.com.br\/portal\/index.php?rest_route=\/wp\/v2\/posts\/99822\/revisions"}],"wp:featuredmedia":[{"embeddable":true,"href":"https:\/\/aconteceunovale.com.br\/portal\/index.php?rest_route=\/wp\/v2\/media\/99824"}],"wp:attachment":[{"href":"https:\/\/aconteceunovale.com.br\/portal\/index.php?rest_route=%2Fwp%2Fv2%2Fmedia&parent=99822"}],"wp:term":[{"taxonomy":"category","embeddable":true,"href":"https:\/\/aconteceunovale.com.br\/portal\/index.php?rest_route=%2Fwp%2Fv2%2Fcategories&post=99822"},{"taxonomy":"post_tag","embeddable":true,"href":"https:\/\/aconteceunovale.com.br\/portal\/index.php?rest_route=%2Fwp%2Fv2%2Ftags&post=99822"}],"curies":[{"name":"wp","href":"https:\/\/api.w.org\/{rel}","templated":true}]}}