{"id":99806,"date":"2016-10-23T11:26:01","date_gmt":"2016-10-23T14:26:01","guid":{"rendered":"http:\/\/aconteceunovale.com.br\/portal\/?p=99806"},"modified":"2016-10-23T11:26:01","modified_gmt":"2016-10-23T14:26:01","slug":"seca-avanca-no-nordeste-e-assume-contornos-severos-mostra-estudo","status":"publish","type":"post","link":"https:\/\/aconteceunovale.com.br\/portal\/?p=99806","title":{"rendered":"Seca avan\u00e7a no Nordeste e assume contornos severos, mostra estudo"},"content":{"rendered":"<p>Os cen\u00e1rios de seca extrema e seca excepcional cresceram no Nordeste, abrangendo partes de todos os 9 estados. \u00c9 o que mostra o mapa de setembro do Monitor de Secas do Nordeste do Brasil. O Cear\u00e1 \u00e9 um dos que apresentam maior avan\u00e7o da estiagem. Segundo a Funda\u00e7\u00e3o Cearense de Meteorologia e Recursos H\u00eddricos (Funceme), 75% do territ\u00f3rio do estado apresenta seca extrema ou seca excepcional.<\/p>\n<p>Em rela\u00e7\u00e3o ao mesmo per\u00edodo do ano passado, o quadro se agravou de forma significativa na regi\u00e3o. Em setembro de 2015, o Maranh\u00e3o, por exemplo, possu\u00eda \u00e1reas de seca grave, moderada e fraca. O mapa de setembro deste ano mostra grande parte do territ\u00f3rio do estado com seca extrema.<\/p>\n<p>\u201cO avan\u00e7o da intensidade de seca mais severa tem atingido at\u00e9 regi\u00f5es litor\u00e2neas que, geralmente, s\u00e3o mais beneficiadas com chuvas. Por exemplo, o litoral do leste do Nordeste, desde o Rio Grande do Norte at\u00e9 parte da Bahia\u201d, cita o meteorologista da Funceme, Raul Fritz.<\/p>\n<p>No Cear\u00e1, o mapa do Monitor mostra a expans\u00e3o da seca extrema em dire\u00e7\u00e3o ao norte e o aumento da \u00e1rea com seca excepcional no Centro Sul. Os contornos de seca extrema em munic\u00edpios da Regi\u00e3o Metropolitana de Fortaleza tamb\u00e9m ficam evidentes em setembro. At\u00e9 agosto, a \u00e1rea apresentava seca grave.<\/p>\n<p>\u201cEssa situa\u00e7\u00e3o j\u00e1 era esperada porque, de agosto para setembro, a ocorr\u00eancia de chuvas \u00e9 insignificante e o segundo semestre \u00e9 considerado seco. Geralmente, tem um chuvisco ao longo do litoral. Sem chuva, a condi\u00e7\u00e3o de seca tende a se agravar. As condi\u00e7\u00f5es j\u00e1 vinham secas e pioraram ainda mais\u201d, explica Fritz.<\/p>\n<p>Ele acrescenta que a tend\u00eancia \u00e9 de o quadro se agravar at\u00e9 dezembro tanto devido \u00e0 aus\u00eancia de chuva como pela elevada radia\u00e7\u00e3o solar, que provoca a evapora\u00e7\u00e3o da \u00e1gua dos reservat\u00f3rios do estado. Os 153 a\u00e7udes monitorados pelo Governo do Cear\u00e1 possuem, juntos, apenas 8% de sua capacidade.<\/p>\n<p>Em Quixad\u00e1, no Sert\u00e3o Central (a 215 quil\u00f4metros de Fortaleza), n\u00e3o se v\u00ea chuva desde o fim da quadra invernosa deste ano (per\u00edodo entre fevereiro e maio que concentra a maior parte da chuva no estado). O relato \u00e9 do presidente da Associa\u00e7\u00e3o dos Agricultores do Distrito de Riacho Verde, Francisco Rodrigues. O centen\u00e1rio a\u00e7ude Cedro, s\u00edmbolo das primeiras interven\u00e7\u00f5es para enfrentar os efeitos da seca, j\u00e1 n\u00e3o contribui mais nem com \u00e1gua nem com forragem para alimentar os animais.<\/p>\n<p>\u201cA maioria dos produtores teve que se desfazer do rebanho para n\u00e3o ver os animais morrerem e alguns que ainda t\u00eam gado sobrevivem a duras penas. Na agricultura, n\u00e3o teve produ\u00e7\u00e3o porque o inverno foi muito fraco. A situa\u00e7\u00e3o est\u00e1 dif\u00edcil.\u201d<\/p>\n<p>O Cear\u00e1 enfrenta cinco secas seguidas desde 2011 e a Funda\u00e7\u00e3o Cearense de Meteorologia e Recursos H\u00eddricos (Funceme) ainda n\u00e3o se pronunciou sobre a esta\u00e7\u00e3o chuvosa de 2017. De acordo com o meteorologista da funda\u00e7\u00e3o, ainda n\u00e3o h\u00e1 defini\u00e7\u00f5es sobre as condi\u00e7\u00f5es dos oceanos Atl\u00e2ntico e Pac\u00edfico, que influenciam as chuvas no estado.<\/p>\n<p>Pelo quadro atual, conforme Rodrigues, existe uma baixa probabilidade de que ocorra um El Ni\u00f1o (aquecimento anormal das \u00e1guas do Pac\u00edfico Equatorial, que atrapalha o regime de chuva). Por outro lado, \u00e9 poss\u00edvel que haja La Ni\u00f1a (resfriamento da mesma \u00e1rea do oceano, que t\u00eam efeito inverso do El Ni\u00f1o), mas o fen\u00f4meno pode n\u00e3o ser intenso nem se prolongar por toda a quadra invernosa no Cear\u00e1.<\/p>\n<p>\u201cAs pessoas, vendo esse resfriamento do Oceano Pac\u00edfico, ficaram animadas, mas a gente tem que ter cautela. Vamos ver se vai se configurar como fen\u00f4meno t\u00edpico, se vai ter uma intensidade que permita ter uma repercuss\u00e3o positiva.\u201d<\/p>\n<p><img decoding=\"async\" src=\"http:\/\/aconteceunovale.com.br\/portal\/wp-content\/uploads\/2016\/10\/seca_nordeste.jpg\" alt=\"\" \/><em>Seca afeta estados do Nordeste (Foto: Arquivo\/Ag\u00eancia Brasil)<\/em><br \/>\n<\/br><\/p>\n<p>(Ag\u00eancia Brasil)<\/p>\n","protected":false},"excerpt":{"rendered":"<p>Os cen\u00e1rios de seca extrema e seca excepcional cresceram no Nordeste, abrangendo partes de todos os 9 estados. \u00c9 o que mostra o mapa de setembro do Monitor de Secas do Nordeste do Brasil. O Cear\u00e1 \u00e9 um dos que apresentam maior avan\u00e7o da estiagem. Segundo a Funda\u00e7\u00e3o Cearense de Meteorologia e Recursos H\u00eddricos (Funceme), [&hellip;]<\/p>\n","protected":false},"author":1,"featured_media":99807,"comment_status":"open","ping_status":"closed","sticky":false,"template":"","format":"standard","meta":{"amp_status":"","footnotes":""},"categories":[6],"tags":[121880,11469,121872,121875,121882,958,14684,121881,121877,121876,23235,121878,121873,87099,39319,121879,144,121883,121874],"class_list":["post-99806","post","type-post","status-publish","format-standard","has-post-thumbnail","hentry","category-br","tag-associacao-dos-agricultores-do-distrito-de-riacho-verde","tag-ceara","tag-cenarios-de-seca-extrema-e-seca-excepcional-cresceram-no-nordeste","tag-estiagem-no-nordeste","tag-excepcional","tag-extrema","tag-fortaleza","tag-francisco-rodrigues","tag-funceme","tag-fundacao-cearense-de-meteorologia-e-recursos-hidricos","tag-mapa","tag-meteorologista-da-funceme","tag-monitor-de-secas-do-nordeste-do-brasil","tag-nordeste","tag-quixada","tag-raul-fritz","tag-seca","tag-seca-avanca-no-nordeste-e-assume-contornos-severos","tag-seca-no-nordeste"],"_links":{"self":[{"href":"https:\/\/aconteceunovale.com.br\/portal\/index.php?rest_route=\/wp\/v2\/posts\/99806","targetHints":{"allow":["GET"]}}],"collection":[{"href":"https:\/\/aconteceunovale.com.br\/portal\/index.php?rest_route=\/wp\/v2\/posts"}],"about":[{"href":"https:\/\/aconteceunovale.com.br\/portal\/index.php?rest_route=\/wp\/v2\/types\/post"}],"author":[{"embeddable":true,"href":"https:\/\/aconteceunovale.com.br\/portal\/index.php?rest_route=\/wp\/v2\/users\/1"}],"replies":[{"embeddable":true,"href":"https:\/\/aconteceunovale.com.br\/portal\/index.php?rest_route=%2Fwp%2Fv2%2Fcomments&post=99806"}],"version-history":[{"count":0,"href":"https:\/\/aconteceunovale.com.br\/portal\/index.php?rest_route=\/wp\/v2\/posts\/99806\/revisions"}],"wp:featuredmedia":[{"embeddable":true,"href":"https:\/\/aconteceunovale.com.br\/portal\/index.php?rest_route=\/wp\/v2\/media\/99807"}],"wp:attachment":[{"href":"https:\/\/aconteceunovale.com.br\/portal\/index.php?rest_route=%2Fwp%2Fv2%2Fmedia&parent=99806"}],"wp:term":[{"taxonomy":"category","embeddable":true,"href":"https:\/\/aconteceunovale.com.br\/portal\/index.php?rest_route=%2Fwp%2Fv2%2Fcategories&post=99806"},{"taxonomy":"post_tag","embeddable":true,"href":"https:\/\/aconteceunovale.com.br\/portal\/index.php?rest_route=%2Fwp%2Fv2%2Ftags&post=99806"}],"curies":[{"name":"wp","href":"https:\/\/api.w.org\/{rel}","templated":true}]}}