{"id":99792,"date":"2016-10-22T20:44:27","date_gmt":"2016-10-22T23:44:27","guid":{"rendered":"http:\/\/aconteceunovale.com.br\/portal\/?p=99792"},"modified":"2016-10-22T20:44:27","modified_gmt":"2016-10-22T23:44:27","slug":"governador-valadares-tera-racionamento-de-agua-a-partir-proxima-terca-feira","status":"publish","type":"post","link":"https:\/\/aconteceunovale.com.br\/portal\/?p=99792","title":{"rendered":"Governador Valadares ter\u00e1 racionamento de \u00e1gua a partir pr\u00f3xima ter\u00e7a-feira"},"content":{"rendered":"<p>Na pr\u00f3xima semana, a partir da ter\u00e7a-feira (25\/10), o abastecimento de \u00e1gua de Governador Valadares (MG) sofrer\u00e1 racionamento em fun\u00e7\u00e3o de obras que fazem parte do Plano de Emerg\u00eancia para o per\u00edodo chuvoso. Segundo a assessoria de comunica\u00e7\u00e3o da Prefeitura, o racionamento segue at\u00e9 o dia 15 de novembro.<\/p>\n<p>Em fun\u00e7\u00e3o do rompimento da barragem em Mariana, no ano passado, a Mineradora Samarco foi obrigada a apresentar um Plano de Emerg\u00eancia em fun\u00e7\u00e3o de poss\u00edveis problemas que podem advir com o per\u00edodo chuvoso que se aproxima. Entre outras coisas, no Plano est\u00e3o previstas estas obras de melhoria no sistema de tratamento do Servi\u00e7o Aut\u00f4nomo de \u00c1gua e Esgoto (SAAE), para garantir o abastecimento, caso haja maior turbidez na \u00e1gua do Rio Doce.<\/p>\n<p><strong>Racionamento<\/strong><\/p>\n<p>O racionamento come\u00e7ar\u00e1 pela Esta\u00e7\u00e3o de Tratamento de \u00c1gua (ETA), do Bairro Vila Isa, no dia 25 de outubro. O volume de \u00e1gua ser\u00e1 reduzido em 26%, representando menos quatro milh\u00f5es de litros de \u00e1gua por dia. A ETA Central come\u00e7a a racionar a partir do dia 29 de outubro, reduzindo a vaz\u00e3o em 37%, sendo menos 30 milh\u00f5es de litros de \u00e1gua por dia.<\/p>\n<p>Apenas no dia 30 de outubro haver\u00e1 uma paralisa\u00e7\u00e3o total da ETA Central, por aproximadamente seis horas, com in\u00edcio a partir das sete horas da manh\u00e3. Essa suspens\u00e3o do abastecimento ser\u00e1 para a limpeza dos floculadores, que comp\u00f5e o sistema de tratamento da \u00e1gua; um procedimento de manuten\u00e7\u00e3o da ETA.<\/p>\n<p>A diretora-adjunta do SAAE, Mayara Martins, ressalta a import\u00e2ncia da medida com a chegada do per\u00edodo chuvoso. \u201cNo momento, n\u00e3o conseguimos prever o n\u00edvel de turbidez que o Rio Doce poder\u00e1 atingir durante o per\u00edodo chuvoso; por isso, a medida \u00e9 uma forma de preven\u00e7\u00e3o e de extrema import\u00e2ncia para garantir a melhoria das condi\u00e7\u00f5es de tratamento da \u00e1gua, tanto em qualidade, quanto em quantidade. Para tanto, o SAAE j\u00e1 solicitou o apoio da Samarco, com a disponibiliza\u00e7\u00e3o de 20 caminh\u00f5es-pipa para atender a cidade durante esse per\u00edodo, onde houver necessidade\u201d, reitera.<\/p>\n<p>Todo o servi\u00e7o ser\u00e1 executado por uma empresa terceirizada da Samarco. As obras est\u00e3o relacionadas diretamente com as etapas de tratamento da \u00e1gua, o que, segundo o \u00f3rg\u00e3o, justifica a redu\u00e7\u00e3o consider\u00e1vel na vaz\u00e3o de \u00e1gua. Durante todo o per\u00edodo de racionamento, os caminh\u00f5es-pipa ficar\u00e3o \u00e0 disposi\u00e7\u00e3o, com atendimento priorit\u00e1rio aos hospitais e escolas, al\u00e9m do atendimento, em um segundo momento, aos pontos mais altos da cidade.<\/p>\n<p>Em nota, a Funda\u00e7\u00e3o Renova, criada para reparar, restaurar e reconstruir os danos causados pelo rompimento da barragem de Fund\u00e3o, afirma que intensificou o plano focado em a\u00e7\u00f5es preventivas e de conting\u00eancias para o per\u00edodo chuvoso em diversos munic\u00edpios, entre eles, Governador Valadares.<\/p>\n<p>Ainda segundo a nota, o que est\u00e1 sendo feito em Valadares, como o abastecimento de \u00e1gua \u00e9 feito com capta\u00e7\u00e3o no Rio Doce, s\u00e3o a\u00e7\u00f5es preventivas, como melhorias nas infraestruturas das Esta\u00e7\u00f5es de Tratamento de \u00c1gua, visando aprimorar o processo de tratamento de \u00e1gua nas ETAs Central, Vila Isa e Santa Rita. Al\u00e9m disso, a nota destaca novas alternativas de capta\u00e7\u00e3o de \u00e1gua.<\/p>\n<p><em>(Fonte: G1 dos Vales)<\/em><\/p>\n","protected":false},"excerpt":{"rendered":"<p>Na pr\u00f3xima semana, a partir da ter\u00e7a-feira (25\/10), o abastecimento de \u00e1gua de Governador Valadares (MG) sofrer\u00e1 racionamento em fun\u00e7\u00e3o de obras que fazem parte do Plano de Emerg\u00eancia para o per\u00edodo chuvoso. Segundo a assessoria de comunica\u00e7\u00e3o da Prefeitura, o racionamento segue at\u00e9 o dia 15 de novembro. Em fun\u00e7\u00e3o do rompimento da barragem [&hellip;]<\/p>\n","protected":false},"author":1,"featured_media":80992,"comment_status":"open","ping_status":"closed","sticky":false,"template":"","format":"standard","meta":{"amp_status":"","footnotes":""},"categories":[121],"tags":[121858,1018,32386,247,121859,62428,67562,32642],"class_list":["post-99792","post","type-post","status-publish","format-standard","has-post-thumbnail","hentry","category-leste","tag-abastecimento-de-agua-de-governador-valadares","tag-destaque","tag-falta-de-agua-em-governador-valadares","tag-governador-valadares","tag-governador-valadares-tera-racionamento-de-agua-a-partir-proxima-terca-feira","tag-racionamento-de-agua-em-governador-valadares","tag-rompimento-da-barragem-em-mariana","tag-samarco"],"_links":{"self":[{"href":"https:\/\/aconteceunovale.com.br\/portal\/index.php?rest_route=\/wp\/v2\/posts\/99792","targetHints":{"allow":["GET"]}}],"collection":[{"href":"https:\/\/aconteceunovale.com.br\/portal\/index.php?rest_route=\/wp\/v2\/posts"}],"about":[{"href":"https:\/\/aconteceunovale.com.br\/portal\/index.php?rest_route=\/wp\/v2\/types\/post"}],"author":[{"embeddable":true,"href":"https:\/\/aconteceunovale.com.br\/portal\/index.php?rest_route=\/wp\/v2\/users\/1"}],"replies":[{"embeddable":true,"href":"https:\/\/aconteceunovale.com.br\/portal\/index.php?rest_route=%2Fwp%2Fv2%2Fcomments&post=99792"}],"version-history":[{"count":0,"href":"https:\/\/aconteceunovale.com.br\/portal\/index.php?rest_route=\/wp\/v2\/posts\/99792\/revisions"}],"wp:featuredmedia":[{"embeddable":true,"href":"https:\/\/aconteceunovale.com.br\/portal\/index.php?rest_route=\/wp\/v2\/media\/80992"}],"wp:attachment":[{"href":"https:\/\/aconteceunovale.com.br\/portal\/index.php?rest_route=%2Fwp%2Fv2%2Fmedia&parent=99792"}],"wp:term":[{"taxonomy":"category","embeddable":true,"href":"https:\/\/aconteceunovale.com.br\/portal\/index.php?rest_route=%2Fwp%2Fv2%2Fcategories&post=99792"},{"taxonomy":"post_tag","embeddable":true,"href":"https:\/\/aconteceunovale.com.br\/portal\/index.php?rest_route=%2Fwp%2Fv2%2Ftags&post=99792"}],"curies":[{"name":"wp","href":"https:\/\/api.w.org\/{rel}","templated":true}]}}