{"id":99789,"date":"2016-10-22T20:37:24","date_gmt":"2016-10-22T23:37:24","guid":{"rendered":"http:\/\/aconteceunovale.com.br\/portal\/?p=99789"},"modified":"2016-10-22T20:37:24","modified_gmt":"2016-10-22T23:37:24","slug":"stj-confirma-doacao-de-equipamentos-para-o-hospital-universitario-clemente-faria","status":"publish","type":"post","link":"https:\/\/aconteceunovale.com.br\/portal\/?p=99789","title":{"rendered":"STJ confirma doa\u00e7\u00e3o de equipamentos para o Hospital Universit\u00e1rio Clemente Faria"},"content":{"rendered":"<p>O Superior Tribunal de Justi\u00e7a (STJ) publicou nesta sexta-feira (21\/10\/2016) a decis\u00e3o que confirma a doa\u00e7\u00e3o dos equipamentos apreendidos pela Receita Federal para o Hospital Universit\u00e1rio Clemente Faria (HUCF). Por unanimidade, a Corte Especial negou provimento ao agravo, feito pela Associa\u00e7\u00e3o Mantenedora de Estabelecimentos Escolares Promo\u00e7\u00e3o e A\u00e7\u00e3o Social (Amas Brasil).<\/p>\n<p>Os equipamentos, avaliados em R$ 9 milh\u00f5es, foram apreendidos no Porto de Santos, depois que a Receita Federal detectou irregularidades no processo de compra, falta de comprova\u00e7\u00e3o da origem, disponibilidade e efetiva transfer\u00eancia dos recursos empregados na opera\u00e7\u00e3o de com\u00e9rcio exterior. Para a Receita, o prefeito afastado de Montes Claros, Ruy Muniz (PSB), e a mulher dele, a deputada federal, Raquel Muniz (PSC), utilizaram as entidades filantr\u00f3picas Amas Brasil e Soebras para fazerem a importa\u00e7\u00e3o, quando na verdade a aquisi\u00e7\u00e3o seria em benef\u00edcio do grupo empresarial da fam\u00edlia.<\/p>\n<p>Na decis\u00e3o desta sexta-feira, a relatora do processo, a ministra Laurita Vaz, alega que a devolu\u00e7\u00e3o dos equipamentos \u00e0 Amas Brasil pode \u201ccausar grave les\u00e3o \u00e0 sa\u00fade p\u00fablica\u201d, j\u00e1 que o HUCF \u201cpresta relevantes servi\u00e7os p\u00fablicos \u00e0 popula\u00e7\u00e3o do munic\u00edpio e da regi\u00e3o.<\/p>\n<p>\u201cAgrava, ainda, essa possibilidade a peculiaridade de que muitos dos bens recebidos em doa\u00e7\u00e3o substitu\u00edram equipamentos do hospital universit\u00e1rio, que doou a outras institui\u00e7\u00f5es os equipamentos antigos, sendo f\u00e1cil a percep\u00e7\u00e3o de que, retirados os novos bens objeto de doa\u00e7\u00e3o pela Uni\u00e3o, o estabelecimento n\u00e3o ter\u00e1 condi\u00e7\u00f5es de prestar seus servi\u00e7os de maneira eficiente \u00e0 popula\u00e7\u00e3o por ele atendida\u201d, diz a ministra no relat\u00f3rio.<\/p>\n<p><strong>Instala\u00e7\u00e3o dos equipamentos<\/strong><\/p>\n<p>O Hospital Universit\u00e1rio afirmou, tamb\u00e9m nesta sexta-feira (21), que parte dos equipamentos j\u00e1 est\u00e3o instalados e at\u00e9 dezembro deste ano &#8220;ser\u00e3o finalizadas todas as etapas de operacionaliza\u00e7\u00e3o e treinamento das equipes&#8221;.<\/p>\n<p>Ainda segundo o HUCF, os equipamentos substitu\u00eddos ap\u00f3s a doa\u00e7\u00e3o ser\u00e3o distribu\u00eddos &#8220;para 19 unidades de urg\u00eancia e emerg\u00eancia da rede p\u00fablica em 17 munic\u00edpios do Norte de Minas \u2013 al\u00e9m do Cons\u00f3rcio Intermunicipal de Urg\u00eancia e Emerg\u00eancia do Norte de Minas (Cisrum)&#8221;.<\/p>\n<p><img decoding=\"async\" src=\"http:\/\/aconteceunovale.com.br\/portal\/wp-content\/uploads\/2016\/10\/equipamentos_hospital_moc.jpg\" alt=\"\" \/><em>Parte dos equipamentos j\u00e1 est\u00e1 instalada no hospital (Foto: Ascom\/Unimontes)<\/em><br \/>\n<\/br><\/p>\n<p><em>(Fonte: G1 Grande Minas)<\/em><\/p>\n","protected":false},"excerpt":{"rendered":"<p>O Superior Tribunal de Justi\u00e7a (STJ) publicou nesta sexta-feira (21\/10\/2016) a decis\u00e3o que confirma a doa\u00e7\u00e3o dos equipamentos apreendidos pela Receita Federal para o Hospital Universit\u00e1rio Clemente Faria (HUCF). Por unanimidade, a Corte Especial negou provimento ao agravo, feito pela Associa\u00e7\u00e3o Mantenedora de Estabelecimentos Escolares Promo\u00e7\u00e3o e A\u00e7\u00e3o Social (Amas Brasil). Os equipamentos, avaliados em [&hellip;]<\/p>\n","protected":false},"author":1,"featured_media":99790,"comment_status":"open","ping_status":"closed","sticky":false,"template":"","format":"standard","meta":{"amp_status":"","footnotes":""},"categories":[1236,40242],"tags":[69508,121855,1018,121854,79561,42698,95460,17599,4616,61747,121856,121857,88250],"class_list":["post-99789","post","type-post","status-publish","format-standard","has-post-thumbnail","hentry","category-norte_de_minas","category-saude-2","tag-amas-brasil","tag-associacao-mantenedora-de-estabelecimentos-escolares-promocao-e-acao-social","tag-destaque","tag-doacao-dos-equipamentos-apreendidos-pela-receita-federal-para-o-hospital-universitario-clemente-faria","tag-hospital-universitario-clemente-faria","tag-hucf","tag-prefeito-afastado-de-montes-claros","tag-raquel-muniz","tag-ruy-muniz","tag-stj","tag-stj-confirma-doacao-de-bens-para-o-hospital-universitario-clemente-faria","tag-stj-confirma-doacao-de-equipamentos-para-o-hospital-universitario-clemente-faria","tag-superior-tribunal-de-justica"],"_links":{"self":[{"href":"https:\/\/aconteceunovale.com.br\/portal\/index.php?rest_route=\/wp\/v2\/posts\/99789","targetHints":{"allow":["GET"]}}],"collection":[{"href":"https:\/\/aconteceunovale.com.br\/portal\/index.php?rest_route=\/wp\/v2\/posts"}],"about":[{"href":"https:\/\/aconteceunovale.com.br\/portal\/index.php?rest_route=\/wp\/v2\/types\/post"}],"author":[{"embeddable":true,"href":"https:\/\/aconteceunovale.com.br\/portal\/index.php?rest_route=\/wp\/v2\/users\/1"}],"replies":[{"embeddable":true,"href":"https:\/\/aconteceunovale.com.br\/portal\/index.php?rest_route=%2Fwp%2Fv2%2Fcomments&post=99789"}],"version-history":[{"count":0,"href":"https:\/\/aconteceunovale.com.br\/portal\/index.php?rest_route=\/wp\/v2\/posts\/99789\/revisions"}],"wp:featuredmedia":[{"embeddable":true,"href":"https:\/\/aconteceunovale.com.br\/portal\/index.php?rest_route=\/wp\/v2\/media\/99790"}],"wp:attachment":[{"href":"https:\/\/aconteceunovale.com.br\/portal\/index.php?rest_route=%2Fwp%2Fv2%2Fmedia&parent=99789"}],"wp:term":[{"taxonomy":"category","embeddable":true,"href":"https:\/\/aconteceunovale.com.br\/portal\/index.php?rest_route=%2Fwp%2Fv2%2Fcategories&post=99789"},{"taxonomy":"post_tag","embeddable":true,"href":"https:\/\/aconteceunovale.com.br\/portal\/index.php?rest_route=%2Fwp%2Fv2%2Ftags&post=99789"}],"curies":[{"name":"wp","href":"https:\/\/api.w.org\/{rel}","templated":true}]}}