{"id":99783,"date":"2016-10-22T20:10:41","date_gmt":"2016-10-22T23:10:41","guid":{"rendered":"http:\/\/aconteceunovale.com.br\/portal\/?p=99783"},"modified":"2016-10-22T20:10:41","modified_gmt":"2016-10-22T23:10:41","slug":"assaltante-morre-apos-ser-baleado-por-policial-civil-durante-roubo-em-montes-claros","status":"publish","type":"post","link":"https:\/\/aconteceunovale.com.br\/portal\/?p=99783","title":{"rendered":"Assaltante morre ap\u00f3s ser baleado por policial civil durante roubo em Montes Claros"},"content":{"rendered":"<p>Um rapaz de 19 anos morreu ap\u00f3s ser baleado por um policial civil durante tentativa de assalto na tarde desta sexta-feira (21\/10\/2016) em Montes Claros, Norte de Minas. Lucas Gabriel dos Anjos estava com uma faca quando tentava assaltar outro jovem na Pra\u00e7a Rotary, no Bairro Melo.<\/p>\n<p>Segundo o delegado Herivelton Ruas, o policial trabalhava em uma investiga\u00e7\u00e3o na regi\u00e3o e percebeu a a\u00e7\u00e3o do assaltante. \u201cA v\u00edtima estava na pra\u00e7a quando o Lucas se aproximou com uma faca e anunciou o crime. O investigador percebeu, se identificou e ordenou que ele largasse a faca. Diante da recusa ele efetuou dois disparos, e um acertou o bra\u00e7o do autor\u201d.<\/p>\n<p>Ainda de acordo com o delegado, um rapaz dava suporte ao assaltante, mas conseguiu fugir em uma motocicleta. Policiais identificaram o comparsa e conseguiram prend\u00ea-lo no Bairro S\u00e3o Geraldo. O Samu foi acionado e prestou socorro ao assaltante ferido. Ele chegou ser levado a um hospital da cidade, mas n\u00e3o resistiu e morreu.<\/p>\n<p>Segundo a assessoria de comunica\u00e7\u00e3o da PC, o policial ser\u00e1 apresentado ao delegado de plant\u00e3o e a sua conduta ser\u00e1 analisado juridicamente.<\/p>\n<p><strong>Investiga\u00e7\u00e3o<\/strong><\/p>\n<p>A pol\u00edcia investiga tamb\u00e9m se os autores est\u00e3o envolvidos em outro assalto ocorrido momentos antes na mesma regi\u00e3o. Um adolescente seguia para a escola quando foi abordado por dois homens em uma motocicleta que anunciaram o assalto.<\/p>\n<p>\u201cEstava eu e minha colega e eles apontaram uma arma e pediram meu celular. Eu n\u00e3o quis entregar e ele acertou o rev\u00f3lver em minha cabe\u00e7a e eu corri. Ele foi atr\u00e1s e ficou me amea\u00e7ando\u201d, afirma a v\u00edtima que ficou ferida com a pancada na cabe\u00e7a.<\/p>\n<p><img decoding=\"async\" src=\"http:\/\/aconteceunovale.com.br\/portal\/wp-content\/uploads\/2016\/10\/assaltante_moc.jpg\" alt=\"\" \/><em>Faca usada por Lucas durante o crime foi apreendida (Foto: Valdivan Veloso\/G1)<\/em><br \/>\n<\/br><\/p>\n<p><em>(Fonte: G1 Grande Minas\/Valdivan Veloso)<\/em><\/p>\n","protected":false},"excerpt":{"rendered":"<p>Um rapaz de 19 anos morreu ap\u00f3s ser baleado por um policial civil durante tentativa de assalto na tarde desta sexta-feira (21\/10\/2016) em Montes Claros, Norte de Minas. Lucas Gabriel dos Anjos estava com uma faca quando tentava assaltar outro jovem na Pra\u00e7a Rotary, no Bairro Melo. Segundo o delegado Herivelton Ruas, o policial trabalhava [&hellip;]<\/p>\n","protected":false},"author":1,"featured_media":99784,"comment_status":"open","ping_status":"closed","sticky":false,"template":"","format":"standard","meta":{"amp_status":"","footnotes":""},"categories":[1236],"tags":[121842,121838,121837,121840,121836,210,121839,121841,63142],"class_list":["post-99783","post","type-post","status-publish","format-standard","has-post-thumbnail","hentry","category-norte_de_minas","tag-assaltante-morre-apos-ser-baleado-por-policial-civil-durante-roubo-em-montes-claros","tag-assaltante-morto-em-montes-claros","tag-bandido-morto-em-montes-claros","tag-ladrao-morto-em-montes-claros","tag-lucas-gabriel-dos-anjos","tag-montes-claros","tag-morte-de-assaltante-em-montes-claros","tag-morte-de-ladrao-em-montes-claros","tag-morto-em-montes-claros"],"_links":{"self":[{"href":"https:\/\/aconteceunovale.com.br\/portal\/index.php?rest_route=\/wp\/v2\/posts\/99783","targetHints":{"allow":["GET"]}}],"collection":[{"href":"https:\/\/aconteceunovale.com.br\/portal\/index.php?rest_route=\/wp\/v2\/posts"}],"about":[{"href":"https:\/\/aconteceunovale.com.br\/portal\/index.php?rest_route=\/wp\/v2\/types\/post"}],"author":[{"embeddable":true,"href":"https:\/\/aconteceunovale.com.br\/portal\/index.php?rest_route=\/wp\/v2\/users\/1"}],"replies":[{"embeddable":true,"href":"https:\/\/aconteceunovale.com.br\/portal\/index.php?rest_route=%2Fwp%2Fv2%2Fcomments&post=99783"}],"version-history":[{"count":0,"href":"https:\/\/aconteceunovale.com.br\/portal\/index.php?rest_route=\/wp\/v2\/posts\/99783\/revisions"}],"wp:featuredmedia":[{"embeddable":true,"href":"https:\/\/aconteceunovale.com.br\/portal\/index.php?rest_route=\/wp\/v2\/media\/99784"}],"wp:attachment":[{"href":"https:\/\/aconteceunovale.com.br\/portal\/index.php?rest_route=%2Fwp%2Fv2%2Fmedia&parent=99783"}],"wp:term":[{"taxonomy":"category","embeddable":true,"href":"https:\/\/aconteceunovale.com.br\/portal\/index.php?rest_route=%2Fwp%2Fv2%2Fcategories&post=99783"},{"taxonomy":"post_tag","embeddable":true,"href":"https:\/\/aconteceunovale.com.br\/portal\/index.php?rest_route=%2Fwp%2Fv2%2Ftags&post=99783"}],"curies":[{"name":"wp","href":"https:\/\/api.w.org\/{rel}","templated":true}]}}