{"id":99722,"date":"2016-10-22T20:00:08","date_gmt":"2016-10-22T23:00:08","guid":{"rendered":"http:\/\/aconteceunovale.com.br\/portal\/?p=99722"},"modified":"2016-10-22T20:00:08","modified_gmt":"2016-10-22T23:00:08","slug":"acidentes-deixam-um-morto-e-sete-feridos-na-br-116-no-vale-do-rio-doce","status":"publish","type":"post","link":"https:\/\/aconteceunovale.com.br\/portal\/?p=99722","title":{"rendered":"Acidentes deixam um morto e sete feridos na BR-116, no Vale do Rio Doce"},"content":{"rendered":"<p>Duas pessoas ficaram gravemente feridas ap\u00f3s se envolverem em um acidente com um caminh\u00e3o, em um trecho da BR-116, pr\u00f3ximo a Santa B\u00e1rbara do Leste, no Vale do Rio Doce. Segundo o Corpo de Bombeiros, a pista molhada foi uma das causas do acidente.<\/p>\n<p>Segundo testemunhas, o condutor de um caminh\u00e3o perdeu o controle da dire\u00e7\u00e3o ao fazer uma curva. Na sequ\u00eancia, o ve\u00edculo atingiu uma carreta, um caminh\u00e3o betoneira e um carro de passeio, que seguiam na dire\u00e7\u00e3o contr\u00e1ria. Ainda segundo as testemunhas, o motorista do carro n\u00e3o estava correndo, mas n\u00e3o conseguiu frear antes da colis\u00e3o.<\/p>\n<p>De acordo com os bombeiros, o motorista do autom\u00f3vel teve uma fratura exposta em uma das pernas. A esposa dele, que estava no banco dianteiro, n\u00e3o se feriu. J\u00e1 a sogra, que estava no banco de tr\u00e1s do carro, foi socorrida com suspeita de traumatismo craniano. As v\u00edtimas foram encaminhadas para um hospital de Caratinga.<\/p>\n<p><img decoding=\"async\" src=\"http:\/\/aconteceunovale.com.br\/portal\/wp-content\/uploads\/2016\/10\/acidente_sbl.jpeg\" alt=\"\" \/><em>Acidente deixou duas pessoas gravemente feridas (Foto: Edson Sim\u00f5es\/Arquivo Pessoal)<\/em><br \/>\n<\/br><\/p>\n<h3><strong>Acidente entre cinco ve\u00edculos<\/strong><\/h3>\n<p>Uma pessoa morreu em um grave acidente registrado na manh\u00e3 desta sexta-feira, 21 de outubro de 2016, na BR-116, munic\u00edpio de Governador Valadares, no Vale do Rio Doce. A colis\u00e3o entre tr\u00eas caminh\u00f5es, uma caminhonete e um autom\u00f3vel, aconteceu por volta das 9 horas, no trecho entre o distrito de Xonin de Baixo e a cidade de Mathias Lobato. <\/p>\n<p>Segundo informa\u00e7\u00f5es da Pol\u00edcia Rodovi\u00e1ria Federal (PRF), o condutor de um caminh\u00e3o, com carga m\u00faltipla (instrumentos musicais, sapatos e rem\u00e9dios), dormiu ao volante, perdeu o controle da dire\u00e7\u00e3o e invadiu a pista contr\u00e1ria. O ve\u00edculo colidiu violentamente contra uma carreta, que transportava um bloco de granito. <\/p>\n<p>Com o impacto, o motorista da carreta ficou gravemente ferido e veio a \u00f3bito preso \u00e0s ferragens. O corpo da v\u00edtima foi desencarcerado pelo Corpo de Bombeiros e posteriormente encaminhado para o Instituto M\u00e9dico Legal (IML) de Governador Valadares.<\/p>\n<p>O carro de passeio caiu em uma ribanceira e os quatro ocupantes sofreram escoria\u00e7\u00f5es. O motorista da caminhonete tamb\u00e9m teve ferimentos leves. As cinco v\u00edtimas foram socorridas por terceiros e encaminhadas para o hospital do munic\u00edpio. J\u00e1 o caminhoneiro, que provocou o acidente, foi socorrido por uma equipe do Servi\u00e7o de Atendimento M\u00f3vel de Urg\u00eancia (SAMU). <\/p>\n<p>Por causa do acidente, a rodovia foi interditada por cerca de duas horas. Parte da carga do caminh\u00e3o que colidiu contra os demais ve\u00edculos foi saqueada por populares. As causas do acidente ser\u00e3o investigadas pela pol\u00edcia.<\/p>\n<p><img decoding=\"async\" src=\"http:\/\/aconteceunovale.com.br\/portal\/wp-content\/uploads\/2016\/10\/acidente_gv.jpeg\" alt=\"\" \/><em>Acidente envolveu cinco ve\u00edculos (Foto: Samara Barra\/Inter TV dos Vales)<\/em><br \/>\n<\/br><\/p>\n<p><em>(Com informa\u00e7\u00f5es do G1 dos Vales e Pol\u00edcia Rodovi\u00e1ria Federal)<\/em><\/p>\n","protected":false},"excerpt":{"rendered":"<p>Duas pessoas ficaram gravemente feridas ap\u00f3s se envolverem em um acidente com um caminh\u00e3o, em um trecho da BR-116, pr\u00f3ximo a Santa B\u00e1rbara do Leste, no Vale do Rio Doce. Segundo o Corpo de Bombeiros, a pista molhada foi uma das causas do acidente. Segundo testemunhas, o condutor de um caminh\u00e3o perdeu o controle da [&hellip;]<\/p>\n","protected":false},"author":1,"featured_media":99779,"comment_status":"open","ping_status":"closed","sticky":false,"template":"","format":"standard","meta":{"amp_status":"","footnotes":""},"categories":[121],"tags":[121749,12667,46447,18416,3945,89213,121752,3510,121833,121834,121835,9762,182,237,121750,247,121751,58056,21177,311,2382],"class_list":["post-99722","post","type-post","status-publish","format-standard","has-post-thumbnail","hentry","category-leste","tag-acidente-caminhao-baixo-guandu","tag-acidente-em-governador-valadares","tag-acidente-em-santa-barbara-do-leste","tag-acidente-na-br-116-em-governador-valadares","tag-acidente-na-br-116","tag-acidente-perto-de-governador-valadares","tag-acidente-perto-de-xonin-de-baixo","tag-acidente-proximo-a-governador-valadares","tag-acidentes-deixam-um-morto-e-sete-feridos-na-br-116","tag-acidentes-deixam-um-morto-e-sete-feridos-na-br-116-no-vale-do-rio-doce","tag-acidentes-na-br-116","tag-baixo-guandu","tag-br-116","tag-caratinga","tag-geovane-morais","tag-governador-valadares","tag-nilo-montanare-filho","tag-no-vale-do-rio-doce","tag-recife","tag-santa-barbara-do-leste","tag-sao-paulo"],"_links":{"self":[{"href":"https:\/\/aconteceunovale.com.br\/portal\/index.php?rest_route=\/wp\/v2\/posts\/99722","targetHints":{"allow":["GET"]}}],"collection":[{"href":"https:\/\/aconteceunovale.com.br\/portal\/index.php?rest_route=\/wp\/v2\/posts"}],"about":[{"href":"https:\/\/aconteceunovale.com.br\/portal\/index.php?rest_route=\/wp\/v2\/types\/post"}],"author":[{"embeddable":true,"href":"https:\/\/aconteceunovale.com.br\/portal\/index.php?rest_route=\/wp\/v2\/users\/1"}],"replies":[{"embeddable":true,"href":"https:\/\/aconteceunovale.com.br\/portal\/index.php?rest_route=%2Fwp%2Fv2%2Fcomments&post=99722"}],"version-history":[{"count":0,"href":"https:\/\/aconteceunovale.com.br\/portal\/index.php?rest_route=\/wp\/v2\/posts\/99722\/revisions"}],"wp:featuredmedia":[{"embeddable":true,"href":"https:\/\/aconteceunovale.com.br\/portal\/index.php?rest_route=\/wp\/v2\/media\/99779"}],"wp:attachment":[{"href":"https:\/\/aconteceunovale.com.br\/portal\/index.php?rest_route=%2Fwp%2Fv2%2Fmedia&parent=99722"}],"wp:term":[{"taxonomy":"category","embeddable":true,"href":"https:\/\/aconteceunovale.com.br\/portal\/index.php?rest_route=%2Fwp%2Fv2%2Fcategories&post=99722"},{"taxonomy":"post_tag","embeddable":true,"href":"https:\/\/aconteceunovale.com.br\/portal\/index.php?rest_route=%2Fwp%2Fv2%2Ftags&post=99722"}],"curies":[{"name":"wp","href":"https:\/\/api.w.org\/{rel}","templated":true}]}}