{"id":99716,"date":"2016-10-21T13:41:59","date_gmt":"2016-10-21T16:41:59","guid":{"rendered":"http:\/\/aconteceunovale.com.br\/portal\/?p=99716"},"modified":"2016-10-21T13:41:59","modified_gmt":"2016-10-21T16:41:59","slug":"policias-de-valadares-sao-as-primeiras-do-interior-a-receber-treinamento-de-prevencao-a-criminalidade","status":"publish","type":"post","link":"https:\/\/aconteceunovale.com.br\/portal\/?p=99716","title":{"rendered":"Pol\u00edcias de Valadares s\u00e3o as primeiras do interior a receber treinamento de preven\u00e7\u00e3o \u00e0 criminalidade"},"content":{"rendered":"<p>Governador Valadares, no Territ\u00f3rio Vale do Rio Doce, \u00e9 a primeira cidade do interior do estado a receber treinamentos do Curso Integrado de Preven\u00e7\u00e3o \u00e0 Criminalidade. A a\u00e7\u00e3o \u00e9 promovida pela Secretaria de Estado de Seguran\u00e7a P\u00fablica (Sesp). Com encerramento nesta sexta-feira (21\/10), a capacita\u00e7\u00e3o envolve policiais militares do Grupo Especializado de Policiamento em \u00c1reas de Risco (Gepar) e delegados de \u00e1rea da Pol\u00edcia Civil da cidade participam da capacita\u00e7\u00e3o.<\/p>\n<p>O treinamento tem por objetivo ampliar o conhecimento desses profissionais &#8211; que j\u00e1 atuam em \u00e1reas de vulnerabilidade social &#8211; em rela\u00e7\u00e3o programas como Fica Vivo!, Media\u00e7\u00e3o de Conflitos, Central de Penas Alternativas (Ceapa) e Programa de Inclus\u00e3o de Egressos do Sistema Prisional (PrEsp), aprimorando os trabalhos desenvolvidos.<\/p>\n<p>Al\u00e9m do alinhamento, que amplia possibilidades de interven\u00e7\u00e3o conjunta, a capacita\u00e7\u00e3o busca aproximar comunidade, policiais, oficineiros do Fica Vivo! e t\u00e9cnicos dos programas de preven\u00e7\u00e3o para a promo\u00e7\u00e3o de uma cultura de paz.<\/p>\n<p>Para diretora do N\u00facleo de Resolu\u00e7\u00e3o Pac\u00edfica de Conflitos da Secretaria de Seguran\u00e7a P\u00fablica, Fl\u00e1via Mendes &#8211; presente na capacita\u00e7\u00e3o em Valadares &#8211; a\u00e7\u00f5es como esta fortalecem a seguran\u00e7a p\u00fablica nos territ\u00f3rios em que os programas de preven\u00e7\u00e3o atuam. \u201cEsta atua\u00e7\u00e3o s\u00f3 \u00e9 efetiva com a integra\u00e7\u00e3o das institui\u00e7\u00f5es, com um objetivo comum: diminui\u00e7\u00e3o nos \u00edndices de crimes violentos, sobretudos os crimes contra a vida, e a materializa\u00e7\u00e3o de que \u00e9 poss\u00edvel uma seguran\u00e7a cidad\u00e3, superando a l\u00f3gica que a seguran\u00e7a p\u00fablica cabe apenas \u00e0 pol\u00edcia\u201d, aponta. <\/p>\n<p>Atualmente, o Governo de Minas Gerais mant\u00e9m 45 Centros de Preven\u00e7\u00e3o \u00e0 Criminalidade. Destes, 32 s\u00e3o Centros de Preven\u00e7\u00e3o \u00e0 Criminalidade (CPC\u00b4s) e 13 s\u00e3o Centros de Alternativas Penais e Inclus\u00e3o Social de Egressos do Sistema Prisional.<\/p>\n<p><img decoding=\"async\" src=\"http:\/\/aconteceunovale.com.br\/portal\/wp-content\/uploads\/2016\/10\/curso_policias_gv.jpg\" alt=\"\" \/><em>Treinamento busca ampliar o conhecimento dos profissionais (Divulga\u00e7\u00e3o\/Sesp)<\/em><br \/>\n<\/br><\/p>\n<p>(Ag\u00eancia Minas)<\/p>\n","protected":false},"excerpt":{"rendered":"<p>Governador Valadares, no Territ\u00f3rio Vale do Rio Doce, \u00e9 a primeira cidade do interior do estado a receber treinamentos do Curso Integrado de Preven\u00e7\u00e3o \u00e0 Criminalidade. A a\u00e7\u00e3o \u00e9 promovida pela Secretaria de Estado de Seguran\u00e7a P\u00fablica (Sesp). Com encerramento nesta sexta-feira (21\/10), a capacita\u00e7\u00e3o envolve policiais militares do Grupo Especializado de Policiamento em \u00c1reas [&hellip;]<\/p>\n","protected":false},"author":1,"featured_media":99717,"comment_status":"open","ping_status":"closed","sticky":false,"template":"","format":"standard","meta":{"amp_status":"","footnotes":""},"categories":[121],"tags":[121740,121742,247,121741,121743,121739],"class_list":["post-99716","post","type-post","status-publish","format-standard","has-post-thumbnail","hentry","category-leste","tag-curso-integrado-de-prevencao-a-criminalidade","tag-gepar","tag-governador-valadares","tag-grupo-especializado-de-policiamento-em-areas-de-risco","tag-policias-de-valadares-sao-as-primeiras-do-interior-a-receber-treinamento-de-prevencao-a-criminalidade","tag-treinamentos-do-curso-integrado-de-prevencao-a-criminalidade"],"_links":{"self":[{"href":"https:\/\/aconteceunovale.com.br\/portal\/index.php?rest_route=\/wp\/v2\/posts\/99716","targetHints":{"allow":["GET"]}}],"collection":[{"href":"https:\/\/aconteceunovale.com.br\/portal\/index.php?rest_route=\/wp\/v2\/posts"}],"about":[{"href":"https:\/\/aconteceunovale.com.br\/portal\/index.php?rest_route=\/wp\/v2\/types\/post"}],"author":[{"embeddable":true,"href":"https:\/\/aconteceunovale.com.br\/portal\/index.php?rest_route=\/wp\/v2\/users\/1"}],"replies":[{"embeddable":true,"href":"https:\/\/aconteceunovale.com.br\/portal\/index.php?rest_route=%2Fwp%2Fv2%2Fcomments&post=99716"}],"version-history":[{"count":0,"href":"https:\/\/aconteceunovale.com.br\/portal\/index.php?rest_route=\/wp\/v2\/posts\/99716\/revisions"}],"wp:featuredmedia":[{"embeddable":true,"href":"https:\/\/aconteceunovale.com.br\/portal\/index.php?rest_route=\/wp\/v2\/media\/99717"}],"wp:attachment":[{"href":"https:\/\/aconteceunovale.com.br\/portal\/index.php?rest_route=%2Fwp%2Fv2%2Fmedia&parent=99716"}],"wp:term":[{"taxonomy":"category","embeddable":true,"href":"https:\/\/aconteceunovale.com.br\/portal\/index.php?rest_route=%2Fwp%2Fv2%2Fcategories&post=99716"},{"taxonomy":"post_tag","embeddable":true,"href":"https:\/\/aconteceunovale.com.br\/portal\/index.php?rest_route=%2Fwp%2Fv2%2Ftags&post=99716"}],"curies":[{"name":"wp","href":"https:\/\/api.w.org\/{rel}","templated":true}]}}