{"id":99713,"date":"2016-10-21T13:36:28","date_gmt":"2016-10-21T16:36:28","guid":{"rendered":"http:\/\/aconteceunovale.com.br\/portal\/?p=99713"},"modified":"2016-10-21T13:36:28","modified_gmt":"2016-10-21T16:36:28","slug":"conheca-os-vencedores-do-15o-concurso-regional-de-qualidade-do-cafe-das-matas-de-minas","status":"publish","type":"post","link":"https:\/\/aconteceunovale.com.br\/portal\/?p=99713","title":{"rendered":"Conhe\u00e7a os vencedores do 15\u00ba Concurso Regional de Qualidade do Caf\u00e9 das Matas de Minas"},"content":{"rendered":"<p>Muria\u00e9, no territ\u00f3rio Mata, foi o palco da cerim\u00f4nia de encerramento do\u00a015\u00ba Concurso Regional de Qualidade do Caf\u00e9 das Matas de Minas. Nesta edi\u00e7\u00e3o,\u00a0foram premiados seis produtores na categoria Natural Terras Altas (caf\u00e9s produzidos acima de 900 metros de altitude), seis na categoria Natural Terras Baixas (produzidos abaixo dos 900 metros de altitude), e tr\u00eas produtores na categoria Cereja Descascado.\u00a0Ao todo participaram da disputa 406 amostras de 14 munic\u00edpios.<\/p>\n<p>O produtor Juarez Fernandes Rocha, do munic\u00edpio de Divino, ficou em 1\u00ba lugar na categoria Natural Terras Baixas. J\u00e1 o cafeicultora de Carangola, Gl\u00f3ria Batista Nunes de Souza, venceu a categoria Natural Terras Altas. Na categoria Cereja Descascado, o campe\u00e3o foi o produtor Lucas Barros Cassim, do munic\u00edpio de Eugen\u00f3polis.<\/p>\n<p>De acordo com o coordenador t\u00e9cnico regional da\u00a0Emater-MG, Ricardo Pereira, as amostras foram coletadas\u00a0exclusivamente pelos t\u00e9cnicos dos munic\u00edpios participantes e preparadas para avalia\u00e7\u00e3o. Segundo ele, as amostras passaram por provas eliminat\u00f3rias. Primeiro, com an\u00e1lise de umidade e peneira. Depois, pela etapa de\u00a0avalia\u00e7\u00e3o de x\u00edcara, para verificar as qualidades da bebida pronta, com classifica\u00e7\u00e3o quanto ao sabor e aroma.<\/p>\n<p>&#8220;O objetivo foi premiar os melhores caf\u00e9s da regi\u00e3o de Muria\u00e9, promovendo a\u00e7\u00f5es educativas na busca de qualidade. Hoje, a regi\u00e3o \u00e9 vista como respons\u00e1vel pelos melhores gr\u00e3os do estado e do pa\u00eds. Isso gra\u00e7as \u00e0 ado\u00e7\u00e3o de novas t\u00e9cnicas de manejo e o conhecimento levado para os produtores a respeito de qualidade&#8221;, diz Ricardo.<\/p>\n<p>O presidente da Emater-MG, Glenio Martins, esteve presente na solenidade.<\/p>\n<p><strong>Confira a lista completa dos vencedores:<\/strong><\/p>\n<p><em>Categoria Terras altas (acima de 900 metros de altitude)<\/em><br \/>\n<span style=\"text-decoration: underline;\">1\u00b0 Lugar<\/span>\u00a0&#8211; Gloria Maria Batista Nunes de Souza &#8211; Carangola<br \/>\n<span style=\"text-decoration: underline;\">2\u00b0 Lugar<\/span>\u00a0\u2013 Eduardo Jos\u00e9 Prot\u00e1zio \u2013 Espera Feliz<br \/>\n<span style=\"text-decoration: underline;\">3\u00b0 Lugar<\/span>\u00a0\u2013 Ednaldo Batista Alves \u2013 Espera Feliz<br \/>\n<span style=\"text-decoration: underline;\">4\u00b0 Lugar<\/span>\u00a0\u2013 Jozimar Ramos Prot\u00e1zio \u2013 Espera Feliz<br \/>\n<span style=\"text-decoration: underline;\">5\u00b0 Lugar<\/span>\u00a0\u2013 Evaldo Dinis Abreu Lacerda- Espera Feliz<br \/>\n<span style=\"text-decoration: underline;\">6\u00b0 Lugar<\/span>\u00a0\u2013 Maria Geralda Abreu de Lacerda \u2013 Espera Feliz<\/p>\n<p><em>Categoria Terras Baixas (abaixo de 900 metros de altitude)<\/em><br \/>\n<span style=\"text-decoration: underline;\">1\u00b0 Lugar<\/span>\u00a0\u2013 Juarez Fernandes Rocha &#8211; Divino<br \/>\n<span style=\"text-decoration: underline;\">2\u00b0 Lugar<\/span>\u00a0\u2013 Beatriz Lopes Pereira Cassim &#8211; Eugen\u00f3polis<br \/>\n<span style=\"text-decoration: underline;\">3\u00b0 Lugar<\/span>\u00a0\u2013 Wilian Luiz de Almeida \u2013 Pedra Dourada<br \/>\n<span style=\"text-decoration: underline;\">4\u00b0 Lugar<\/span>\u00a0\u2013 Alexandre Augusto de Faria Nascimento &#8211; Carangola<br \/>\n<span style=\"text-decoration: underline;\">5\u00b0 Lugar<\/span>\u00a0\u2013 Vitalino de Souza Lima- Divino<br \/>\n<span style=\"text-decoration: underline;\">6\u00b0 Lugar<\/span>\u00a0\u2013 Mateus Campos Teixeira &#8211; Carangola<\/p>\n<p><em>Categoria Cereja Descascado<\/em><br \/>\n<span style=\"text-decoration: underline;\">1\u00b0 Lugar<\/span>\u00a0\u2013 Lucas Barros Cassim &#8211; Eugen\u00f3polis<br \/>\n<span style=\"text-decoration: underline;\">2\u00b0 Lugar<\/span>\u00a0\u2013 Altilina Evaristo Barbosa de Lacerda Teixeira \u2013 Espera Feliz<br \/>\n<span style=\"text-decoration: underline;\">3\u00b0 Lugar<\/span>\u00a0\u2013 Fladimir Teixeira da Cruz \u2013 Faria Lemos<\/p>\n<p><img decoding=\"async\" src=\"http:\/\/aconteceunovale.com.br\/portal\/wp-content\/uploads\/2016\/10\/vencedores_concurso_emater.jpg\" alt=\"\" \/><em>O presidente da Emater-MG esteve com os vencedores em Muria\u00e9 (Arquivo\/Emater-MG)<\/em><br \/>\n<\/br><\/p>\n<p>(Ag\u00eancia Minas)<\/p>\n","protected":false},"excerpt":{"rendered":"<p>Muria\u00e9, no territ\u00f3rio Mata, foi o palco da cerim\u00f4nia de encerramento do\u00a015\u00ba Concurso Regional de Qualidade do Caf\u00e9 das Matas de Minas. Nesta edi\u00e7\u00e3o,\u00a0foram premiados seis produtores na categoria Natural Terras Altas (caf\u00e9s produzidos acima de 900 metros de altitude), seis na categoria Natural Terras Baixas (produzidos abaixo dos 900 metros de altitude), e tr\u00eas [&hellip;]<\/p>\n","protected":false},"author":1,"featured_media":99714,"comment_status":"open","ping_status":"closed","sticky":false,"template":"","format":"standard","meta":{"amp_status":"","footnotes":""},"categories":[123],"tags":[121718,121733,121737,121723,121731,121721,1501,121727,121722,63925,121717,966,121728,25775,1782,24240,121729,1594,121738,37147,121726,63922,63915,121736,121730,121735,121725,121724,1502,63914,93493,39339,121719,121720,121734,121732],"class_list":["post-99713","post","type-post","status-publish","format-standard","has-post-thumbnail","hentry","category-gerais","tag-15o-concurso-regional-de-qualidade-do-cafe-das-matas-de-minas","tag-alexandre-augusto-de-faria-nascimento","tag-altilina-evaristo-barbosa-de-lacerda-teixeira","tag-avaliacao-de-cafe-das-matas-de-minas","tag-beatriz-lopes-pereira-cassim","tag-cafe-das-matas-de-minas","tag-carangola","tag-carangola-eduardo-jose-protazio","tag-concurso-cafe-das-matas-de-minas","tag-concurso-regional-de-qualidade-do-cafe-das-matas-de-minas","tag-conheca-os-vencedores-do-15o-concurso-regional-de-qualidade-do-cafe-das-matas-de-minas","tag-divino","tag-ednaldo-batista-alves","tag-emater-mg","tag-espera-feliz","tag-eugenopolis","tag-evaldo-dinis-abreu-lacerda","tag-faria-lemos","tag-fladimir-teixeira-da-cruz","tag-glenio-martins","tag-gloria-maria-batista-nunes-de-souza","tag-jozimar-ramos-protazio","tag-juarez-fernandes-rocha","tag-lucas-barros-cassim","tag-maria-geralda-abreu-de-lacerda","tag-mateus-campos-teixeira","tag-melhor-cafe-das-matas-de-minas","tag-melhores-cafe-das-matas-de-minas","tag-muriae","tag-pedra-dourada","tag-presidente-da-emater-mg","tag-ricardo-pereira","tag-vencedores-do-15o-concurso-regional-de-qualidade-do-cafe-das-matas-de-minas","tag-vencedores-do-concurso-regional-de-qualidade-do-cafe-das-matas-de-minas","tag-vitalino-de-souza-lima","tag-wilian-luiz-de-almeida"],"_links":{"self":[{"href":"https:\/\/aconteceunovale.com.br\/portal\/index.php?rest_route=\/wp\/v2\/posts\/99713","targetHints":{"allow":["GET"]}}],"collection":[{"href":"https:\/\/aconteceunovale.com.br\/portal\/index.php?rest_route=\/wp\/v2\/posts"}],"about":[{"href":"https:\/\/aconteceunovale.com.br\/portal\/index.php?rest_route=\/wp\/v2\/types\/post"}],"author":[{"embeddable":true,"href":"https:\/\/aconteceunovale.com.br\/portal\/index.php?rest_route=\/wp\/v2\/users\/1"}],"replies":[{"embeddable":true,"href":"https:\/\/aconteceunovale.com.br\/portal\/index.php?rest_route=%2Fwp%2Fv2%2Fcomments&post=99713"}],"version-history":[{"count":0,"href":"https:\/\/aconteceunovale.com.br\/portal\/index.php?rest_route=\/wp\/v2\/posts\/99713\/revisions"}],"wp:featuredmedia":[{"embeddable":true,"href":"https:\/\/aconteceunovale.com.br\/portal\/index.php?rest_route=\/wp\/v2\/media\/99714"}],"wp:attachment":[{"href":"https:\/\/aconteceunovale.com.br\/portal\/index.php?rest_route=%2Fwp%2Fv2%2Fmedia&parent=99713"}],"wp:term":[{"taxonomy":"category","embeddable":true,"href":"https:\/\/aconteceunovale.com.br\/portal\/index.php?rest_route=%2Fwp%2Fv2%2Fcategories&post=99713"},{"taxonomy":"post_tag","embeddable":true,"href":"https:\/\/aconteceunovale.com.br\/portal\/index.php?rest_route=%2Fwp%2Fv2%2Ftags&post=99713"}],"curies":[{"name":"wp","href":"https:\/\/api.w.org\/{rel}","templated":true}]}}