{"id":99705,"date":"2016-10-21T10:27:02","date_gmt":"2016-10-21T13:27:02","guid":{"rendered":"http:\/\/aconteceunovale.com.br\/portal\/?p=99705"},"modified":"2016-10-21T10:27:02","modified_gmt":"2016-10-21T13:27:02","slug":"ifmg-comemora-65-anos-de-educacao-publica-federal-em-sao-joao-evangelista","status":"publish","type":"post","link":"https:\/\/aconteceunovale.com.br\/portal\/?p=99705","title":{"rendered":"IFMG comemora 65 anos de educa\u00e7\u00e3o p\u00fablica federal em S\u00e3o Jo\u00e3o Evangelista"},"content":{"rendered":"<p>O Instituto Federal de Minas Gerais Campus S\u00e3o Jo\u00e3o Evangelista (IFMG\/SJE), fundado em 27\/10\/1951, celebra 65 anos de Educa\u00e7\u00e3o P\u00fablica Federal no munic\u00edpio e durante a semana de comemora\u00e7\u00e3o, de 24 a 29 de outubro, realizar-se-\u00e1 dentre outras atividades a VI Semana de Ci\u00eancia e Tecnologia, IV Semin\u00e1rio de Integra\u00e7\u00e3o Acad\u00eamica e a Comemora\u00e7\u00e3o do Dia do Servidor.<\/p>\n<p>A hist\u00f3ria do IFMG &#8211; Campus S\u00e3o Jo\u00e3o Evangelista, fundado em 27\/10\/1951, teve in\u00edcio, em 1947, atrav\u00e9s da idealiza\u00e7\u00e3o dos Doutores Nelson de Sena e Demerval Jos\u00e9 Pimenta, que juntamente com os Senhores Oswaldo Pimenta, Monsenhor Ant\u00f4nio Pinheiro, Padre Davino Morais e Astrogildo Amaral fundaram a Sociedade Educacional Evangelistana. Em 1950, essa Sociedade, atrav\u00e9s de um termo de compra e compromisso, adquiriu da Senhora Ondina Amaral um terreno que possu\u00eda o nome \u201cCh\u00e1cara S\u00e3o Domingos\u201d com uma \u00e1rea de 277,14 ha. Dava-se in\u00edcio, ent\u00e3o, ao que hoje \u00e9 Instituto Federal de Educa\u00e7\u00e3o, Ci\u00eancia e Tecnologia de Minas Gerais Campus S\u00e3o Jo\u00e3o Evangelista.<\/p>\n<p>No dia 27 de outubro de 1951, foi publicado no Di\u00e1rio Oficial da Uni\u00e3o, um conv\u00eanio entre a Uni\u00e3o e o Estado de Minas Gerais para a instala\u00e7\u00e3o da Escola de Inicia\u00e7\u00e3o Agr\u00edcola de S\u00e3o Jo\u00e3o Evangelista, ent\u00e3o subordinada \u00e0 Superintend\u00eancia de Ensino Agr\u00edcola e Veterin\u00e1rio do Minist\u00e9rio da Agricultura. Em 1964 a denomina\u00e7\u00e3o de Escola de Inicia\u00e7\u00e3o foi alterada para Gin\u00e1sio Agr\u00edcola. Posteriormente, com o decreto n\u00ba 83.995 de 4 de setembro de 1979, foi alterada a denomina\u00e7\u00e3o de Gin\u00e1sio Agr\u00edcola para Escola Agrot\u00e9cnica Federal de S\u00e3o Jo\u00e3o Evangelista-MG.<\/p>\n<p>Em 29 de dezembro de 2008, o presidente Luiz In\u00e1cio Lula da Silva sancionou a lei n\u00ba 11.892 que instituiu a Rede Federal de Educa\u00e7\u00e3o Profissional, Cient\u00edfica e Tecnol\u00f3gica, e criou os Institutos Federais de Educa\u00e7\u00e3o, Ci\u00eancia e Tecnologia. Assim a Escola Agrot\u00e9cnica Federal de S\u00e3o Jo\u00e3o Evangelista-MG passou a ser denominada Instituto Federal de Educa\u00e7\u00e3o, Ci\u00eancia e Tecnologia de Minas Gerais Campus S\u00e3o Jo\u00e3o Evangelista.<\/p>\n<p>Atualmente o Instituto Federal de Educa\u00e7\u00e3o, Ci\u00eancia e Tecnologia de Minas Gerais Campus S\u00e3o Jo\u00e3o Evangelista oferta os cursos T\u00e9cnico em Agropecu\u00e1ria, T\u00e9cnico em Nutri\u00e7\u00e3o e Diet\u00e9tica e T\u00e9cnico em Manuten\u00e7\u00e3o e Suporte em Inform\u00e1tica, integrados ao Ensino M\u00e9dio. Oferta tamb\u00e9m os cursos de gradua\u00e7\u00e3o: Bacharelado em Agronomia, Bacharelado Engenharia Florestal, Bacharelado em Sistemas de Informa\u00e7\u00e3o e Licenciatura em Matem\u00e1tica. Oferta-se ainda os seguintes cursos de P\u00f3s-gradua\u00e7\u00e3o Lato-Sensu: Especializa\u00e7\u00e3o em Meio Ambiente e Especializa\u00e7\u00e3o em Pecu\u00e1ria Leiteira com \u00canfase em Tecnologias Sociais.<\/p>\n<p>Na modalidade EAD s\u00e3o ofertados os cursos t\u00e9cnicos subsequentes ao Ensino M\u00e9dio nas \u00e1reas de Artesanato, Florestas e Reciclagem. Cursos de forma\u00e7\u00e3o inicial e continuada s\u00e3o oferecidos pelo Campus por ocasi\u00e3o da tradicional Semana da Fam\u00edlia Rural e tamb\u00e9m em parceria com o Senar Minas durante o ano todo. Atrav\u00e9s do Pronatec s\u00e3o ofertados cursos t\u00e9cnicos e de forma\u00e7\u00e3o inicial e continuada em diversas \u00e1reas.<\/p>\n<p>Para ofertar educa\u00e7\u00e3o gratuita e de qualidade o Campus conta com professores e servidores t\u00e9cnico-administrativos altamente capacitados, na sua grande maioria doutores e mestres.<\/p>\n<p><img decoding=\"async\" src=\"http:\/\/aconteceunovale.com.br\/portal\/wp-content\/uploads\/2016\/10\/convite_65_ifmg_sje_1.png\" alt=\"\" \/><img decoding=\"async\" src=\"http:\/\/aconteceunovale.com.br\/portal\/wp-content\/uploads\/2016\/10\/convite_65_ifmg_sje_2.png\" alt=\"\" \/><img decoding=\"async\" src=\"http:\/\/aconteceunovale.com.br\/portal\/wp-content\/uploads\/2016\/10\/convite_65_ifmg_sje_3.png\" alt=\"\" \/><img decoding=\"async\" src=\"http:\/\/aconteceunovale.com.br\/portal\/wp-content\/uploads\/2016\/10\/convite_65_ifmg_sje_4.png\" alt=\"\" \/><img decoding=\"async\" src=\"http:\/\/aconteceunovale.com.br\/portal\/wp-content\/uploads\/2016\/10\/convite_65_ifmg_sje_5.png\" alt=\"\" \/><br \/>\n<\/br><\/p>\n<p><em>(Fonte: IFMG\/SJE)<\/em><\/p>\n","protected":false},"excerpt":{"rendered":"<p>O Instituto Federal de Minas Gerais Campus S\u00e3o Jo\u00e3o Evangelista (IFMG\/SJE), fundado em 27\/10\/1951, celebra 65 anos de Educa\u00e7\u00e3o P\u00fablica Federal no munic\u00edpio e durante a semana de comemora\u00e7\u00e3o, de 24 a 29 de outubro, realizar-se-\u00e1 dentre outras atividades a VI Semana de Ci\u00eancia e Tecnologia, IV Semin\u00e1rio de Integra\u00e7\u00e3o Acad\u00eamica e a Comemora\u00e7\u00e3o do [&hellip;]<\/p>\n","protected":false},"author":1,"featured_media":99712,"comment_status":"open","ping_status":"closed","sticky":false,"template":"","format":"standard","meta":{"amp_status":"","footnotes":""},"categories":[40238,121],"tags":[42187,121714,42188,2921,121716,121713,54464,42142,17066,162,121715],"class_list":["post-99705","post","type-post","status-publish","format-standard","has-post-thumbnail","hentry","category-educacao-2","category-leste","tag-eafsje","tag-educacao-publica-federal-em-sao-joao-evangelista","tag-escola-agrotecnica-federal-de-sao-joao-evangelista","tag-ifmg-campus-sao-joao-evangelista","tag-ifmg-campus-sao-joao-evangelista-comemora-65-anos","tag-ifmg-comemora-65-anos-de-educacao-publica-federal-em-sao-joao-evangelista","tag-ifmg-sao-joao-evangelista","tag-ifmg-sje","tag-instituto-federal-de-minas-gerais-campus-sao-joao-evangelista","tag-sao-joao-evangelista","tag-sje"],"_links":{"self":[{"href":"https:\/\/aconteceunovale.com.br\/portal\/index.php?rest_route=\/wp\/v2\/posts\/99705","targetHints":{"allow":["GET"]}}],"collection":[{"href":"https:\/\/aconteceunovale.com.br\/portal\/index.php?rest_route=\/wp\/v2\/posts"}],"about":[{"href":"https:\/\/aconteceunovale.com.br\/portal\/index.php?rest_route=\/wp\/v2\/types\/post"}],"author":[{"embeddable":true,"href":"https:\/\/aconteceunovale.com.br\/portal\/index.php?rest_route=\/wp\/v2\/users\/1"}],"replies":[{"embeddable":true,"href":"https:\/\/aconteceunovale.com.br\/portal\/index.php?rest_route=%2Fwp%2Fv2%2Fcomments&post=99705"}],"version-history":[{"count":0,"href":"https:\/\/aconteceunovale.com.br\/portal\/index.php?rest_route=\/wp\/v2\/posts\/99705\/revisions"}],"wp:featuredmedia":[{"embeddable":true,"href":"https:\/\/aconteceunovale.com.br\/portal\/index.php?rest_route=\/wp\/v2\/media\/99712"}],"wp:attachment":[{"href":"https:\/\/aconteceunovale.com.br\/portal\/index.php?rest_route=%2Fwp%2Fv2%2Fmedia&parent=99705"}],"wp:term":[{"taxonomy":"category","embeddable":true,"href":"https:\/\/aconteceunovale.com.br\/portal\/index.php?rest_route=%2Fwp%2Fv2%2Fcategories&post=99705"},{"taxonomy":"post_tag","embeddable":true,"href":"https:\/\/aconteceunovale.com.br\/portal\/index.php?rest_route=%2Fwp%2Fv2%2Ftags&post=99705"}],"curies":[{"name":"wp","href":"https:\/\/api.w.org\/{rel}","templated":true}]}}