{"id":99700,"date":"2016-10-21T09:10:48","date_gmt":"2016-10-21T12:10:48","guid":{"rendered":"http:\/\/aconteceunovale.com.br\/portal\/?p=99700"},"modified":"2016-10-21T09:10:48","modified_gmt":"2016-10-21T12:10:48","slug":"prefeito-e-procuradora-geral-de-guanhaes-sao-acusados-de-improbidade-administrativa","status":"publish","type":"post","link":"https:\/\/aconteceunovale.com.br\/portal\/?p=99700","title":{"rendered":"Prefeito e procuradora-geral de Guanh\u00e3es s\u00e3o acusados de improbidade administrativa"},"content":{"rendered":"<p>O Minist\u00e9rio P\u00fablico de Minas Gerais (MPMG) ajuizou A\u00e7\u00e3o Civil P\u00fablica (ACP) por improbidade administrativa contra o prefeito e a procuradora-geral de Guanh\u00e3es, cidade do Vale do Rio Doce, por descumprirem lei municipal de planos e carreiras no servi\u00e7o p\u00fablico.<\/p>\n<p>Na ACP, a Promotoria de Justi\u00e7a de Defesa do Patrim\u00f4nio P\u00fablico de Guanh\u00e3es pede a exonera\u00e7\u00e3o da procuradora, nomeada sem concurso, e a condena\u00e7\u00e3o dela e do prefeito \u00e0 perda da fun\u00e7\u00e3o p\u00fablica e \u00e0 suspens\u00e3o dos direitos pol\u00edticos, entre outras san\u00e7\u00f5es.   <\/p>\n<p>Desde a realiza\u00e7\u00e3o da opera\u00e7\u00e3o Cartas Marcadas, em 2015, o MPMG tem apurado irregularidades na gest\u00e3o do atual prefeito, que, em parceria com funcion\u00e1rios do alto escal\u00e3o da prefeitura, teria montado uma estrutura para fraudar licita\u00e7\u00f5es. <\/p>\n<p>Segundo o promotor de Justi\u00e7a Guilherme Heringer Rocha, autor da ACP, \u201co cargo de procurador-geral, al\u00e9m de ser do alto escal\u00e3o, possui atividades ligadas ao setor de licita\u00e7\u00e3o, crucial para o funcionamento do esquema de fraudes montado\u201d.<\/p>\n<p>Para Rocha, o prefeito de Guanh\u00e3es se utilizaria desse cargo para atender seus interesses il\u00edcitos. Ele acrescenta que a atividade de procurador-geral tem car\u00e1ter permanente \u00e0 administra\u00e7\u00e3o, devendo ser exercida por concursados e por pessoas que conhecem os problemas do munic\u00edpio. <\/p>\n<p>Mesmo tendo realizado concurso em 2014, a prefeitura, segundo o promotor de Justi\u00e7a, continuaria mantendo nas cinco vagas do setor pessoas em cargo em comiss\u00e3o, contrariando a Lei Municipal n\u00ba 002 de 2014, que trata de cargos e carreiras no servi\u00e7o p\u00fablico de Guanh\u00e3es.  <\/p>\n<p>\u201cComposta por cinco \u2018advogados\u2019, a Procuradoria de Guanh\u00e3es n\u00e3o comporta uma chefia nomeada sem concurso. E, por ser atividade permanente \u00e0 administra\u00e7\u00e3o, deve ser exercida por quem \u00e9 mais apto ao exerc\u00edcio da fun\u00e7\u00e3o\u201d, disse Rocha.<\/p>\n<p>Al\u00e9m de pedir a exonera\u00e7\u00e3o da procuradora-geral de Guanh\u00e3es, a ACP quer que a Justi\u00e7a pro\u00edba o prefeito da cidade de contratar novos advogados sem concurso.   <\/p>\n<p><em>(Fonte: MPMG)<\/em><\/p>\n","protected":false},"excerpt":{"rendered":"<p>O Minist\u00e9rio P\u00fablico de Minas Gerais (MPMG) ajuizou A\u00e7\u00e3o Civil P\u00fablica (ACP) por improbidade administrativa contra o prefeito e a procuradora-geral de Guanh\u00e3es, cidade do Vale do Rio Doce, por descumprirem lei municipal de planos e carreiras no servi\u00e7o p\u00fablico. Na ACP, a Promotoria de Justi\u00e7a de Defesa do Patrim\u00f4nio P\u00fablico de Guanh\u00e3es pede a [&hellip;]<\/p>\n","protected":false},"author":1,"featured_media":87301,"comment_status":"open","ping_status":"closed","sticky":false,"template":"","format":"standard","meta":{"amp_status":"","footnotes":""},"categories":[121],"tags":[121696,121697,121698,155,121701,78489,19674,19675,65255,74321,121702,95200,121699,121700],"class_list":["post-99700","post","type-post","status-publish","format-standard","has-post-thumbnail","hentry","category-leste","tag-acp-contra-prefeito-de-guanhaes","tag-corrupcao-em-guanhaes","tag-desvio-de-recursos-em-guanhaes","tag-guanhaes","tag-guilherme-heringer-rocha","tag-investigacao-prefeito-de-guanhaes","tag-ministerio-publico-de-minas-gerais","tag-mpmg","tag-operacao-cartas-marcadas","tag-prefeito-de-guanhaes","tag-prefeito-e-procuradora-geral-de-guanhaes-sao-acusados-de-improbidade-administrativa","tag-processo-prefeito-de-guanhaes","tag-procuradora-geral-de-guanhaes","tag-promotor-de-justica-guilherme-heringer-rocha"],"_links":{"self":[{"href":"https:\/\/aconteceunovale.com.br\/portal\/index.php?rest_route=\/wp\/v2\/posts\/99700","targetHints":{"allow":["GET"]}}],"collection":[{"href":"https:\/\/aconteceunovale.com.br\/portal\/index.php?rest_route=\/wp\/v2\/posts"}],"about":[{"href":"https:\/\/aconteceunovale.com.br\/portal\/index.php?rest_route=\/wp\/v2\/types\/post"}],"author":[{"embeddable":true,"href":"https:\/\/aconteceunovale.com.br\/portal\/index.php?rest_route=\/wp\/v2\/users\/1"}],"replies":[{"embeddable":true,"href":"https:\/\/aconteceunovale.com.br\/portal\/index.php?rest_route=%2Fwp%2Fv2%2Fcomments&post=99700"}],"version-history":[{"count":0,"href":"https:\/\/aconteceunovale.com.br\/portal\/index.php?rest_route=\/wp\/v2\/posts\/99700\/revisions"}],"wp:featuredmedia":[{"embeddable":true,"href":"https:\/\/aconteceunovale.com.br\/portal\/index.php?rest_route=\/wp\/v2\/media\/87301"}],"wp:attachment":[{"href":"https:\/\/aconteceunovale.com.br\/portal\/index.php?rest_route=%2Fwp%2Fv2%2Fmedia&parent=99700"}],"wp:term":[{"taxonomy":"category","embeddable":true,"href":"https:\/\/aconteceunovale.com.br\/portal\/index.php?rest_route=%2Fwp%2Fv2%2Fcategories&post=99700"},{"taxonomy":"post_tag","embeddable":true,"href":"https:\/\/aconteceunovale.com.br\/portal\/index.php?rest_route=%2Fwp%2Fv2%2Ftags&post=99700"}],"curies":[{"name":"wp","href":"https:\/\/api.w.org\/{rel}","templated":true}]}}