{"id":99692,"date":"2016-10-20T22:07:48","date_gmt":"2016-10-21T01:07:48","guid":{"rendered":"http:\/\/aconteceunovale.com.br\/portal\/?p=99692"},"modified":"2016-10-20T22:07:48","modified_gmt":"2016-10-21T01:07:48","slug":"institutos-federais-nao-devem-informar-ao-mec-nomes-de-alunos-das-ocupacoes","status":"publish","type":"post","link":"https:\/\/aconteceunovale.com.br\/portal\/?p=99692","title":{"rendered":"Institutos federais n\u00e3o devem informar ao MEC nomes de alunos das ocupa\u00e7\u00f5es"},"content":{"rendered":"<p>Os institutos federais n\u00e3o dever\u00e3o atender a solicita\u00e7\u00e3o do Minist\u00e9rio da Educa\u00e7\u00e3o (MEC) de informar, em at\u00e9 cinco dias, os nomes dos estudantes que participam das ocupa\u00e7\u00f5es, segundo representantes das institui\u00e7\u00f5es. Hoje (20\/10\/2016), os representantes dos institutos reuniram-se em reuni\u00e3o ordin\u00e1ria do Conselho Nacional das Institui\u00e7\u00f5es da Rede Federal de Educa\u00e7\u00e3o Profissional, Cient\u00edfica e Tecnol\u00f3gica (Conif). &#8220;A decis\u00e3o foi de responder ao of\u00edcio do MEC&#8221;, diz o pr\u00f3-reitor de Desenvolvimento Institucional Instituto Federal Fluminense (IFF), Jos\u00e9 Luiz Sanguedo Boynard, que participou da reuni\u00e3o. &#8220;Em rela\u00e7\u00e3o \u00e0 identifica\u00e7\u00e3o, isso nunca ocorreu. A princ\u00edpio isso \u00e9 algo que as institui\u00e7\u00f5es n\u00e3o pensam em fazer&#8221;.<\/p>\n<p>No in\u00edcio da noite de ontem (19), um of\u00edcio circular foi enviado pela Secretaria de Educa\u00e7\u00e3o Profissional e Tecnol\u00f3gica do MEC aos reitores dos institutos federais solicitando que dessem informa\u00e7\u00f5es ao MEC sobre as ocupa\u00e7\u00f5es e seus participantes: &#8220;Solicito manifesta\u00e7\u00e3o formal acerca da exist\u00eancia de eventual ocupa\u00e7\u00e3o dos espa\u00e7os f\u00edsicos das institui\u00e7\u00f5es sob responsabilidade de vossas senhorias, procedendo, se for o caso, a respectiva identifica\u00e7\u00e3o dos ocupantes, no prazo de cinco dias&#8221;, diz o of\u00edcio.<\/p>\n<p>O reitor do Instituto Federal de Bras\u00edlia, Wilson Conciani diz que h\u00e1 dificuldades operacionais em organizar esses dados: &#8220;N\u00e3o conhecemos pessoalmente todos eles, \u00e9 uma miss\u00e3o um pouco mais dif\u00edcil&#8221;, disse. &#8220;\u00c9 uma dificuldade operacional, n\u00e3o \u00e9 quest\u00e3o de ser a favor ou contra uma posi\u00e7\u00e3o que o MEC est\u00e1 nos colocando. A gente tem explicado isso para o minist\u00e9rio. J\u00e1 informamos o minist\u00e9rio quais s\u00e3o os campi que est\u00e3o ocupados. Desde o primeiro momento de ocupa\u00e7\u00e3o j\u00e1 fomos informando o MEC porque \u00e9 o \u00f3rg\u00e3o central que coordena as informa\u00e7\u00f5es de educa\u00e7\u00e3o&#8221;.<\/p>\n<p>Cinco campi do IFB est\u00e3o ocupados. No Brasil, de acordo com o Sindicato Nacional dos Servidores Federais da Educa\u00e7\u00e3o B\u00e1sica, Profissional e Tecnol\u00f3gica, at\u00e9 essa quarta-feira, 68 unidades em 23 institutos federais em 15 estados estavam ocupados. &#8220;N\u00e3o vamos bater nem expulsar os estudantes daqui. O que estamos negociando \u00e9 que o Instituto funcione normalmente, ou seja, eles podem ficar acampados desde que a gente possa entrar, trabalhar, receber as pessoas, que n\u00e3o atrapalhe o funcionamento do Instituto&#8221;, diz Conciani.<\/p>\n<p>Por meio da assessoria de imprensa, o Conif, que re\u00fane os representantes dos institutos federais, diz que o foco do conselho \u00e9 informar quais s\u00e3o os campi ocupados, que n\u00e3o h\u00e1 decis\u00e3o plen\u00e1ria sobre a identifica\u00e7\u00e3o dos estudantes e que a resposta ao MEC cabe a cada institui\u00e7\u00e3o.<\/p>\n<p>Ontem (19) o ministro deu o prazo at\u00e9 o dia 31 de outubro para que as escolas e institutos federais sejam desocupados. Caso isso n\u00e3o ocorra, as provas do Exame Nacional do Ensino M\u00e9dio (Enem) ser\u00e3o suspensas nas localidades ocupadas. De ontem para hoje, um novo local de prova do Enem foi ocupado no pa\u00eds, fazendo com que o balan\u00e7o total subisse de 181 para 182, de acordo com balan\u00e7o do Instituto Nacional de Estudos e Pesquisas An\u00edsio Teixeira (Inep).<\/p>\n<p>Em nota divulgada hoje \u00e0 imprensa, o MEC diz que o of\u00edcio enviado \u00e0 rede federal solicitou aos dirigentes &#8220;informa\u00e7\u00f5es sobre a situa\u00e7\u00e3o dessas ocupa\u00e7\u00f5es, cumprindo sua responsabilidade legal de zelar pela preserva\u00e7\u00e3o do espa\u00e7o p\u00fablico e de garantir o direito dos alunos de acesso ao ensino e dos professores, de ensinar&#8221;.<\/p>\n<p>O MEC diz que apela ao bom senso para que os espa\u00e7os sejam desocupados at\u00e9 o dia 31 para preservar o direito dos candidatos inscritos no Enem de fazerem a prova. &#8220;A Advocacia-Geral da Uni\u00e3o j\u00e1 foi acionada pelo MEC e estuda as provid\u00eancias jur\u00eddicas cab\u00edveis para os respons\u00e1veis pelas ocupa\u00e7\u00f5es&#8221;, diz o minist\u00e9rio em nota. A atual gest\u00e3o afirma que liberou esta semana mais de R$ 200 milh\u00f5es, completando 100% do custeio  dos institutos federais, dos Cefets e do Col\u00e9gio Pedro II. (Ag\u00eancia Brasil)<\/p>\n","protected":false},"excerpt":{"rendered":"<p>Os institutos federais n\u00e3o dever\u00e3o atender a solicita\u00e7\u00e3o do Minist\u00e9rio da Educa\u00e7\u00e3o (MEC) de informar, em at\u00e9 cinco dias, os nomes dos estudantes que participam das ocupa\u00e7\u00f5es, segundo representantes das institui\u00e7\u00f5es. Hoje (20\/10\/2016), os representantes dos institutos reuniram-se em reuni\u00e3o ordin\u00e1ria do Conselho Nacional das Institui\u00e7\u00f5es da Rede Federal de Educa\u00e7\u00e3o Profissional, Cient\u00edfica e Tecnol\u00f3gica [&hellip;]<\/p>\n","protected":false},"author":1,"featured_media":99693,"comment_status":"open","ping_status":"closed","sticky":false,"template":"","format":"standard","meta":{"amp_status":"","footnotes":""},"categories":[6,40238],"tags":[82779,121681,119713,24258,121680,121684,1168,121679,121683,110244,121682,121685],"class_list":["post-99692","post","type-post","status-publish","format-standard","has-post-thumbnail","hentry","category-br","category-educacao-2","tag-conif","tag-informar-ao-mec-nomes-de-alunos-das-ocupacoes","tag-instituto-federal-de-brasilia","tag-institutos-federais","tag-institutos-federais-nao-devem-informar-ao-mec-nomes-de-alunos-das-ocupacoes","tag-jose-luiz-sanguedo-boynard","tag-mec","tag-ocupacoes","tag-ocupacoes-nos-institutos-federais","tag-pec-241","tag-protestos-contra-a-pec-241","tag-wilson-conciani"],"_links":{"self":[{"href":"https:\/\/aconteceunovale.com.br\/portal\/index.php?rest_route=\/wp\/v2\/posts\/99692","targetHints":{"allow":["GET"]}}],"collection":[{"href":"https:\/\/aconteceunovale.com.br\/portal\/index.php?rest_route=\/wp\/v2\/posts"}],"about":[{"href":"https:\/\/aconteceunovale.com.br\/portal\/index.php?rest_route=\/wp\/v2\/types\/post"}],"author":[{"embeddable":true,"href":"https:\/\/aconteceunovale.com.br\/portal\/index.php?rest_route=\/wp\/v2\/users\/1"}],"replies":[{"embeddable":true,"href":"https:\/\/aconteceunovale.com.br\/portal\/index.php?rest_route=%2Fwp%2Fv2%2Fcomments&post=99692"}],"version-history":[{"count":0,"href":"https:\/\/aconteceunovale.com.br\/portal\/index.php?rest_route=\/wp\/v2\/posts\/99692\/revisions"}],"wp:featuredmedia":[{"embeddable":true,"href":"https:\/\/aconteceunovale.com.br\/portal\/index.php?rest_route=\/wp\/v2\/media\/99693"}],"wp:attachment":[{"href":"https:\/\/aconteceunovale.com.br\/portal\/index.php?rest_route=%2Fwp%2Fv2%2Fmedia&parent=99692"}],"wp:term":[{"taxonomy":"category","embeddable":true,"href":"https:\/\/aconteceunovale.com.br\/portal\/index.php?rest_route=%2Fwp%2Fv2%2Fcategories&post=99692"},{"taxonomy":"post_tag","embeddable":true,"href":"https:\/\/aconteceunovale.com.br\/portal\/index.php?rest_route=%2Fwp%2Fv2%2Ftags&post=99692"}],"curies":[{"name":"wp","href":"https:\/\/api.w.org\/{rel}","templated":true}]}}