{"id":99600,"date":"2016-10-19T20:55:03","date_gmt":"2016-10-19T23:55:03","guid":{"rendered":"http:\/\/aconteceunovale.com.br\/portal\/?p=99600"},"modified":"2016-10-19T20:55:03","modified_gmt":"2016-10-19T23:55:03","slug":"camara-de-governador-valadares-define-datas-para-julgamentos-de-vereadores-afastados","status":"publish","type":"post","link":"https:\/\/aconteceunovale.com.br\/portal\/?p=99600","title":{"rendered":"C\u00e2mara de Governador Valadares define datas para julgamentos de vereadores afastados"},"content":{"rendered":"<p>A C\u00e2mara Municipal de Governador Valadares divulgou na tarde desta quarta-feira (19\/10) as datas de julgamentos dos vereadores acusados de quebra de decoro parlamentar, que foram afastados da C\u00e2mara dentro das investiga\u00e7\u00f5es da opera\u00e7\u00e3o Mar de Lama. Com dois investigados por dia, os julgamentos est\u00e3o previstos para acontecer entre os dias sete e 11 de novembro.<\/p>\n<p>Na \u00faltima semana foram ouvidos alguns dos vereadores e suas respectivas testemunhas. No dia 27 de outubro ser\u00e3o ouvidos os vereadores que est\u00e3o presos e as testemunhas indicadas pela defesa deles.<\/p>\n<p>Segundo o comunicado emitido pela assessoria de comunica\u00e7\u00e3o da C\u00e2mara Municipal, os relat\u00f3rios elaborados pela Comiss\u00e3o de \u00c9tica da Casa ser\u00e3o lidos em reuni\u00e3o ordin\u00e1ria no dia tr\u00eas de novembro. No dia quatro, os processos ser\u00e3o enviados para a Comiss\u00e3o de Constitucionalidade Justi\u00e7a e Reda\u00e7\u00e3o (CCJR), que analisar\u00e1 se os processos est\u00e3o de acordo com a legisla\u00e7\u00e3o.<\/p>\n<p>Ap\u00f3s an\u00e1lise da CCJR, os julgamentos ficam previstos para as seguintes datas:<\/p>\n<p>&#8211; 07\/11: Jos\u00e9 Iderlan e Is\u00e1 Batista<br \/>\n&#8211; 08\/11: Adauto Carteiro e Chiquinho<br \/>\n&#8211; 09\/11: Leonardo Gl\u00f3ria e Milvinho<br \/>\n&#8211; 10\/11: Geovanne Hon\u00f3rio e Ananias Camel\u00f4<br \/>\n&#8211; 11\/11: Sezary Alvarenga e Ricardo Assun\u00e7\u00e3o<\/p>\n<p>Os julgamentos ser\u00e3o realizados no plen\u00e1rio da C\u00e2mara e ser\u00e3o abertos ao p\u00fablico. (G1 dos Vales)<\/p>\n","protected":false},"excerpt":{"rendered":"<p>A C\u00e2mara Municipal de Governador Valadares divulgou na tarde desta quarta-feira (19\/10) as datas de julgamentos dos vereadores acusados de quebra de decoro parlamentar, que foram afastados da C\u00e2mara dentro das investiga\u00e7\u00f5es da opera\u00e7\u00e3o Mar de Lama. Com dois investigados por dia, os julgamentos est\u00e3o previstos para acontecer entre os dias sete e 11 de [&hellip;]<\/p>\n","protected":false},"author":1,"featured_media":65931,"comment_status":"open","ping_status":"closed","sticky":false,"template":"","format":"standard","meta":{"amp_status":"","footnotes":""},"categories":[121],"tags":[27934,27930,121464,121457,27933,3339,247,121462,27931,121460,121458,27938,27928,121463,121459],"class_list":["post-99600","post","type-post","status-publish","format-standard","has-post-thumbnail","hentry","category-leste","tag-adauto-carteiro","tag-ananias-camelo","tag-camara-de-governador-valadares-define-datas-para-julgamentos-de-vereadores-afastados","tag-camara-define-datas-para-julgamentos-de-vereadores-afastados-em-governador-valadares","tag-chiquinho","tag-geovanne-honorio","tag-governador-valadares","tag-isa-batista","tag-jose-iderlan","tag-julgamento-de-vereadores-afastados-em-governador-valadares","tag-julgamento-de-vereadores-em-governador-valadares","tag-leonardo-gloria","tag-milvinho","tag-sezary-alvarenga","tag-vereadores-afastados-em-governador-valadares"],"_links":{"self":[{"href":"https:\/\/aconteceunovale.com.br\/portal\/index.php?rest_route=\/wp\/v2\/posts\/99600","targetHints":{"allow":["GET"]}}],"collection":[{"href":"https:\/\/aconteceunovale.com.br\/portal\/index.php?rest_route=\/wp\/v2\/posts"}],"about":[{"href":"https:\/\/aconteceunovale.com.br\/portal\/index.php?rest_route=\/wp\/v2\/types\/post"}],"author":[{"embeddable":true,"href":"https:\/\/aconteceunovale.com.br\/portal\/index.php?rest_route=\/wp\/v2\/users\/1"}],"replies":[{"embeddable":true,"href":"https:\/\/aconteceunovale.com.br\/portal\/index.php?rest_route=%2Fwp%2Fv2%2Fcomments&post=99600"}],"version-history":[{"count":0,"href":"https:\/\/aconteceunovale.com.br\/portal\/index.php?rest_route=\/wp\/v2\/posts\/99600\/revisions"}],"wp:featuredmedia":[{"embeddable":true,"href":"https:\/\/aconteceunovale.com.br\/portal\/index.php?rest_route=\/wp\/v2\/media\/65931"}],"wp:attachment":[{"href":"https:\/\/aconteceunovale.com.br\/portal\/index.php?rest_route=%2Fwp%2Fv2%2Fmedia&parent=99600"}],"wp:term":[{"taxonomy":"category","embeddable":true,"href":"https:\/\/aconteceunovale.com.br\/portal\/index.php?rest_route=%2Fwp%2Fv2%2Fcategories&post=99600"},{"taxonomy":"post_tag","embeddable":true,"href":"https:\/\/aconteceunovale.com.br\/portal\/index.php?rest_route=%2Fwp%2Fv2%2Ftags&post=99600"}],"curies":[{"name":"wp","href":"https:\/\/api.w.org\/{rel}","templated":true}]}}