{"id":99591,"date":"2016-10-19T19:54:29","date_gmt":"2016-10-19T22:54:29","guid":{"rendered":"http:\/\/aconteceunovale.com.br\/portal\/?p=99591"},"modified":"2016-10-19T19:54:29","modified_gmt":"2016-10-19T22:54:29","slug":"municipios-dos-vales-do-jequitinhonha-e-mucuri-reivindicam-melhorias-em-servicos-da-copanor","status":"publish","type":"post","link":"https:\/\/aconteceunovale.com.br\/portal\/?p=99591","title":{"rendered":"Munic\u00edpios dos Vales do Jequitinhonha e Mucuri reivindicam melhorias em servi\u00e7os da Copanor"},"content":{"rendered":"<p>Prefeitos e vereadores da regi\u00e3o dos Vales do Jequitinhonha e Mucuri reivindicam melhorias na presta\u00e7\u00e3o de servi\u00e7os de abastecimento de \u00e1gua e esgoto em seus munic\u00edpios, em particular nos distritos e povoados mais carentes. Em audi\u00eancia p\u00fablica da Comiss\u00e3o de Sa\u00fade da Assembleia Legislativa de Minas Gerais (ALMG), nesta quarta-feira (19\/10\/16), eles denunciaram que as comunidades mais pobres t\u00eam sido penalizadas com a falta de \u00e1gua tratada e a car\u00eancia de servi\u00e7o de esgotamento sanit\u00e1rio, com preju\u00edzos \u00e0 sa\u00fade da popula\u00e7\u00e3o. Eles pediram provid\u00eancias urgentes \u00e0 Copanor, empresa p\u00fablica subsidi\u00e1ria da Copasa, criada pelo Governo de Minas em 2007 para atender pequenas comunidades das regi\u00f5es Norte e Nordeste do Estado.<\/p>\n<p>Durante a reuni\u00e3o, convocada a requerimento do presidente da comiss\u00e3o, deputado Arlen Santiago (PTB), para debater o impacto da falta de \u00e1gua na sa\u00fade da popula\u00e7\u00e3o local, alguns convidados, como o prefeito eleito de Itamarandiba, Luiz Fernando Alves, defenderam a uni\u00e3o de todos os prefeitos e comunidades da regi\u00e3o com o objetivo de pressionar o governo a apresentar solu\u00e7\u00f5es r\u00e1pidas. Luiz Fernando chegou a manifestar a disposi\u00e7\u00e3o de recorrer \u00e0 Justi\u00e7a, caso o governo n\u00e3o atenda \u00e0s necessidades da popula\u00e7\u00e3o. E amea\u00e7ou pedir revis\u00e3o do contrato do munic\u00edpio com a empresa, que data de 2008.<\/p>\n<p>Os convidados lamentaram, tamb\u00e9m, a polui\u00e7\u00e3o dos rios e nascentes. O atual prefeito de Itamarandiba, Erildo do Esp\u00edrito Santo Gomes, condenou as condi\u00e7\u00f5es insalubres do rio que d\u00e1 nome \u00e0 cidade, um dos mais importantes da bacia do Jequitinhonha. A prefeita de Aricanduva, Maria Arlete dos Santos Azevedo, referiu-se ao rio S\u00e3o Louren\u00e7o, afirmando que \u201ch\u00e1 20 anos recebe todo o esgoto da cidade, prejudicando as comunidades ribeirinhas\u201d. E reivindicou urg\u00eancia na conclus\u00e3o da Unidade de Tratamento de Esgoto.<\/p>\n<p><strong>Presidente da Copanor aponta car\u00eancia de recursos e dificuldades log\u00edsticas<\/strong><\/p>\n<p>A comiss\u00e3o ouviu tamb\u00e9m o diretor-presidente da Copanor, Alonso Reis da Silva, que exp\u00f4s as dificuldades enfrentadas pela empresa. Segundo afirmou, t\u00eam sido muito grandes os desafios a serem superados, desde car\u00eancia de recursos para implanta\u00e7\u00e3o e finaliza\u00e7\u00e3o de projetos e programas a dificuldades de log\u00edstica, uma vez que alguns distritos e povoados distam at\u00e9 300 quil\u00f4metros da sede.<\/p>\n<p>Atualmente, disse, a Copanor atende a uma popula\u00e7\u00e3o de 300 mil pessoas, das quais 120 mil s\u00e3o beneficiadas pelo servi\u00e7o de esgotamento sanit\u00e1rio. O projeto inicial da empresa \u00e9 atingir 488 localidades. Hoje, apenas 238 (48,8% do total da regi\u00e3o) contam com abastecimento de \u00e1gua tratada. Quanto ao tratamento de esgoto, os n\u00fameros s\u00e3o bem menores: apenas 74 (15,2% do total). Esses dados correspondem \u00e0 execu\u00e7\u00e3o da primeira etapa do programa de atendimento da regi\u00e3o Norte, abrangendo 89 mil quil\u00f4metros quadrados, \u201cuma \u00e1rea maior do que o Estado do Rio de Janeiro e de alguns pa\u00edses da Europa\u201d, frisou o presidente da Copanor, que j\u00e1 foi, inclusive, prefeito de Porteirinha, munic\u00edpio da regi\u00e3o.<\/p>\n<p>Alonso Reis ressaltou que a prioridade, no momento, \u00e9 o abastecimento de \u00e1gua. E disse que em dezenas de casos as obras n\u00e3o foram adiante devido a problemas na desapropria\u00e7\u00e3o de terrenos.<\/p>\n<p><strong>Deputado critica \u201comiss\u00e3o da Copasa\u201d<\/strong><\/p>\n<p>O deputado Carlos Pimenta (PDT) criticou o desempenho da Copasa, afirmando que a companhia \u201csempre foi omissa com rela\u00e7\u00e3o aos pequenos munic\u00edpios, distritos e povoados\u201d. Segundo o parlamentar, a estatal \u201cs\u00f3 se importa com os locais que d\u00e3o retorno econ\u00f4mico e deixa os problemas para a Copanor\u201d. Para ele, o problema \u00e9 recorrente em todos os governos, tanto no atual, do PT, como nos anteriores, do PSDB.<\/p>\n<p>O deputado lamentou o fato de a Copanor n\u00e3o contar com or\u00e7amento pr\u00f3prio. \u201cO grosso do or\u00e7amento vem do Fundo Estadual de Sa\u00fade. Se o or\u00e7amento de sa\u00fade n\u00e3o \u00e9 suficiente para atender o b\u00e1sico, de que forma vai atender as despesas da Copanor?\u201d O parlamentar manifestou sua \u201ctotal e irrestrita solidariedade\u201d ao presidente da Copanor, reconhecendo seu esfor\u00e7o para atender as comunidades.<\/p>\n<p>O presidente da comiss\u00e3o, Arlen Santiago, defendeu uma reuni\u00e3o da Comiss\u00e3o de Sa\u00fade com a Advocacia-Geral do Estado e a Promotoria de Justi\u00e7a de Defesa da Sa\u00fade no sentido de contribuir para a busca de uma solu\u00e7\u00e3o no tocante \u00e0 quest\u00e3o de desapropria\u00e7\u00e3o de terrenos para a execu\u00e7\u00e3o de obras.<\/p>\n<p>O deputado Geraldo Pimenta (PCdoB) concordou que o apoio do Minist\u00e9rio P\u00fablico ser\u00e1 relevante e ressaltou que a comiss\u00e3o vai buscar melhorias para a regi\u00e3o atendida pela Copanor. \u201cAcesso \u00e0 \u00e1gua \u00e9 um direito humano fundamental\u201d, enfatizou.<\/p>\n<p><img decoding=\"async\" src=\"http:\/\/aconteceunovale.com.br\/portal\/wp-content\/uploads\/2016\/10\/audiencia_copanor.jpg\" alt=\"\" \/><em>Deputados se reuniram com o presidente da Copanor, prefeitos e vereadores (Foto: Ra\u00edla Melo\/ALMG)<\/em><br \/>\n<\/br><\/p>\n<p><em>(Fonte: ALMG)<\/em><\/p>\n","protected":false},"excerpt":{"rendered":"<p>Prefeitos e vereadores da regi\u00e3o dos Vales do Jequitinhonha e Mucuri reivindicam melhorias na presta\u00e7\u00e3o de servi\u00e7os de abastecimento de \u00e1gua e esgoto em seus munic\u00edpios, em particular nos distritos e povoados mais carentes. Em audi\u00eancia p\u00fablica da Comiss\u00e3o de Sa\u00fade da Assembleia Legislativa de Minas Gerais (ALMG), nesta quarta-feira (19\/10\/16), eles denunciaram que as [&hellip;]<\/p>\n","protected":false},"author":1,"featured_media":99593,"comment_status":"open","ping_status":"closed","sticky":false,"template":"","format":"standard","meta":{"amp_status":"","footnotes":""},"categories":[120,122],"tags":[752,48666,551,24358,121446,46305,38316,974,121443,83310,48665,26807,120642,149,32613,121448,121441,121447,121445,121442,121440,120641,120643,121444],"class_list":["post-99591","post","type-post","status-publish","format-standard","has-post-thumbnail","hentry","category-jequi","category-mucuri","tag-almg","tag-alonso-reis-da-silva","tag-aricanduva","tag-assembleia-legislativa-de-minas-gerais","tag-atual-prefeito-de-itamarandiba","tag-comissao-de-saude-da-almg","tag-comissao-de-saude-da-assembleia-legislativa-de-minas-gerais","tag-copanor","tag-denunciaram-que-as-comunidades-mais-pobres-tem-sido-penalizadas-com-a-falta-de-agua-tratada-e-a-carencia-de-servico-de-esgotamento-sanitario","tag-deputado-arlen-santiago","tag-diretor-presidente-da-copanor","tag-erildo-do-espirito-santo-gomes","tag-impactos-do-servico-prestado-pela-subsidiaria-da-copasa-nas-condicoes-de-saude-nos-vales-do-jequitinhonha-e-mucuri","tag-itamarandiba","tag-luiz-fernando-alves","tag-maria-arlete-dos-santos-azevedo","tag-municipios-dos-vales-do-jequitinhonha-e-mucuri-reivindicam-melhorias-em-servicos-da-copanor","tag-prefeita-de-aricanduva","tag-prefeito-eleito-de-itamarandiba","tag-prefeitos-e-vereadores-da-regiao-dos-vales-do-jequitinhonha-e-mucuri-reivindicam-melhorias-na-prestacao-de-servicos-de-abastecimento-de-agua-e-esgoto-em-seus-municipios","tag-presidente-da-copanor-aponta-carencia-de-recursos-e-dificuldades-logisticas","tag-situacao-do-abastecimento-de-agua-nos-municipios-dos-vales-do-jequitinhonha-e-do-mucuri","tag-situacao-do-abastecimento-de-agua-nos-vales-do-jequitinhonha-e-mucuri-motiva-reuniao-na-almg","tag-subsidiaria-da-copasa"],"_links":{"self":[{"href":"https:\/\/aconteceunovale.com.br\/portal\/index.php?rest_route=\/wp\/v2\/posts\/99591","targetHints":{"allow":["GET"]}}],"collection":[{"href":"https:\/\/aconteceunovale.com.br\/portal\/index.php?rest_route=\/wp\/v2\/posts"}],"about":[{"href":"https:\/\/aconteceunovale.com.br\/portal\/index.php?rest_route=\/wp\/v2\/types\/post"}],"author":[{"embeddable":true,"href":"https:\/\/aconteceunovale.com.br\/portal\/index.php?rest_route=\/wp\/v2\/users\/1"}],"replies":[{"embeddable":true,"href":"https:\/\/aconteceunovale.com.br\/portal\/index.php?rest_route=%2Fwp%2Fv2%2Fcomments&post=99591"}],"version-history":[{"count":0,"href":"https:\/\/aconteceunovale.com.br\/portal\/index.php?rest_route=\/wp\/v2\/posts\/99591\/revisions"}],"wp:featuredmedia":[{"embeddable":true,"href":"https:\/\/aconteceunovale.com.br\/portal\/index.php?rest_route=\/wp\/v2\/media\/99593"}],"wp:attachment":[{"href":"https:\/\/aconteceunovale.com.br\/portal\/index.php?rest_route=%2Fwp%2Fv2%2Fmedia&parent=99591"}],"wp:term":[{"taxonomy":"category","embeddable":true,"href":"https:\/\/aconteceunovale.com.br\/portal\/index.php?rest_route=%2Fwp%2Fv2%2Fcategories&post=99591"},{"taxonomy":"post_tag","embeddable":true,"href":"https:\/\/aconteceunovale.com.br\/portal\/index.php?rest_route=%2Fwp%2Fv2%2Ftags&post=99591"}],"curies":[{"name":"wp","href":"https:\/\/api.w.org\/{rel}","templated":true}]}}