{"id":99586,"date":"2016-10-19T15:29:32","date_gmt":"2016-10-19T18:29:32","guid":{"rendered":"http:\/\/aconteceunovale.com.br\/portal\/?p=99586"},"modified":"2016-10-19T15:29:32","modified_gmt":"2016-10-19T18:29:32","slug":"eduardo-cunha-e-levado-para-curitiba","status":"publish","type":"post","link":"https:\/\/aconteceunovale.com.br\/portal\/?p=99586","title":{"rendered":"Eduardo Cunha \u00e9 levado para Curitiba"},"content":{"rendered":"<p>O ex-presidente da C\u00e2mara dos Deputados, Eduardo Cunha, embarcou hoje (18\/10\/2016) para Curitiba ap\u00f3s ser preso pela Pol\u00edcia Federal. Cunha chegou no hangar da Pol\u00edcia Federal, no aeroporto de Bras\u00edlia, perto das 14h, mas s\u00f3 embarcou \u00e0s 15h. Acompanhado de cinco agentes da PF \u00e0 paisana ele vestia um terno e n\u00e3o estava algemado.<\/p>\n<p>Cunha deve chegar por volta das 17h na capital paranaense. A previs\u00e3o \u00e9 que o ex-deputado siga direto para a carceragem da superintend\u00eancia da PF em Curitiba e realize exames no IML somente amanh\u00e3.<\/p>\n<p>A ordem de pris\u00e3o foi expedida pelo juiz federal Sergio Moro, da 13\u00aa Vara Federal de Curitiba, em resposta ao pedido do Minist\u00e9rio P\u00fablico Federal (MPF) em Curitiba. Na vis\u00e3o dos procuradores do MPF, a liberdade de Cunha representava risco ao andamento do processo, al\u00e9m de entenderem haver possibilidade concreta de fuga.<\/p>\n<p>A disponibilidade de recursos ocultos no exterior, al\u00e9m da dupla nacionalidade &#8211; Cunha \u00e9 italiano e brasileiro &#8211; tamb\u00e9m foram argumentos usados pelos procuradores no pedido de pris\u00e3o.<\/p>\n<p>Em sua decis\u00e3o pela pris\u00e3o do ex-deputado, Moro destacou as supostas contas secretas na Su\u00ed\u00e7a, algo que Cunha sempre negou ter. &#8220;Enquanto n\u00e3o houver rastreamento completo do dinheiro e a total identifica\u00e7\u00e3o de sua localiza\u00e7\u00e3o atual, h\u00e1 um risco de dissipa\u00e7\u00e3o do produto do crime, o que inviabilizar\u00e1 a sua recupera\u00e7\u00e3o. Enquanto n\u00e3o afastado o risco de dissipa\u00e7\u00e3o do produto do crime, presente igualmente um risco maior de fuga ao exterior, uma vez que o acusado poderia se valer de recursos il\u00edcitos ali mantidos para facilitar fuga e ref\u00fagio no exterior\u201d.<\/p>\n<p>Eduardo Cunha teve o mandato cassado pelo plen\u00e1rio da C\u00e2mara dos Deputados em 12 de setembro, perdeu foro privilegiado e teve parte dos processos remetidos \u00e0 13\u00aa Vara Federal, em Curitiba. <\/p>\n<p><img decoding=\"async\" src=\"http:\/\/aconteceunovale.com.br\/portal\/wp-content\/uploads\/2016\/10\/cunha_preso.jpg\" alt=\"\" \/><em>Eduardo Cunha foi preso na manh\u00e3 de hoje (Foto: Wilson Dias\/Ag\u00eancia Brasil)<\/em><br \/>\n<\/br><\/p>\n<p><em>(Fonte: Ag\u00eancia Brasil)<\/em><\/p>\n","protected":false},"excerpt":{"rendered":"<p>O ex-presidente da C\u00e2mara dos Deputados, Eduardo Cunha, embarcou hoje (18\/10\/2016) para Curitiba ap\u00f3s ser preso pela Pol\u00edcia Federal. Cunha chegou no hangar da Pol\u00edcia Federal, no aeroporto de Bras\u00edlia, perto das 14h, mas s\u00f3 embarcou \u00e0s 15h. Acompanhado de cinco agentes da PF \u00e0 paisana ele vestia um terno e n\u00e3o estava algemado. Cunha [&hellip;]<\/p>\n","protected":false},"author":1,"featured_media":99587,"comment_status":"open","ping_status":"closed","sticky":false,"template":"","format":"standard","meta":{"amp_status":"","footnotes":""},"categories":[6,40240],"tags":[4606,4608,121393,121395,27864,121432,121398,121397,121403,121399,121401,121402,81549,27144,18095,772,121396,121400,121394,35052],"class_list":["post-99586","post","type-post","status-publish","format-standard","has-post-thumbnail","hentry","category-br","category-politica-2","tag-brasilia","tag-curitiba","tag-deputado-cassado-eduardo-cunha","tag-deputado-cassado-eduardo-cunha-e-preso-pela-pf","tag-eduardo-cunha","tag-eduardo-cunha-e-levado-para-curitiba","tag-eduardo-cunha-e-preso-na-operacao-lava-jato","tag-eduardo-cunha-e-preso-pela-pf","tag-eduardo-cunha-e-preso-pela-policia-federal","tag-ex-presidente-da-camara-dos-deputados","tag-ex-presidente-da-camara-dos-deputados-e-preso-pela-pf","tag-ex-presidente-da-camara-dos-deputados-e-preso-pela-policia-federal","tag-juiz-sergio-moro","tag-lava-jato","tag-operacao-lava-jato","tag-policia-federal","tag-prisao-de-eduardo-cunha","tag-prisao-de-ex-presidente-da-camara-dos-deputados","tag-prisao-do-deputado-cassado-eduardo-cunha","tag-sergio-moro"],"_links":{"self":[{"href":"https:\/\/aconteceunovale.com.br\/portal\/index.php?rest_route=\/wp\/v2\/posts\/99586","targetHints":{"allow":["GET"]}}],"collection":[{"href":"https:\/\/aconteceunovale.com.br\/portal\/index.php?rest_route=\/wp\/v2\/posts"}],"about":[{"href":"https:\/\/aconteceunovale.com.br\/portal\/index.php?rest_route=\/wp\/v2\/types\/post"}],"author":[{"embeddable":true,"href":"https:\/\/aconteceunovale.com.br\/portal\/index.php?rest_route=\/wp\/v2\/users\/1"}],"replies":[{"embeddable":true,"href":"https:\/\/aconteceunovale.com.br\/portal\/index.php?rest_route=%2Fwp%2Fv2%2Fcomments&post=99586"}],"version-history":[{"count":0,"href":"https:\/\/aconteceunovale.com.br\/portal\/index.php?rest_route=\/wp\/v2\/posts\/99586\/revisions"}],"wp:featuredmedia":[{"embeddable":true,"href":"https:\/\/aconteceunovale.com.br\/portal\/index.php?rest_route=\/wp\/v2\/media\/99587"}],"wp:attachment":[{"href":"https:\/\/aconteceunovale.com.br\/portal\/index.php?rest_route=%2Fwp%2Fv2%2Fmedia&parent=99586"}],"wp:term":[{"taxonomy":"category","embeddable":true,"href":"https:\/\/aconteceunovale.com.br\/portal\/index.php?rest_route=%2Fwp%2Fv2%2Fcategories&post=99586"},{"taxonomy":"post_tag","embeddable":true,"href":"https:\/\/aconteceunovale.com.br\/portal\/index.php?rest_route=%2Fwp%2Fv2%2Ftags&post=99586"}],"curies":[{"name":"wp","href":"https:\/\/api.w.org\/{rel}","templated":true}]}}