{"id":99540,"date":"2016-10-19T09:59:44","date_gmt":"2016-10-19T12:59:44","guid":{"rendered":"http:\/\/aconteceunovale.com.br\/portal\/?p=99540"},"modified":"2016-10-19T09:59:44","modified_gmt":"2016-10-19T12:59:44","slug":"artesaos-mineiros-esperam-faturar-mais-de-r-200-mil-na-primeira-feira-brasil-original","status":"publish","type":"post","link":"https:\/\/aconteceunovale.com.br\/portal\/?p=99540","title":{"rendered":"Artes\u00e3os mineiros esperam faturar mais de R$ 200 mil na primeira Feira Brasil Original"},"content":{"rendered":"<p>Tudo pronto para abertura de uma das mais importantes vitrines do artesanato nacional. \u00c9 a 1\u00aa Feira Brasil Original, no Centro de Exposi\u00e7\u00f5es Anhembi \u2013 Pavilh\u00e3o Oeste, em S\u00e3o Paulo, que vai desta quinta-feira (20\/10) at\u00e9 o domingo (23\/10).\u00a0No\u00a0espa\u00e7o, estar\u00e3o\u00a0reunidos artes\u00e3os de todo o pa\u00eds, incluindo 23 mineiros que representam o trabalho de aproximadamente 250 artes\u00e3os das diversas regi\u00f5es, e que recebem o apoio efetivo do\u00a0Governo do Estado de Minas Gerais,\u00a0a partir do chamamento p\u00fablico realizado no m\u00eas passado. A expectativa \u00e9 de comercializar 5.000 pe\u00e7as e conseguir um faturamento superior a R$ 200 mil.<\/p>\n<p>Para Minas Gerais &#8211;\u00a0que possui uma das maiores delega\u00e7\u00f5es do evento &#8211; est\u00e3o reservados 180 metros quadrados para expor e vender o que de melhor \u00e9 produzido no territ\u00f3rio \u00a0mineiro. O apoio aos artes\u00e3os se d\u00e1 por meio de uma parceria efetiva do governo &#8211;\u00a0Secretaria de Estado de Desenvolvimento Integrado e F\u00f3runs Regionais (Sedif)\u00a0e\u00a0Instituto de Desenvolvimento do Norte e Nordeste de Minas Gerais (Idene)\u00a0&#8211; com o Sebrae Minas.<\/p>\n<p>De acordo com informa\u00e7\u00f5es da Coordenadoria do Artesanato, a 1\u00aa Feira Brasil Original surgiu como resultado de mobiliza\u00e7\u00e3o dos Estados e do Distrito Federal junto ao Sebrae Nacional e ao governo federal para que propiciassem a entrada dos artes\u00e3os de todo o Brasil no mercado paulistano. \u201cOs profissionais do artesanato estiveram em S\u00e3o Paulo, em 2014, portanto, j\u00e1 sabiam do interesse pelos seus produtos e queriam mais essa oportunidade\u201d, disse o coordenador do Artesanato, Thiago Tomaz. Naquela ocasi\u00e3o\u00a0foram vendidas, aproximadamente, 4.000 pe\u00e7as mineiras, com o faturamento de R$ 156 mil.<\/p>\n<p>Segundo o secret\u00e1rio da Sedif, F\u00e1bio Cherem, muito mais do que a quest\u00e3o econ\u00f4mica, o apoio do governo do Estado tem import\u00e2ncia social e cultural. \u201cCom a parceria estabelecida fortemente com o Idene e o Sebrae Minas est\u00e1 sendo poss\u00edvel levar as belezas produzidas em Minas para mais um evento de grande porte\u201d, disse Cherem, que esteve com os artes\u00e3os mineiros na Feira Nacional de Neg\u00f3cios e Artesanato (Fenearte), no Recife, em Pernambuco.<\/p>\n<p><img decoding=\"async\" src=\"http:\/\/aconteceunovale.com.br\/portal\/wp-content\/uploads\/2016\/10\/IMG_3059_EDT.jpg\" alt=\"\" \/><em>Feira Brasil Original acontecer\u00e1 no Centro de Exposi\u00e7\u00f5es Anhembi (Cintia Rezende\/Divulga\u00e7\u00e3o)<\/em><br \/>\n<\/br><\/p>\n<p><strong>Trabalho associativo<\/strong><\/p>\n<p>O estande do artesanato mineiro ter\u00e1 bonecos em madeira, tecidos em algod\u00e3o reaproveitado, brinquedos pedag\u00f3gicos, adornos decorativos em madeira e tecido, utilit\u00e1rios feitos em fibras vegetais, entre outros produtos.<\/p>\n<p>Do Norte de Minas e do Vale do Jequitinhonha, duas comunidades ir\u00e3o expor a arte feita em cer\u00e2mica. Entre elas, a Associa\u00e7\u00e3o de Artes\u00e3os de Coqueiro Campos, da comunidade de Campo Buriti, Associa\u00e7\u00e3o dos Lavradores e Artes\u00e3os de Campo Alegre, ambas do munic\u00edpio de Turmalina, formada por cerca de 40 associados em cada uma delas.\u00a0O grupo ir\u00e1 levar adornos de cer\u00e2micas, como vasos, flores, moringas e as tradicionais bonecas de argilas do Vale do Jequitinhonha.<\/p>\n<p>A tecelagem tamb\u00e9m ganhar\u00e1 evid\u00eancia com colchas, xales, tapetes e mantas produzidas nos teares do Vale do Urucuia, tingidas naturalmente por casca de cebola, sucatas de ferro e frutas do cerrado, que d\u00e3o cor \u00e0s linhas de algod\u00e3o pelo trabalho das associa\u00e7\u00f5es de artes\u00e3os dos munic\u00edpios de Riachinho, Uruana de Minas, Sagarana (distrito de Arinos), Natal\u00e2ndia e Bonfin\u00f3polis de Minas. Juntas, elas participam de uma rede de produ\u00e7\u00e3o de tingimento, fia\u00e7\u00e3o e tecelagem que ganha o nome de Central Veredas.<\/p>\n<p><img decoding=\"async\" src=\"http:\/\/aconteceunovale.com.br\/portal\/wp-content\/uploads\/2016\/10\/artesanato_turmalina.jpg\" alt=\"\" \/><em>Artesanato de Turmalina ser\u00e1 exposto na 1\u00aa Feira Brasil Original (Divulga\u00e7\u00e3o)<\/em><br \/>\n<\/br><\/p>\n<p><strong>Artesanato mineiro em n\u00fameros\u00a0<\/strong><\/p>\n<p>A Coordena\u00e7\u00e3o do Artesanato (Sedif) estima que Minas Gerais tenha cerca de 300 mil artes\u00e3os, com uma movimenta\u00e7\u00e3o aproximada de R$ 2,2 bilh\u00f5es por ano em toda a cadeia. O\u00a0Governo do Estado\u00a0fomenta o setor com apoio na participa\u00e7\u00e3o de feiras e tamb\u00e9m por meio da emiss\u00e3o da Carteira Nacional do Artes\u00e3o e do Trabalho Manual. Atualmente s\u00e3o mais de 3.000 artes\u00e3os cadastrados.<\/p>\n<p>Em 2015, foram 13 eventos regionais e nacionais que contaram com o apoio do governo mineiro. Nesses eventos foram atendidos 4.000 artes\u00e3os. Em rela\u00e7\u00e3o a 2016, o artesanato de Minas Gerais ganhou relev\u00e2ncia na Feira Nacional de Neg\u00f3cios e Artesanato (Fenearte), no Recife (Pernambuco), onde foram beneficiados 300 artes\u00e3os de todas as regi\u00f5es do estado. O faturamento na principal feira, no Nordeste, chegou a cerca de R$ 600 mil. (Ag\u00eancia Minas)<\/p>\n","protected":false},"excerpt":{"rendered":"<p>Tudo pronto para abertura de uma das mais importantes vitrines do artesanato nacional. \u00c9 a 1\u00aa Feira Brasil Original, no Centro de Exposi\u00e7\u00f5es Anhembi \u2013 Pavilh\u00e3o Oeste, em S\u00e3o Paulo, que vai desta quinta-feira (20\/10) at\u00e9 o domingo (23\/10).\u00a0No\u00a0espa\u00e7o, estar\u00e3o\u00a0reunidos artes\u00e3os de todo o pa\u00eds, incluindo 23 mineiros que representam o trabalho de aproximadamente 250 [&hellip;]<\/p>\n","protected":false},"author":1,"featured_media":99542,"comment_status":"open","ping_status":"closed","sticky":false,"template":"","format":"standard","meta":{"amp_status":"","footnotes":""},"categories":[6,120],"tags":[113794,121364,121368,253,121370,121374,121375,121371,121373,121365,1537,121367,121372,113795,57159,1797,53962,121366,5260,1813,121369],"class_list":["post-99540","post","type-post","status-publish","format-standard","has-post-thumbnail","hentry","category-br","category-jequi","tag-1a-feira-brasil-original","tag-abertura-de-uma-das-mais-importantes-vitrines-do-artesanato-nacional","tag-adornos-decorativos-em-madeira-e-tecido","tag-arinos","tag-arte-feita-em-ceramica","tag-artesanato-mineiro-em-numeros","tag-artesaos-mineiros-esperam-faturar-mais-de-r-200-mil-na-primeira-feira-brasil-original","tag-associacao-de-artesaos-de-coqueiro-campos","tag-associacao-dos-lavradores-e-artesaos-de-campo-alegre","tag-bonecos-em-madeira","tag-bonfinopolis-de-minas","tag-brinquedos-pedagogicos","tag-comunidade-de-campo-buriti","tag-feira-brasil-original","tag-natalandia","tag-riachinho","tag-sagarana","tag-tecidos-em-algodao-reaproveitado","tag-uruana-de-minas","tag-urucuia","tag-utilitarios-feitos-em-fibras-vegetais"],"_links":{"self":[{"href":"https:\/\/aconteceunovale.com.br\/portal\/index.php?rest_route=\/wp\/v2\/posts\/99540","targetHints":{"allow":["GET"]}}],"collection":[{"href":"https:\/\/aconteceunovale.com.br\/portal\/index.php?rest_route=\/wp\/v2\/posts"}],"about":[{"href":"https:\/\/aconteceunovale.com.br\/portal\/index.php?rest_route=\/wp\/v2\/types\/post"}],"author":[{"embeddable":true,"href":"https:\/\/aconteceunovale.com.br\/portal\/index.php?rest_route=\/wp\/v2\/users\/1"}],"replies":[{"embeddable":true,"href":"https:\/\/aconteceunovale.com.br\/portal\/index.php?rest_route=%2Fwp%2Fv2%2Fcomments&post=99540"}],"version-history":[{"count":0,"href":"https:\/\/aconteceunovale.com.br\/portal\/index.php?rest_route=\/wp\/v2\/posts\/99540\/revisions"}],"wp:featuredmedia":[{"embeddable":true,"href":"https:\/\/aconteceunovale.com.br\/portal\/index.php?rest_route=\/wp\/v2\/media\/99542"}],"wp:attachment":[{"href":"https:\/\/aconteceunovale.com.br\/portal\/index.php?rest_route=%2Fwp%2Fv2%2Fmedia&parent=99540"}],"wp:term":[{"taxonomy":"category","embeddable":true,"href":"https:\/\/aconteceunovale.com.br\/portal\/index.php?rest_route=%2Fwp%2Fv2%2Fcategories&post=99540"},{"taxonomy":"post_tag","embeddable":true,"href":"https:\/\/aconteceunovale.com.br\/portal\/index.php?rest_route=%2Fwp%2Fv2%2Ftags&post=99540"}],"curies":[{"name":"wp","href":"https:\/\/api.w.org\/{rel}","templated":true}]}}