{"id":99537,"date":"2016-10-19T09:46:38","date_gmt":"2016-10-19T12:46:38","guid":{"rendered":"http:\/\/aconteceunovale.com.br\/portal\/?p=99537"},"modified":"2016-10-19T09:46:38","modified_gmt":"2016-10-19T12:46:38","slug":"startup-weekend-youth-vale-do-aco-acontece-nesse-final-de-semana","status":"publish","type":"post","link":"https:\/\/aconteceunovale.com.br\/portal\/?p=99537","title":{"rendered":"Startup Weekend Youth Vale do A\u00e7o acontece nesse final de semana"},"content":{"rendered":"<p>Entre os dias 21 e 23 de outubro, o Vale do A\u00e7o recebe a 1\u00aa edi\u00e7\u00e3o do Startup Weekend Youth, evento pensado para preparar a pr\u00f3xima gera\u00e7\u00e3o de empreendedores, que ser\u00e1 realizado no Col\u00e9gio Universit\u00e1rio Padre de Man, em Coronel Fabriciano. Criado pela UP Global, ONG sem fins lucrativos, apoiado pelo Sebrae Minas e executado por volunt\u00e1rios, o projeto \u00e9 voltado para jovens de 14 a 18 anos que desejam investir em uma carreira empreendedora.<\/p>\n<p>Durante tr\u00eas dias, os participantes s\u00e3o envolvidos numa maratona intensiva de empreendedorismo, com 54 horas de dura\u00e7\u00e3o, que visa \u00e0 cria\u00e7\u00e3o de um prot\u00f3tipo de empresa e o exerc\u00edcio de argumentos que conven\u00e7am os investidores a apostarem no neg\u00f3cio. Em um final de semana, empreendedores, designers, desenvolvedores e entusiastas se unem para compartilhar ideias, formar equipes e criar startups.<\/p>\n<p>De acordo com a analista do Sebrae Rio Doce, Larissa Mafra, o papel da institui\u00e7\u00e3o no evento \u00e9 captar a paix\u00e3o de empreendedores dispostos a promoverem uma comunidade com potencial para diversificar a economia local. \u201cOs jovens est\u00e3o cada vez mais engajados em abrir o pr\u00f3prio neg\u00f3cio e uma das formas de realizar esse sonho \u00e9 criar uma startup. O nosso prop\u00f3sito \u00e9 atrair esses jovens para enxergarem o empreendedorismo como uma oportunidade de gerar desenvolvimento local\u201d, ressalta a analista.<\/p>\n<p>A primeira edi\u00e7\u00e3o do Startup Weekend Vale do A\u00e7o ocorreu em novembro de 2015 e reuniu 75 participantes e 12 mentores. Ainda h\u00e1 vaga para inscri\u00e7\u00e3o na fila de espera. Os interessados devem acessar o site da Sympla (<a href=\"https:\/\/www.sympla.com.br\/startup-weekend-vale-do-aco-youth__75992\" target=\"_blank\">https:\/\/www.sympla.com.br\/startup-weekend-vale-do-aco-youth__75992<\/a>).<\/p>\n<p><strong>Startup Weekend Youth<\/strong><\/p>\n<p>O Startup Weekend Youth \u00e9 a vers\u00e3o jovem do maior evento de startups do mundo, o Startup Weekend. Realizado em mais de 100 pa\u00edses ao redor do mundo, desde 2007, o projeto j\u00e1 estimulou a cria\u00e7\u00e3o de 8 mil neg\u00f3cios. Em todas as edi\u00e7\u00f5es, foram mais de 200 mil participantes.<\/p>\n<p>Segundo dados do site Startup Base, Minas Gerais \u00e9 o segundo estado do pa\u00eds com o maior n\u00famero de startups, atr\u00e1s apenas de S\u00e3o Paulo. O objetivo do Startup Weekkend \u00e9 canalizar ideias inovadoras e fomentar a cria\u00e7\u00e3o de projetos para o mercado digital.<\/p>\n<p>Servi\u00e7o: Startup Weekend Youth Vale do A\u00e7o 2016<br \/>\nData: 21, 22 e 23 de outubro<br \/>\nHor\u00e1rio: 21\/10 &#8211; 18h \u00e0s 22h | 22\/10 \u2013 8h \u00e0s 22h |23\/10 \u2013 8h \u00e0s 21h<br \/>\nLocal: Col\u00e9gio Universit\u00e1rio Padre de Man &#8211; Av. Tancredo Neves, 3500,<br \/>\nBairro Universit\u00e1rio Campus do Unileste \u2013 Coronel Fabriciano<br \/>\nInforma\u00e7\u00f5es: <a href=\"http:\/\/www.up.co\/communities\/brazil\/coronel-fabriciano-brazil\/startup-weekend\/9499\" target=\"_blank\">http:\/\/www.up.co\/communities\/brazil\/coronel-fabriciano-brazil\/startup-weekend\/9499<\/a><\/p>\n","protected":false},"excerpt":{"rendered":"<p>Entre os dias 21 e 23 de outubro, o Vale do A\u00e7o recebe a 1\u00aa edi\u00e7\u00e3o do Startup Weekend Youth, evento pensado para preparar a pr\u00f3xima gera\u00e7\u00e3o de empreendedores, que ser\u00e1 realizado no Col\u00e9gio Universit\u00e1rio Padre de Man, em Coronel Fabriciano. Criado pela UP Global, ONG sem fins lucrativos, apoiado pelo Sebrae Minas e executado [&hellip;]<\/p>\n","protected":false},"author":1,"featured_media":99538,"comment_status":"open","ping_status":"closed","sticky":false,"template":"","format":"standard","meta":{"amp_status":"","footnotes":""},"categories":[125,121],"tags":[121361,1524,121360,121362,121359,121363,121358],"class_list":["post-99537","post","type-post","status-publish","format-standard","has-post-thumbnail","hentry","category-noticias","category-leste","tag-colegio-universitario-padre-de-man","tag-coronel-fabriciano","tag-startup-weekend-vale-do-aco","tag-startup-weekend-youth","tag-startup-weekend-youth-vale-do-aco","tag-startup-weekend-youth-vale-do-aco-2016","tag-startup-weekend-youth-vale-do-aco-acontece-nesse-final-de-semana"],"_links":{"self":[{"href":"https:\/\/aconteceunovale.com.br\/portal\/index.php?rest_route=\/wp\/v2\/posts\/99537","targetHints":{"allow":["GET"]}}],"collection":[{"href":"https:\/\/aconteceunovale.com.br\/portal\/index.php?rest_route=\/wp\/v2\/posts"}],"about":[{"href":"https:\/\/aconteceunovale.com.br\/portal\/index.php?rest_route=\/wp\/v2\/types\/post"}],"author":[{"embeddable":true,"href":"https:\/\/aconteceunovale.com.br\/portal\/index.php?rest_route=\/wp\/v2\/users\/1"}],"replies":[{"embeddable":true,"href":"https:\/\/aconteceunovale.com.br\/portal\/index.php?rest_route=%2Fwp%2Fv2%2Fcomments&post=99537"}],"version-history":[{"count":0,"href":"https:\/\/aconteceunovale.com.br\/portal\/index.php?rest_route=\/wp\/v2\/posts\/99537\/revisions"}],"wp:featuredmedia":[{"embeddable":true,"href":"https:\/\/aconteceunovale.com.br\/portal\/index.php?rest_route=\/wp\/v2\/media\/99538"}],"wp:attachment":[{"href":"https:\/\/aconteceunovale.com.br\/portal\/index.php?rest_route=%2Fwp%2Fv2%2Fmedia&parent=99537"}],"wp:term":[{"taxonomy":"category","embeddable":true,"href":"https:\/\/aconteceunovale.com.br\/portal\/index.php?rest_route=%2Fwp%2Fv2%2Fcategories&post=99537"},{"taxonomy":"post_tag","embeddable":true,"href":"https:\/\/aconteceunovale.com.br\/portal\/index.php?rest_route=%2Fwp%2Fv2%2Ftags&post=99537"}],"curies":[{"name":"wp","href":"https:\/\/api.w.org\/{rel}","templated":true}]}}