{"id":99535,"date":"2016-10-19T08:17:42","date_gmt":"2016-10-19T11:17:42","guid":{"rendered":"http:\/\/aconteceunovale.com.br\/portal\/?p=99535"},"modified":"2016-10-19T08:17:42","modified_gmt":"2016-10-19T11:17:42","slug":"plantao-samu-macro-norte-quarta-feira-19-de-outubro-de-2016","status":"publish","type":"post","link":"https:\/\/aconteceunovale.com.br\/portal\/?p=99535","title":{"rendered":"Plant\u00e3o SAMU Macro Norte, quarta-feira, 19 de outubro de 2016"},"content":{"rendered":"<h4><strong><em>SAMU INFORMA: Quarta-Feira, 19 de outubro de 2016 (6h do dia 18\/10 \u00e0s 6h do dia 19\/10)<\/em><\/strong><\/h4>\n<p>As unidades do SAMU realizaram 184 atendimentos em toda Macro Norte, 123 deles em Montes Claros. Foram 61 casos cl\u00ednicos, 20 acidentes de tr\u00e2nsito, 11 envolveram moto, 9 atendimentos psiqui\u00e1tricos, 5 gestantes atendidas pelo SAMU, 4 atendimentos por agress\u00e3o. Em Montes Claros foram 31 atendimentos cl\u00ednicos, 8 acidentes de tr\u00e2nsito, 6 envolvendo moto, 8 atendimento psiqui\u00e1trico, 4 pessoas  sofreram queda de altura, 1 gestantes atendida pelo SAMU e 2 atendimentos por agress\u00e3o. At\u00e9 o momento do fechamento desse relat\u00f3rio nenhuma ocorr\u00eancia de tr\u00e2nsito em andamento. (Ascom Samu)<\/p>\n","protected":false},"excerpt":{"rendered":"<p>SAMU INFORMA: Quarta-Feira, 19 de outubro de 2016 (6h do dia 18\/10 \u00e0s 6h do dia 19\/10) As unidades do SAMU realizaram 184 atendimentos em toda Macro Norte, 123 deles em Montes Claros. Foram 61 casos cl\u00ednicos, 20 acidentes de tr\u00e2nsito, 11 envolveram moto, 9 atendimentos psiqui\u00e1tricos, 5 gestantes atendidas pelo SAMU, 4 atendimentos por [&hellip;]<\/p>\n","protected":false},"author":1,"featured_media":37592,"comment_status":"open","ping_status":"closed","sticky":false,"template":"","format":"standard","meta":{"amp_status":"","footnotes":""},"categories":[1236],"tags":[121355,13996,120003,19864,13995,121356,121357,72546],"class_list":["post-99535","post","type-post","status-publish","format-standard","has-post-thumbnail","hentry","category-norte_de_minas","tag-19-de-outubro-de-2016","tag-atendimentos-do-samu-em-montes-claros","tag-ocorrencias-samu-montes-claros","tag-plantao-do-samu-em-montes-claros","tag-plantao-samu-macro-norte","tag-plantao-samu-macro-norte-quarta-feira","tag-plantao-samu-macro-norte-quarta-feira-19-de-outubro-de-2016","tag-quarta-feira"],"_links":{"self":[{"href":"https:\/\/aconteceunovale.com.br\/portal\/index.php?rest_route=\/wp\/v2\/posts\/99535","targetHints":{"allow":["GET"]}}],"collection":[{"href":"https:\/\/aconteceunovale.com.br\/portal\/index.php?rest_route=\/wp\/v2\/posts"}],"about":[{"href":"https:\/\/aconteceunovale.com.br\/portal\/index.php?rest_route=\/wp\/v2\/types\/post"}],"author":[{"embeddable":true,"href":"https:\/\/aconteceunovale.com.br\/portal\/index.php?rest_route=\/wp\/v2\/users\/1"}],"replies":[{"embeddable":true,"href":"https:\/\/aconteceunovale.com.br\/portal\/index.php?rest_route=%2Fwp%2Fv2%2Fcomments&post=99535"}],"version-history":[{"count":0,"href":"https:\/\/aconteceunovale.com.br\/portal\/index.php?rest_route=\/wp\/v2\/posts\/99535\/revisions"}],"wp:featuredmedia":[{"embeddable":true,"href":"https:\/\/aconteceunovale.com.br\/portal\/index.php?rest_route=\/wp\/v2\/media\/37592"}],"wp:attachment":[{"href":"https:\/\/aconteceunovale.com.br\/portal\/index.php?rest_route=%2Fwp%2Fv2%2Fmedia&parent=99535"}],"wp:term":[{"taxonomy":"category","embeddable":true,"href":"https:\/\/aconteceunovale.com.br\/portal\/index.php?rest_route=%2Fwp%2Fv2%2Fcategories&post=99535"},{"taxonomy":"post_tag","embeddable":true,"href":"https:\/\/aconteceunovale.com.br\/portal\/index.php?rest_route=%2Fwp%2Fv2%2Ftags&post=99535"}],"curies":[{"name":"wp","href":"https:\/\/api.w.org\/{rel}","templated":true}]}}