{"id":99483,"date":"2016-10-18T19:50:11","date_gmt":"2016-10-18T22:50:11","guid":{"rendered":"http:\/\/aconteceunovale.com.br\/portal\/?p=99483"},"modified":"2016-10-18T19:50:11","modified_gmt":"2016-10-18T22:50:11","slug":"crianca-que-morreu-apos-ser-atingida-por-aparelho-de-tv-e-sepultada-em-virgem-da-lapa","status":"publish","type":"post","link":"https:\/\/aconteceunovale.com.br\/portal\/?p=99483","title":{"rendered":"Crian\u00e7a que morreu ap\u00f3s ser atingida por aparelho de TV \u00e9 sepultada em Virgem da Lapa"},"content":{"rendered":"<p>Dor e tristeza marcaram o sepultamento do pequeno Pedro Arthur, de apenas tr\u00eas anos, na manh\u00e3 desta ter\u00e7a-feira (18\/10\/2017) em Virgem da Lapa, no Vale do Jequitinhonha. Ele sofreu traumatismo craniano ap\u00f3s ser atingido por uma TV de 29 polegadas, na tarde de s\u00e1bado (15), na sala da casa onde morava com os pais.<\/p>\n<p>O garotinho estava deitado em um tapete, em frente a uma estante com rodinhas, onde estava o aparelho de TV. \u201cAcreditamos que ele empurrou a estante com os pezinhos e o tubo da TV encostou na parede, fazendo com que o aparelho ca\u00edsse sobre ele\u201d, informou uma amiga da fam\u00edlia.<\/p>\n<p>A crian\u00e7a foi imediatamente socorrida pelos pais ao hospital da cidade e posteriormente levada para Ara\u00e7ua\u00ed. Devido \u00e0 gravidade do caso, Pedro Arthur foi encaminhado para um hospital de emerg\u00eancia em Diamantina. No domingo (16), ele foi submetido a uma cirurgia, mas n\u00e3o resistiu e veio a \u00f3bito nesta segunda-feira (17).<\/p>\n<p>\u201cA cidade est\u00e1 comovida. Era o \u00fanico filho do casal, que est\u00e1 arrasado. Muito triste. Uma fatalidade\u201d, afirmou uma moradora.<\/p>\n<p><img decoding=\"async\" src=\"http:\/\/aconteceunovale.com.br\/portal\/wp-content\/uploads\/2016\/10\/crianca_vdl.jpg\" alt=\"\" \/><em>Crian\u00e7a foi atingida por uma TV de 29 polegadas (Divulga\u00e7\u00e3o)<\/em><br \/>\n<\/br><\/p>\n<p><em>(Fonte: Gazeta de Ara\u00e7ua\u00ed)<\/em><\/p>\n","protected":false},"excerpt":{"rendered":"<p>Dor e tristeza marcaram o sepultamento do pequeno Pedro Arthur, de apenas tr\u00eas anos, na manh\u00e3 desta ter\u00e7a-feira (18\/10\/2017) em Virgem da Lapa, no Vale do Jequitinhonha. Ele sofreu traumatismo craniano ap\u00f3s ser atingido por uma TV de 29 polegadas, na tarde de s\u00e1bado (15), na sala da casa onde morava com os pais. O [&hellip;]<\/p>\n","protected":false},"author":1,"featured_media":99485,"comment_status":"open","ping_status":"closed","sticky":false,"template":"","format":"standard","meta":{"amp_status":"","footnotes":""},"categories":[120],"tags":[121270,121271,121269,121268,121272,482],"class_list":["post-99483","post","type-post","status-publish","format-standard","has-post-thumbnail","hentry","category-jequi","tag-acidente-com-aparelho-de-tv-em-virgem-da-lapa","tag-crianca-atingida-por-aparelho-de-tv-em-virgem-da-lapa","tag-crianca-morre-apos-ser-atingida-por-aparelho-de-tv-em-virgem-da-lapa","tag-crianca-que-morreu-apos-ser-atingida-por-aparelho-de-tv-e-sepultada-em-virgem-da-lapa","tag-pedro-arthur","tag-virgem-da-lapa"],"_links":{"self":[{"href":"https:\/\/aconteceunovale.com.br\/portal\/index.php?rest_route=\/wp\/v2\/posts\/99483","targetHints":{"allow":["GET"]}}],"collection":[{"href":"https:\/\/aconteceunovale.com.br\/portal\/index.php?rest_route=\/wp\/v2\/posts"}],"about":[{"href":"https:\/\/aconteceunovale.com.br\/portal\/index.php?rest_route=\/wp\/v2\/types\/post"}],"author":[{"embeddable":true,"href":"https:\/\/aconteceunovale.com.br\/portal\/index.php?rest_route=\/wp\/v2\/users\/1"}],"replies":[{"embeddable":true,"href":"https:\/\/aconteceunovale.com.br\/portal\/index.php?rest_route=%2Fwp%2Fv2%2Fcomments&post=99483"}],"version-history":[{"count":0,"href":"https:\/\/aconteceunovale.com.br\/portal\/index.php?rest_route=\/wp\/v2\/posts\/99483\/revisions"}],"wp:featuredmedia":[{"embeddable":true,"href":"https:\/\/aconteceunovale.com.br\/portal\/index.php?rest_route=\/wp\/v2\/media\/99485"}],"wp:attachment":[{"href":"https:\/\/aconteceunovale.com.br\/portal\/index.php?rest_route=%2Fwp%2Fv2%2Fmedia&parent=99483"}],"wp:term":[{"taxonomy":"category","embeddable":true,"href":"https:\/\/aconteceunovale.com.br\/portal\/index.php?rest_route=%2Fwp%2Fv2%2Fcategories&post=99483"},{"taxonomy":"post_tag","embeddable":true,"href":"https:\/\/aconteceunovale.com.br\/portal\/index.php?rest_route=%2Fwp%2Fv2%2Ftags&post=99483"}],"curies":[{"name":"wp","href":"https:\/\/api.w.org\/{rel}","templated":true}]}}