{"id":99437,"date":"2016-10-17T22:04:51","date_gmt":"2016-10-18T01:04:51","guid":{"rendered":"http:\/\/aconteceunovale.com.br\/portal\/?p=99437"},"modified":"2016-10-17T22:04:51","modified_gmt":"2016-10-18T01:04:51","slug":"cooperativas-sao-alternativas-de-geracao-de-renda-no-municipio-de-tres-marias","status":"publish","type":"post","link":"https:\/\/aconteceunovale.com.br\/portal\/?p=99437","title":{"rendered":"Cooperativas s\u00e3o alternativas de gera\u00e7\u00e3o de renda no munic\u00edpio de Tr\u00eas Marias"},"content":{"rendered":"<p>Profissionais de v\u00e1rios seguimentos do munic\u00edpio de Tr\u00eas Marias, na regi\u00e3o Central de Minas, buscam espa\u00e7o no mercado de trabalho por meio do cooperativismo. A cidade possui pouco mais de 31 mil habitantes e tem nas cooperativas aliados importantes para a economia local.<\/p>\n<p>Entre os exemplos de coopera\u00e7\u00e3o que deram certo no munic\u00edpio est\u00e1 o grupo de 32 agricultores familiares que n\u00e3o desistiu de investir nas planta\u00e7\u00f5es, mesmo com o longo per\u00edodo de estiagem na regi\u00e3o. Eles fazem parte da Cooperativa de Agricultura Familiar (Cooperafa) que produz, principalmente, hortali\u00e7as, milho, feij\u00e3o e ab\u00f3bora.<\/p>\n<p>\u201cO problema da estiagem aqui n\u00e3o \u00e9 a quantidade de chuva, mas sim a forma que esta chuva foi distribu\u00edda nos \u00faltimos anos. Este ano estamos com grande expectativa, pois a chuva chegou na \u00e9poca em que deve chegar. Ent\u00e3o, tem possibilidades de melhorar nossa produ\u00e7\u00e3o. Quando a produ\u00e7\u00e3o \u00e9 maior, n\u00f3s atendemos at\u00e9 mercado de outras cidades. Mas, no geral, vendemos para os supermercados e banco de alimentos da cidade. Nossa expectativa \u00e9 que nesta safra supere os anos anteriores\u201d, explica o gerente administrativo Thiago Teixeira.<\/p>\n<p><img decoding=\"async\" src=\"http:\/\/aconteceunovale.com.br\/portal\/wp-content\/uploads\/2016\/10\/cooperativa_tresmarias.jpg\" alt=\"\" \/><em>Expectativa dos produtores \u00e9 que esta safra supere anos anteriores (Foto: Divulga\u00e7\u00e3o)<\/em><br \/>\n<\/br><\/p>\n<p>Fundada h\u00e1 tr\u00eas anos, a Cooperafa busca o certificado de org\u00e2nico para os alimentos comercializados pelos cooperados. \u201cTodos os produtos da cooperativa s\u00e3o produzidos sem a utiliza\u00e7\u00e3o de agrot\u00f3xico. J\u00e1 temos o selo de produ\u00e7\u00e3o sem agrot\u00f3xico e agora esperamos receber o certificado de org\u00e2nica\u201d afirma Teixeira.<\/p>\n<p>Outro grupo que se mostra como refer\u00eancia na economia dos profissionais da cidade \u00e9 da \u00e1rea de alimenta\u00e7\u00e3o. H\u00e1 mais de 10 anos um grupo de mulheres montou a Cooperativa Vit\u00f3ria das Marias. Atualmente, com 12 cooperadas, a cooperativa atende empresas, festas e o com\u00e9rcio de biscoitos, bolos e salgados. Segundo a vice-presidente, Isabel Quit\u00e9ria de Santana, o trabalho em equipe fortaleceu o desenvolvimento dos produtos. \u201cHoje n\u00f3s atendemos a prefeitura, empresas, escolas e o com\u00e9rcio em geral. Aqui todas foram capacitadas para trabalhar no que for preciso dentro da cooperativa\u201d, afirma.<\/p>\n<p>Tamb\u00e9m com mais de 10 anos no mercado, a Coopermoda re\u00fane 13 costureiras da cidade para confeccionar camisas, cal\u00e7as, uniformes e bolsas. \u201cAo longo dos anos nossa cooperativa se fortaleceu. Hoje temos nossa sede pr\u00f3pria e o melhor, nossa independ\u00eancia\u201d, afirma a vice-presidente Edm\u00edrian F\u00e1tima da Luz, que faz parte da cooperativa desde a funda\u00e7\u00e3o.<\/p>\n<p>Estas tr\u00eas cooperativas s\u00e3o participantes do programa Redes de Desenvolvimento Sustent\u00e1vel, do Instituto Votarantin e Banco de Desenvolvimento Social (BNDS). No munic\u00edpio, o programa financiou cerca de R$ 1,5 milh\u00e3o para a aquisi\u00e7\u00e3o de novos equipamentos e capacita\u00e7\u00f5es para as cooperativas.<\/p>\n<p>\u201cA Votorantim Metais acredita em projetos que promovam a uni\u00e3o de pessoas que se esfor\u00e7am para atingir objetivos m\u00fatuos, como \u00e9 o caso das cooperativas de Tr\u00eas Marias. Visamos sempre contribuir para que iniciativas como essas sejam exitosas, a fim de contribuir para o fomento da cadeia produtiva local\u201d, afirma o gerente geral da empresa na cidade, Antonio Carlos dos Santos.<\/p>\n<p><img decoding=\"async\" src=\"http:\/\/aconteceunovale.com.br\/portal\/wp-content\/uploads\/2016\/10\/cooperativa_tresmarias2.jpg\" alt=\"\" \/><em>Cooperativa fornece produtos aliment\u00edcios para com\u00e9rcio local (Foto: Divulga\u00e7\u00e3o)<\/em><br \/>\n<\/br><\/p>\n<p><em>(Fonte: G1 Grande Minas\/Valdivan Veloso)<\/em><\/p>\n","protected":false},"excerpt":{"rendered":"<p>Profissionais de v\u00e1rios seguimentos do munic\u00edpio de Tr\u00eas Marias, na regi\u00e3o Central de Minas, buscam espa\u00e7o no mercado de trabalho por meio do cooperativismo. A cidade possui pouco mais de 31 mil habitantes e tem nas cooperativas aliados importantes para a economia local. Entre os exemplos de coopera\u00e7\u00e3o que deram certo no munic\u00edpio est\u00e1 o [&hellip;]<\/p>\n","protected":false},"author":1,"featured_media":99438,"comment_status":"open","ping_status":"closed","sticky":false,"template":"","format":"standard","meta":{"amp_status":"","footnotes":""},"categories":[123],"tags":[121177,3769,121188,121189,121180,121181,121179,121183,121190,121176,121178,121185,121186,121187,121184,121182,1533],"class_list":["post-99437","post","type-post","status-publish","format-standard","has-post-thumbnail","hentry","category-gerais","tag-agricultura-em-tres-marias","tag-antonio-carlos-dos-santos","tag-banco-de-desenvolvimento-social","tag-bnds","tag-cooperafa","tag-cooperafa-tres-marias","tag-cooperativa-de-agricultura-familiar-de-tres-marias","tag-cooperativa-vitoria-das-marias","tag-cooperativas-sao-alternativas-de-geracao-de-renda-no-municipio-de-tres-marias","tag-cooperativas-tres-marias","tag-cooperativismo-em-tres-marias","tag-coopermoda","tag-edmirian-fatima-da-luz","tag-instituto-votarantin","tag-isabel-quiteria-de-santana","tag-thiago-teixeira","tag-tres-marias"],"_links":{"self":[{"href":"https:\/\/aconteceunovale.com.br\/portal\/index.php?rest_route=\/wp\/v2\/posts\/99437","targetHints":{"allow":["GET"]}}],"collection":[{"href":"https:\/\/aconteceunovale.com.br\/portal\/index.php?rest_route=\/wp\/v2\/posts"}],"about":[{"href":"https:\/\/aconteceunovale.com.br\/portal\/index.php?rest_route=\/wp\/v2\/types\/post"}],"author":[{"embeddable":true,"href":"https:\/\/aconteceunovale.com.br\/portal\/index.php?rest_route=\/wp\/v2\/users\/1"}],"replies":[{"embeddable":true,"href":"https:\/\/aconteceunovale.com.br\/portal\/index.php?rest_route=%2Fwp%2Fv2%2Fcomments&post=99437"}],"version-history":[{"count":0,"href":"https:\/\/aconteceunovale.com.br\/portal\/index.php?rest_route=\/wp\/v2\/posts\/99437\/revisions"}],"wp:featuredmedia":[{"embeddable":true,"href":"https:\/\/aconteceunovale.com.br\/portal\/index.php?rest_route=\/wp\/v2\/media\/99438"}],"wp:attachment":[{"href":"https:\/\/aconteceunovale.com.br\/portal\/index.php?rest_route=%2Fwp%2Fv2%2Fmedia&parent=99437"}],"wp:term":[{"taxonomy":"category","embeddable":true,"href":"https:\/\/aconteceunovale.com.br\/portal\/index.php?rest_route=%2Fwp%2Fv2%2Fcategories&post=99437"},{"taxonomy":"post_tag","embeddable":true,"href":"https:\/\/aconteceunovale.com.br\/portal\/index.php?rest_route=%2Fwp%2Fv2%2Ftags&post=99437"}],"curies":[{"name":"wp","href":"https:\/\/api.w.org\/{rel}","templated":true}]}}