{"id":99432,"date":"2016-10-17T21:42:34","date_gmt":"2016-10-18T00:42:34","guid":{"rendered":"http:\/\/aconteceunovale.com.br\/portal\/?p=99432"},"modified":"2016-10-17T21:42:34","modified_gmt":"2016-10-18T00:42:34","slug":"policia-registra-quatro-roubos-e-prende-dois-ladroes-em-montes-claros","status":"publish","type":"post","link":"https:\/\/aconteceunovale.com.br\/portal\/?p=99432","title":{"rendered":"Pol\u00edcia registra quatro roubos e prende dois ladr\u00f5es em Montes Claros"},"content":{"rendered":"<p>Cinco mulheres, de 16, 17, 21 e 23 anos, foram assaltadas no Bairro Jardim Brasil, em Montes Claros, nesta segunda-feira (17\/10\/2016). Elas contaram para a Pol\u00edcia Militar (PM) que estavam andando na Rua Santinha Tolentino, quando foram abordadas por quatro homens que chegaram ao local em duas motos.<\/p>\n<p>As v\u00edtimas afirmaram ainda que foram amea\u00e7adas e tiveram os celulares, dinheiro e documentos levados pelos criminosos. A PM fez buscas, mas os assaltantes n\u00e3o foram encontrados.<\/p>\n<p>Em outro roubo, registrado no Bairro Jardim Palmeiras, dois adolescentes, de 17 anos, tamb\u00e9m foram assaltados por dois homens que chegaram de moto. Um deles disse estar armado e roubou os telefones das v\u00edtimas e um bon\u00e9. Os criminosos ainda n\u00e3o foram encontrados.<\/p>\n<h4><strong>Assaltos com pris\u00f5es<\/strong><\/h4>\n<p>J\u00e1 na Vila Regina, um homem de 26 anos foi abordado por dois assaltantes armados na Avenida Feliciano Martins de Freitas. Eles estavam armados, o amea\u00e7aram e levaram documentos dele e um telefone.<\/p>\n<p>Ap\u00f3s o crime, os homens fugiram de carro. A v\u00edtima e uma testemunha os seguiram e conseguiram anotar a placa. Os policiais fizeram uma consulta e descobriram que o ve\u00edculo estava em uma garagem no Bairro Clarice Athayde. O cadeado do local foi quebrado, e quando o autom\u00f3vel estava sendo guinchado, um rapaz apareceu afirmando ser o propriet\u00e1rio.<\/p>\n<p>Segundo a PM, o jovem ainda contou que teria sido v\u00edtima de um sequestro e que assaltantes haviam usado o carro para cometer o crime. Como a vers\u00e3o foi conflitante, ele acabou confessando e apontou quem seriam os comparsas dele. Ele foi levado para a delegacia.<\/p>\n<p>Um rapaz de 22 anos tamb\u00e9m foi preso depois de roubar um celular de uma mulher de 19 que estava em um show no Parque de Exposi\u00e7\u00f5es. Ela falou que estava usando o aparelho, quando o jovem a empurrou e fugiu com o telefone.<\/p>\n<p>Ap\u00f3s o roubo, a v\u00edtima saiu gritando e uma viatura que passava pelo local perseguiu o assaltante, ele foi encontrado em um lote vago na Rua S\u00e9rgio Vieira de Melo. O rapaz precisou ser medicado, j\u00e1 que apresentava algumas escoria\u00e7\u00f5es. Em seguida, ele foi encaminhado para a delegacia.<\/p>\n<p><img decoding=\"async\" src=\"http:\/\/aconteceunovale.com.br\/portal\/wp-content\/uploads\/2016\/10\/assaltante_moc_preso.jpg\" alt=\"\" \/><em>Assaltante preso ap\u00f3s roubo no parque de exposi\u00e7\u00f5es (Foto: Divulga\u00e7\u00e3o\/PM)<\/em><br \/>\n<\/br><\/p>\n<p><em>(Fonte: G1 Grande Minas)<\/em><\/p>\n","protected":false},"excerpt":{"rendered":"<p>Cinco mulheres, de 16, 17, 21 e 23 anos, foram assaltadas no Bairro Jardim Brasil, em Montes Claros, nesta segunda-feira (17\/10\/2016). Elas contaram para a Pol\u00edcia Militar (PM) que estavam andando na Rua Santinha Tolentino, quando foram abordadas por quatro homens que chegaram ao local em duas motos. As v\u00edtimas afirmaram ainda que foram amea\u00e7adas [&hellip;]<\/p>\n","protected":false},"author":1,"featured_media":99434,"comment_status":"open","ping_status":"closed","sticky":false,"template":"","format":"standard","meta":{"amp_status":"","footnotes":""},"categories":[1236],"tags":[121173,16600,121174,121175,121172,66614,50156],"class_list":["post-99432","post","type-post","status-publish","format-standard","has-post-thumbnail","hentry","category-norte_de_minas","tag-assaltante-preso-em-montes-claros","tag-assaltos-em-montes-claros","tag-mulheres-assaltadas-em-montes-claros","tag-policia-registra-quatro-roubos-e-prende-dois-ladroes-em-montes-claros","tag-preso-apos-apos-o-show-de-marilia-mendonca-em-montes-claros","tag-preso-em-montes-claros","tag-roubos-em-montes-claros"],"_links":{"self":[{"href":"https:\/\/aconteceunovale.com.br\/portal\/index.php?rest_route=\/wp\/v2\/posts\/99432","targetHints":{"allow":["GET"]}}],"collection":[{"href":"https:\/\/aconteceunovale.com.br\/portal\/index.php?rest_route=\/wp\/v2\/posts"}],"about":[{"href":"https:\/\/aconteceunovale.com.br\/portal\/index.php?rest_route=\/wp\/v2\/types\/post"}],"author":[{"embeddable":true,"href":"https:\/\/aconteceunovale.com.br\/portal\/index.php?rest_route=\/wp\/v2\/users\/1"}],"replies":[{"embeddable":true,"href":"https:\/\/aconteceunovale.com.br\/portal\/index.php?rest_route=%2Fwp%2Fv2%2Fcomments&post=99432"}],"version-history":[{"count":0,"href":"https:\/\/aconteceunovale.com.br\/portal\/index.php?rest_route=\/wp\/v2\/posts\/99432\/revisions"}],"wp:featuredmedia":[{"embeddable":true,"href":"https:\/\/aconteceunovale.com.br\/portal\/index.php?rest_route=\/wp\/v2\/media\/99434"}],"wp:attachment":[{"href":"https:\/\/aconteceunovale.com.br\/portal\/index.php?rest_route=%2Fwp%2Fv2%2Fmedia&parent=99432"}],"wp:term":[{"taxonomy":"category","embeddable":true,"href":"https:\/\/aconteceunovale.com.br\/portal\/index.php?rest_route=%2Fwp%2Fv2%2Fcategories&post=99432"},{"taxonomy":"post_tag","embeddable":true,"href":"https:\/\/aconteceunovale.com.br\/portal\/index.php?rest_route=%2Fwp%2Fv2%2Ftags&post=99432"}],"curies":[{"name":"wp","href":"https:\/\/api.w.org\/{rel}","templated":true}]}}