{"id":99397,"date":"2016-10-17T14:46:52","date_gmt":"2016-10-17T17:46:52","guid":{"rendered":"http:\/\/aconteceunovale.com.br\/portal\/?p=99397"},"modified":"2016-10-17T14:52:35","modified_gmt":"2016-10-17T17:52:35","slug":"inscricoes-para-processo-seletivo-e-vestibular-do-ifnmg-seguem-ate-27-de-outubro","status":"publish","type":"post","link":"https:\/\/aconteceunovale.com.br\/portal\/?p=99397","title":{"rendered":"Inscri\u00e7\u00f5es para processo seletivo e vestibular do IFNMG seguem at\u00e9 27 de outubro"},"content":{"rendered":"<p>Seguem at\u00e9 27 de outubro, por meio do endere\u00e7o eletr\u00f4nico <a href=\"http:\/\/www.ifnmg.edu.br\/selecao-de-alunos\" target=\"_blank\">www.ifnmg.edu.br\/selecao-de-alunos<\/a>, as inscri\u00e7\u00f5es para o 1\u00ba Processo Seletivo e 1\u00ba Vestibular 2017 do Instituto Federal do Norte de Minas Gerais (IFNMG).<\/p>\n<p>A taxa de inscri\u00e7\u00e3o \u00e9 de R$ 15,00 para o Processo Seletivo e R$ 35,00 para o Vestibular.<\/p>\n<p>No total, s\u00e3o 1.957 vagas, para ingresso no primeiro semestre de 2017. Todos os cursos s\u00e3o inteiramente gratuitos.<\/p>\n<p>Com rela\u00e7\u00e3o aos cursos t\u00e9cnicos, s\u00e3o duas diferentes modalidades. Na modalidade integrado, que oferta 910 vagas, os cursos t\u00e9cnicos presenciais de n\u00edvel m\u00e9dio s\u00e3o para que o aluno, com apenas uma matr\u00edcula, curse o ensino m\u00e9dio e o t\u00e9cnico ao mesmo tempo.<\/p>\n<p>A modalidade concomitante\/subsequente, que oferta 680 vagas, \u00e9 para que o aluno fa\u00e7a no IFNMG apenas o curso t\u00e9cnico.<\/p>\n<p>Neste caso, o aluno deve estar cursando o 2\u00ba ou o 3\u00ba ano do ensino m\u00e9dio em outra escola (modalidade concomitante) ou j\u00e1 ter conclu\u00eddo o 3\u00ba ano (modalidade subsequente). Para o Vestibular, h\u00e1 367 vagas.<\/p>\n<p>Tanto para o Processo Seletivo quanto para o Vestibular, vale o sistema de reserva de vagas, conhecido como sistema de cotas.<\/p>\n<p>O IFNMG reserva vagas para estudantes vindos de escolas p\u00fablicas, parte delas para candidatos de baixa renda e autodeclarados pretos, pardos e ind\u00edgenas e vagas ser\u00e3o reservadas para pessoas com defici\u00eancia.<\/p>\n<p><strong>1\u00ba Processo Seletivo 2017 na modalidade integrado<\/strong><\/p>\n<p>Por meio do Edital n\u00ba 321\/2016, o IFNMG oferta os seguintes cursos:<\/p>\n<p>&#8211; Campus Almenara: T\u00e9cnico em Agropecu\u00e1ria, T\u00e9cnico em Inform\u00e1tica e T\u00e9cnico em Zootecnia<\/p>\n<p>&#8211; Campus Ara\u00e7ua\u00ed: T\u00e9cnico em Inform\u00e1tica, T\u00e9cnico em Meio Ambiente, T\u00e9cnico em Agroecologia e T\u00e9cnico em Agrimensura<\/p>\n<p>&#8211; Campus Arinos: T\u00e9cnico em Agropecu\u00e1ria, T\u00e9cnico em Inform\u00e1tica e T\u00e9cnico em Meio Ambiente<\/p>\n<p>&#8211; Campus Avan\u00e7ado Jana\u00faba: T\u00e9cnico em Inform\u00e1tica para a Internet<\/p>\n<p>&#8211; Campus Janu\u00e1ria: T\u00e9cnico em Agropecu\u00e1ria, T\u00e9cnico em Meio Ambiente e T\u00e9cnico em Inform\u00e1tica para a Internet<\/p>\n<p>&#8211; Campus Montes Claros: T\u00e9cnico em Qu\u00edmica e T\u00e9cnico em Inform\u00e1tica<\/p>\n<p>&#8211; Campus Pirapora: T\u00e9cnico em Edifica\u00e7\u00f5es e T\u00e9cnico em Inform\u00e1tica<\/p>\n<p>&#8211; Campus Salinas: T\u00e9cnico em Agropecu\u00e1ria, T\u00e9cnico em Agroind\u00fastria e T\u00e9cnico em Inform\u00e1tica<\/p>\n<p>&#8211; Campus Te\u00f3filo Otoni: T\u00e9cnico em Inform\u00e1tica para a Internet<\/p>\n<p>A prova ser\u00e1 aplicada no dia 4 de dezembro de 2016 e ser\u00e1 composta por 30 quest\u00f5es de m\u00faltipla escolha, contemplando as quatro grandes \u00e1reas do conhecimento: l\u00edngua portuguesa, matem\u00e1tica, ci\u00eancias naturais e ci\u00eancias humanas.<\/p>\n<p><strong>1\u00ba Processo Seletivo 2017 nas modalidades concomitante e\/ou subsequente<\/strong><\/p>\n<p>Por meio do Edital n\u00ba 342\/2016, o IFNMG oferta os seguintes cursos:<\/p>\n<p>&#8211; Campus Almenara: T\u00e9cnico em Enfermagem<\/p>\n<p>&#8211; Campus Ara\u00e7ua\u00ed: T\u00e9cnico em Enfermagem<\/p>\n<p>&#8211; Campus Arinos: T\u00e9cnico em Manuten\u00e7\u00e3o e Suporte em Inform\u00e1tica e T\u00e9cnico em Administra\u00e7\u00e3o<\/p>\n<p>&#8211; Campus Diamantina T\u00e9cnico em Inform\u00e1tica e T\u00e9cnico em Meio Ambiente<\/p>\n<p>&#8211; Campus Avan\u00e7ado Jana\u00faba: T\u00e9cnico em Administra\u00e7\u00e3o<\/p>\n<p>&#8211; Campus Janu\u00e1ria: T\u00e9cnico em Enfermagem, T\u00e9cnico em Manuten\u00e7\u00e3o e Suporte em Inform\u00e1tica e T\u00e9cnico em Edifica\u00e7\u00f5es<\/p>\n<p>&#8211; Campus Montes Claros: T\u00e9cnico em Eletrot\u00e9cnica e T\u00e9cnico em Seguran\u00e7a do Trabalho<\/p>\n<p>&#8211; Campus Pirapora: Seguran\u00e7a do Trabalho, T\u00e9cnico em Administra\u00e7\u00e3o e T\u00e9cnico em Inform\u00e1tica<\/p>\n<p>&#8211; Campus Avan\u00e7ado Porteirinha: T\u00e9cnico em Inform\u00e1tica para a Internet<\/p>\n<p>&#8211; Campus Te\u00f3filo Otoni: T\u00e9cnico em Administra\u00e7\u00e3o<\/p>\n<p>A prova ser\u00e1 aplicada no dia 4 de dezembro de 2016 e ser\u00e1 composta por 20 quest\u00f5es de m\u00faltipla escolha, contemplando os conte\u00fados de l\u00edngua portuguesa e matem\u00e1tica.<\/p>\n<p><strong>1\u00ba Vestibular 2017<\/strong><\/p>\n<p>Por meio do Edital n\u00ba 320\/2016, o IFNMG oferta os seguintes cursos:<\/p>\n<p>&#8211; Campus Almenara: An\u00e1lise e Desenvolvimento de Sistemas, Processos Gerenciais e Engenharia Agron\u00f4mica<\/p>\n<p>&#8211; Campus Ara\u00e7ua\u00ed: Administra\u00e7\u00e3o, Tecnologia em Gest\u00e3o Ambiental e An\u00e1lise e Desenvolvimento de Sistemas<\/p>\n<p>&#8211; Campus Arinos: Engenharia Agron\u00f4mica, Administra\u00e7\u00e3o e Sistemas de Informa\u00e7\u00e3o<\/p>\n<p>&#8211; Campus Montes Claros: Ci\u00eancia da Computa\u00e7\u00e3o e Engenharia Qu\u00edmica<\/p>\n<p>&#8211; Campus Salinas: Engenharia de Alimentos, Ci\u00eancias Biol\u00f3gicas, Qu\u00edmica, Medicina Veterin\u00e1ria, Engenharia Florestal, F\u00edsica, Matem\u00e1tica e Produ\u00e7\u00e3o de Cacha\u00e7a<\/p>\n<p>A prova ser\u00e1 aplicada no dia 27 de novembro de 2016. No turno da manh\u00e3, os candidatos far\u00e3o uma prova de 30 quest\u00f5es de m\u00faltipla escolha e uma reda\u00e7\u00e3o. Na prova objetiva, ser\u00e3o cobrados os seguintes conte\u00fados: l\u00edngua estrangeira, l\u00edngua portuguesa e literatura brasileira.<\/p>\n<p>As obras j\u00e1 foram divulgadas. No total, s\u00e3o tr\u00eas livros (\u201cTenda dos milagres\u201d, do escritor Jorge Amado; \u201cBom Crioulo\u201d, de Adolfo Caminha; \u201cDez Violinos Marinhos e uma Guitarra de Sal\u201d, da escritora Sandra Fonseca) e o filme brasileiro \u201cQue horas ela volta\u201d, com dire\u00e7\u00e3o e roteiro de Anna Muylaert.<\/p>\n<p>No turno vespertino, os candidatos far\u00e3o uma prova com 20 quest\u00f5es de m\u00faltipla escolha, cujos conhecimentos abranger\u00e3o os conte\u00fados das mat\u00e9rias exigidas pelo curso escolhido, ou seja, conte\u00fados espec\u00edficos como determina o Edital n\u00ba 342.<\/p>\n<p><strong>Sisu<\/strong><\/p>\n<p>Os candidatos interessados em concorrer \u00e0s vagas dos cursos superiores do IFNMG \u2013 Campus Almenara, Ara\u00e7ua\u00ed, Arinos, Janu\u00e1ria, Montes Claros e Salinas \u2013 para o 1\u00ba semestre de 2017, com o resultado do ENEM\/2016, dever\u00e3o se inscrever por meio do Sistema de Sele\u00e7\u00e3o Unificada (SiSU), 1\u00aa Edi\u00e7\u00e3o de 2017, do Minist\u00e9rio da Educa\u00e7\u00e3o (MEC). O candidato poder\u00e1 concorrer nos dois processos de sele\u00e7\u00e3o: SISU e Vestibular 01\/2017. O detalhamento das condi\u00e7\u00f5es para participa\u00e7\u00e3o no SiSU ser\u00e1 disponibilizado pelo MEC no site <a href=\"http:\/\/sisu.mec.gov.br\/\" target=\"_blank\">http:\/\/sisu.mec.gov.br\/<\/a>. (Ascom IFNMG)<\/p>\n","protected":false},"excerpt":{"rendered":"<p>Seguem at\u00e9 27 de outubro, por meio do endere\u00e7o eletr\u00f4nico www.ifnmg.edu.br\/selecao-de-alunos, as inscri\u00e7\u00f5es para o 1\u00ba Processo Seletivo e 1\u00ba Vestibular 2017 do Instituto Federal do Norte de Minas Gerais (IFNMG). A taxa de inscri\u00e7\u00e3o \u00e9 de R$ 15,00 para o Processo Seletivo e R$ 35,00 para o Vestibular. No total, s\u00e3o 1.957 vagas, para [&hellip;]<\/p>\n","protected":false},"author":1,"featured_media":23090,"comment_status":"open","ping_status":"closed","sticky":false,"template":"","format":"standard","meta":{"amp_status":"","footnotes":""},"categories":[40238,1236,120,122],"tags":[121098,121099,142,186,253,121104,255,121105,121103,204,205,210,254,121102,30117,190,164,121101,121100],"class_list":["post-99397","post","type-post","status-publish","format-standard","has-post-thumbnail","hentry","category-educacao-2","category-norte_de_minas","category-jequi","category-mucuri","tag-1o-processo-seletivo-2017-na-modalidade-integrado-do-ifnmg","tag-1o-processo-seletivo-e-vestibular-2017-do-ifnmg","tag-almenara","tag-aracuai","tag-arinos","tag-como-estudar-no-ifnmg","tag-ifnmg","tag-inscricoes-para-processo-seletivo-e-vestibular-do-ifnmg-seguem-ate-27-de-outubro","tag-inscricoes-vestibular-ifnmg","tag-janauba","tag-januaria","tag-montes-claros","tag-pirapora","tag-processo-seletivo-2017-ifnmg","tag-processo-seletivo-ifnmg","tag-salinas","tag-teofilo-otoni","tag-vestibular-2017-ifnmg","tag-vestibular-ifnmg-2017"],"_links":{"self":[{"href":"https:\/\/aconteceunovale.com.br\/portal\/index.php?rest_route=\/wp\/v2\/posts\/99397","targetHints":{"allow":["GET"]}}],"collection":[{"href":"https:\/\/aconteceunovale.com.br\/portal\/index.php?rest_route=\/wp\/v2\/posts"}],"about":[{"href":"https:\/\/aconteceunovale.com.br\/portal\/index.php?rest_route=\/wp\/v2\/types\/post"}],"author":[{"embeddable":true,"href":"https:\/\/aconteceunovale.com.br\/portal\/index.php?rest_route=\/wp\/v2\/users\/1"}],"replies":[{"embeddable":true,"href":"https:\/\/aconteceunovale.com.br\/portal\/index.php?rest_route=%2Fwp%2Fv2%2Fcomments&post=99397"}],"version-history":[{"count":0,"href":"https:\/\/aconteceunovale.com.br\/portal\/index.php?rest_route=\/wp\/v2\/posts\/99397\/revisions"}],"wp:featuredmedia":[{"embeddable":true,"href":"https:\/\/aconteceunovale.com.br\/portal\/index.php?rest_route=\/wp\/v2\/media\/23090"}],"wp:attachment":[{"href":"https:\/\/aconteceunovale.com.br\/portal\/index.php?rest_route=%2Fwp%2Fv2%2Fmedia&parent=99397"}],"wp:term":[{"taxonomy":"category","embeddable":true,"href":"https:\/\/aconteceunovale.com.br\/portal\/index.php?rest_route=%2Fwp%2Fv2%2Fcategories&post=99397"},{"taxonomy":"post_tag","embeddable":true,"href":"https:\/\/aconteceunovale.com.br\/portal\/index.php?rest_route=%2Fwp%2Fv2%2Ftags&post=99397"}],"curies":[{"name":"wp","href":"https:\/\/api.w.org\/{rel}","templated":true}]}}