{"id":99394,"date":"2016-10-17T13:43:51","date_gmt":"2016-10-17T16:43:51","guid":{"rendered":"http:\/\/aconteceunovale.com.br\/portal\/?p=99394"},"modified":"2016-10-17T13:43:51","modified_gmt":"2016-10-17T16:43:51","slug":"crianca-e-esfaqueada-dentro-de-escola-em-governador-valadares","status":"publish","type":"post","link":"https:\/\/aconteceunovale.com.br\/portal\/?p=99394","title":{"rendered":"Crian\u00e7a \u00e9 esfaqueada dentro de escola em Governador Valadares"},"content":{"rendered":"<p>Uma rixa que come\u00e7ou por conta de futebol quase terminou em trag\u00e9dia em uma escola municipal de Governador Valadares, no Vale do Rio Doce. Um adolescente de 16 anos foi apreendido ap\u00f3s esfaquear outro aluno de 12, na manh\u00e3 desta segunda-feira (17\/10\/2016). <\/p>\n<p>Segundo a Pol\u00edcia Militar (PM), o caso ocorreu durante o recreio na institui\u00e7\u00e3o de ensino, que fica no Bairro Turmalina, por volta das 10h30. A v\u00edtima estava na arquibancada da quadra poliesportiva com outras crian\u00e7as, quando o estudante do 9\u00ba ano o esfaqueou. A v\u00edtima foi atingida por dois golpes no pesco\u00e7o, um em um dos bra\u00e7os e outro na barriga. <\/p>\n<p>A v\u00edtima foi socorrida no Hospital Municipal de Valadares e foi encaminhada ao setor de pequenas cirurgias. Depois da agress\u00e3o, o adolescente pulou o muro da escola e fugiu, sendo encontrado na casa de parentes. De acordo com os policiais, ele n\u00e3o resistiu \u00e0 apreens\u00e3o e contou o que ocorreu.<\/p>\n<p>O suspeito levou a faca de casa e esperou o recreio para agredir o garoto. O menor contou que eles come\u00e7aram uma rixa no in\u00edcio do ano jogando futebol na escola. Na semana passada, ele teria sido ofendido pela v\u00edtima e resolveu esfaque\u00e1-lo. <\/p>\n<p>Conforme a PM, at\u00e9 ent\u00e3o o adolescente n\u00e3o tinha passagens pela pol\u00edcia. Depois do exame de corpo de delito, ele seria levado para uma delegacia. As aulas n\u00e3o foram suspensas. Uma funcion\u00e1ria da institui\u00e7\u00e3o disse que nunca houve uma ocorr\u00eancia deste tipo na escola e que nunca viu um conflito entre os estudantes envolvidos. No ano passado, uma faca foi apreendida com uma aluna, mas n\u00e3o houve agress\u00e3o.<\/p>\n<p><img decoding=\"async\" src=\"http:\/\/aconteceunovale.com.br\/portal\/wp-content\/uploads\/2016\/10\/esfaqueado_gv.jpg\" alt=\"\" \/><em>Crian\u00e7a foi socorrida no Hospital Municipal (foto: TV Alterosa\/Reprodu\u00e7\u00e3o)<\/em><br \/>\n<\/br><\/p>\n<p><em>(Fonte: Estado de Minas)<\/em><\/p>\n","protected":false},"excerpt":{"rendered":"<p>Uma rixa que come\u00e7ou por conta de futebol quase terminou em trag\u00e9dia em uma escola municipal de Governador Valadares, no Vale do Rio Doce. Um adolescente de 16 anos foi apreendido ap\u00f3s esfaquear outro aluno de 12, na manh\u00e3 desta segunda-feira (17\/10\/2016). Segundo a Pol\u00edcia Militar (PM), o caso ocorreu durante o recreio na institui\u00e7\u00e3o [&hellip;]<\/p>\n","protected":false},"author":1,"featured_media":99395,"comment_status":"open","ping_status":"closed","sticky":false,"template":"","format":"standard","meta":{"amp_status":"","footnotes":""},"categories":[121],"tags":[121093,121087,121088,121095,121086,121096,121094,121089,48629,121085,121097,121092,121083,121090,121091,121084,247],"class_list":["post-99394","post","type-post","status-publish","format-standard","has-post-thumbnail","hentry","category-leste","tag-agredido-em-escola-de-governador-valadares","tag-agredido-na-escola-municipal-ivo-de-tassis","tag-aluno-agredido-na-escola-municipal-ivo-de-tassis","tag-aluno-esfaqueado-em-governador-valadares","tag-aluno-esfaqueado-na-escola-municipal-ivo-de-tassis","tag-briga-de-alunos-em-governador-valadares","tag-briga-de-alunos-escola-de-governador-valadares","tag-briga-de-alunos-na-escola-municipal-ivo-de-tassis","tag-briga-em-escola-de-governador-valadares","tag-briga-na-escola-municipal-ivo-de-tassis","tag-crianca-e-esfaqueada-dentro-de-escola-em-governador-valadares","tag-escola-de-governador-valadares","tag-escola-municipal-ivo-de-tassis","tag-escola-municipal-ivo-de-tassis-em-governador-valadares","tag-esfaqueado-em-escola-de-governador-valadares","tag-esfaqueado-na-escola-municipal-ivo-de-tassis","tag-governador-valadares"],"_links":{"self":[{"href":"https:\/\/aconteceunovale.com.br\/portal\/index.php?rest_route=\/wp\/v2\/posts\/99394","targetHints":{"allow":["GET"]}}],"collection":[{"href":"https:\/\/aconteceunovale.com.br\/portal\/index.php?rest_route=\/wp\/v2\/posts"}],"about":[{"href":"https:\/\/aconteceunovale.com.br\/portal\/index.php?rest_route=\/wp\/v2\/types\/post"}],"author":[{"embeddable":true,"href":"https:\/\/aconteceunovale.com.br\/portal\/index.php?rest_route=\/wp\/v2\/users\/1"}],"replies":[{"embeddable":true,"href":"https:\/\/aconteceunovale.com.br\/portal\/index.php?rest_route=%2Fwp%2Fv2%2Fcomments&post=99394"}],"version-history":[{"count":0,"href":"https:\/\/aconteceunovale.com.br\/portal\/index.php?rest_route=\/wp\/v2\/posts\/99394\/revisions"}],"wp:featuredmedia":[{"embeddable":true,"href":"https:\/\/aconteceunovale.com.br\/portal\/index.php?rest_route=\/wp\/v2\/media\/99395"}],"wp:attachment":[{"href":"https:\/\/aconteceunovale.com.br\/portal\/index.php?rest_route=%2Fwp%2Fv2%2Fmedia&parent=99394"}],"wp:term":[{"taxonomy":"category","embeddable":true,"href":"https:\/\/aconteceunovale.com.br\/portal\/index.php?rest_route=%2Fwp%2Fv2%2Fcategories&post=99394"},{"taxonomy":"post_tag","embeddable":true,"href":"https:\/\/aconteceunovale.com.br\/portal\/index.php?rest_route=%2Fwp%2Fv2%2Ftags&post=99394"}],"curies":[{"name":"wp","href":"https:\/\/api.w.org\/{rel}","templated":true}]}}