{"id":99386,"date":"2016-10-17T13:11:46","date_gmt":"2016-10-17T16:11:46","guid":{"rendered":"http:\/\/aconteceunovale.com.br\/portal\/?p=99386"},"modified":"2016-10-17T13:11:46","modified_gmt":"2016-10-17T16:11:46","slug":"mais-de-90-da-populacao-brasileira-vivera-em-cidades-em-2030","status":"publish","type":"post","link":"https:\/\/aconteceunovale.com.br\/portal\/?p=99386","title":{"rendered":"Mais de 90% da popula\u00e7\u00e3o brasileira viver\u00e1 em cidades em 2030"},"content":{"rendered":"<p>Mais de 90% da popula\u00e7\u00e3o brasileira viver\u00e1 em cidades no ano de 2030, segundo previs\u00e3o divulgada nesta segunda-feira (17\/10) pela encarregada nacional do Programa da Organiza\u00e7\u00e3o das Na\u00e7\u00f5es Unidas para os Assentamentos Humanos (ONU-Habitat) no Brasil, Rayne Ferretti.<\/p>\n<p>Ela lembrou que o Brasil est\u00e1 localizado no continente mais urbanizado do mundo, a Am\u00e9rica Latina, e se configura atualmente como o pa\u00eds mais urbanizado da regi\u00e3o. Dados do \u00faltimo censo, realizado em 2010, indicam que 84,4% da popula\u00e7\u00e3o brasileira \u00e9 urbana. A previs\u00e3o \u00e9 que, em 2030, esse \u00edndice chegue a 91,1% e que, em 2050, toda a Am\u00e9rica Latina seja 86% urbana.<\/p>\n<p>A encarregada da ONU disse que a urbaniza\u00e7\u00e3o, muitas vezes, \u00e9 vista como uma oportunidade e uma esp\u00e9cie de motor para o desenvolvimento, mas que os desafios relacionados ao tema persistem. Na Am\u00e9rica Latina, especificamente, ela citou problemas de ordem econ\u00f4mica e ambiental, expans\u00e3o desordenada, segrega\u00e7\u00e3o socioecon\u00f4mica e quest\u00f5es relacionadas \u00e0 sa\u00fade, seguran\u00e7a e efeitos da mudan\u00e7a clim\u00e1tica.<\/p>\n<p>\u201cA gente identifica algumas necessidades muito especiais para as cidades latino-americanas e caribenhas. A gente fala muito dos tr\u00eas &#8216;R&#8217; do redesenvolvimento urbano, que seriam a Regenera\u00e7\u00e3o, a Renova\u00e7\u00e3o e Reabilita\u00e7\u00e3o das nossas cidades. A Am\u00e9rica Latina \u00e9, ao mesmo tempo, o continente mais urbanizado e tamb\u00e9m o mais desigual do mundo e a gente n\u00e3o pode fechar os olhos para isso\u201d, explicou Rayne. (Ag\u00eancia Brasil)<\/p>\n","protected":false},"excerpt":{"rendered":"<p>Mais de 90% da popula\u00e7\u00e3o brasileira viver\u00e1 em cidades no ano de 2030, segundo previs\u00e3o divulgada nesta segunda-feira (17\/10) pela encarregada nacional do Programa da Organiza\u00e7\u00e3o das Na\u00e7\u00f5es Unidas para os Assentamentos Humanos (ONU-Habitat) no Brasil, Rayne Ferretti. Ela lembrou que o Brasil est\u00e1 localizado no continente mais urbanizado do mundo, a Am\u00e9rica Latina, e [&hellip;]<\/p>\n","protected":false},"author":1,"featured_media":71176,"comment_status":"open","ping_status":"closed","sticky":false,"template":"","format":"standard","meta":{"amp_status":"","footnotes":""},"categories":[6],"tags":[34658,4785,121061,121058,121060,121059,38487],"class_list":["post-99386","post","type-post","status-publish","format-standard","has-post-thumbnail","hentry","category-br","tag-america-latina","tag-brasil","tag-mais-de-90-da-populacao-brasileira-vivera-em-cidades-em-2030","tag-onu-habitat","tag-programa-da-organizacao-das-nacoes-unidas-para-os-assentamentos-humanos","tag-rayne-ferretti","tag-urbanizacao"],"_links":{"self":[{"href":"https:\/\/aconteceunovale.com.br\/portal\/index.php?rest_route=\/wp\/v2\/posts\/99386","targetHints":{"allow":["GET"]}}],"collection":[{"href":"https:\/\/aconteceunovale.com.br\/portal\/index.php?rest_route=\/wp\/v2\/posts"}],"about":[{"href":"https:\/\/aconteceunovale.com.br\/portal\/index.php?rest_route=\/wp\/v2\/types\/post"}],"author":[{"embeddable":true,"href":"https:\/\/aconteceunovale.com.br\/portal\/index.php?rest_route=\/wp\/v2\/users\/1"}],"replies":[{"embeddable":true,"href":"https:\/\/aconteceunovale.com.br\/portal\/index.php?rest_route=%2Fwp%2Fv2%2Fcomments&post=99386"}],"version-history":[{"count":0,"href":"https:\/\/aconteceunovale.com.br\/portal\/index.php?rest_route=\/wp\/v2\/posts\/99386\/revisions"}],"wp:featuredmedia":[{"embeddable":true,"href":"https:\/\/aconteceunovale.com.br\/portal\/index.php?rest_route=\/wp\/v2\/media\/71176"}],"wp:attachment":[{"href":"https:\/\/aconteceunovale.com.br\/portal\/index.php?rest_route=%2Fwp%2Fv2%2Fmedia&parent=99386"}],"wp:term":[{"taxonomy":"category","embeddable":true,"href":"https:\/\/aconteceunovale.com.br\/portal\/index.php?rest_route=%2Fwp%2Fv2%2Fcategories&post=99386"},{"taxonomy":"post_tag","embeddable":true,"href":"https:\/\/aconteceunovale.com.br\/portal\/index.php?rest_route=%2Fwp%2Fv2%2Ftags&post=99386"}],"curies":[{"name":"wp","href":"https:\/\/api.w.org\/{rel}","templated":true}]}}