{"id":99383,"date":"2016-10-17T13:07:44","date_gmt":"2016-10-17T16:07:44","guid":{"rendered":"http:\/\/aconteceunovale.com.br\/portal\/?p=99383"},"modified":"2016-10-17T13:07:44","modified_gmt":"2016-10-17T16:07:44","slug":"santa-catarina-e-atingida-por-tsunami-meteorologico-e-temporal-deixa-uma-crianca-morta","status":"publish","type":"post","link":"https:\/\/aconteceunovale.com.br\/portal\/?p=99383","title":{"rendered":"Santa Catarina \u00e9 atingida por \u201ctsunami meteorol\u00f3gico\u201d e temporal deixa uma crian\u00e7a morta"},"content":{"rendered":"<p>Uma menina de sete anos morreu ontem (16\/10\/2016) em decorr\u00eancia dos fortes ventos registrados na regi\u00e3o sul de Santa Catarina. O carro, em que a crian\u00e7a estava com o pai, foi atingido por duas \u00e1rvores em Tubar\u00e3o. O homem n\u00e3o sofreu ferimentos graves, mas foi internado em estado de choque. A informa\u00e7\u00e3o foi confirmada pela Defesa Civil do munic\u00edpio.<\/p>\n<p>De acordo com informa\u00e7\u00f5es da Defesa Civil, os ventos atingiram 97 km\/h na tarde de ontem, segundo medi\u00e7\u00f5es feitas no munic\u00edpio de Ararangu\u00e1. Milhares de casa foram destelhadas pelas rajadas.<\/p>\n<p>Cerca de 140 mil unidades consumidoras de energia el\u00e9trica ficaram sem luz nos 20 munic\u00edpios da regi\u00e3o, informou a Centrais El\u00e9tricas de Santa Catarina (Celesc).<\/p>\n<p>A maior parte da regi\u00e3o sul catarinense e do munic\u00edpio de Crici\u00fama j\u00e1 teve o fornecimento de energia normalizado, segundo a Celesc, embora mais de 80 mil unidades continuem sem luz no munic\u00edpio de Tubar\u00e3o.<\/p>\n<p>Na praia de Balne\u00e1rio Rinc\u00e3o, v\u00e1rios ve\u00edculos que estavam estacionados perto do mar ficaram submersos ap\u00f3s serem atingidos por uma onda gigante, posteriormente classificada pelo servi\u00e7o de monitoramento e alerta da Defesa Civil catarinense como um fen\u00f4meno cientificamente chamado de \u201ctsunami meteorol\u00f3gico\u201d.<\/p>\n<p>O temporal persiste nesta segunda-feira, com um alto n\u00famero de raios e ventos de at\u00e9 90 km\/h, deixando toda a regi\u00e3o em estado de alerta. O mau tempo continuar\u00e1 pelo menos at\u00e9 quarta-feira (19), de acordo com o Centro de Informa\u00e7\u00f5es de Recursos Ambientais e de Hidro meteorologia de Santa Catarina.<\/p>\n<p><img decoding=\"async\" src=\"http:\/\/aconteceunovale.com.br\/portal\/wp-content\/uploads\/2016\/10\/chuva_sc_1.jpeg\" alt=\"\" \/><em>A Defesa Civil de Santa Catarina confirmou o fen\u00f4meno de tsunami meteorol\u00f3gico no munic\u00edpio de Tubar\u00e3o. Diversos carros foram parar dentro do mar (Imagem de divulga\u00e7\u00e3o\/Defesa Civil de Santa Catarina)<\/em><br \/>\n<\/br><\/p>\n<p>(Ag\u00eancia Brasil)<\/p>\n","protected":false},"excerpt":{"rendered":"<p>Uma menina de sete anos morreu ontem (16\/10\/2016) em decorr\u00eancia dos fortes ventos registrados na regi\u00e3o sul de Santa Catarina. O carro, em que a crian\u00e7a estava com o pai, foi atingido por duas \u00e1rvores em Tubar\u00e3o. O homem n\u00e3o sofreu ferimentos graves, mas foi internado em estado de choque. A informa\u00e7\u00e3o foi confirmada pela [&hellip;]<\/p>\n","protected":false},"author":1,"featured_media":99384,"comment_status":"open","ping_status":"closed","sticky":false,"template":"","format":"standard","meta":{"amp_status":"","footnotes":""},"categories":[6],"tags":[121051,121047,121056,13388,19650,121046,121044,15363,121055,121054,121048,121045,121052,121053,121057,121050,94687,121049],"class_list":["post-99383","post","type-post","status-publish","format-standard","has-post-thumbnail","hentry","category-br","tag-ararangua","tag-chuva-santa-catarina","tag-crianca-morre-durante-temporal-em-santa-catarina","tag-criciuma","tag-defesa-civil","tag-estragos-da-chuva-santa-catarina","tag-fortes-ventos-registrados-na-regiao-sul-de-santa-catarina","tag-santa-catarina","tag-santa-catarina-e-atingida-por-tsunami-meteorologico","tag-santa-catarina-e-atingida-por-tsunami-meteorologico-e-temporal-deixa-uma-crianca-morta","tag-tempestade-em-santa-catarina","tag-temporal-em-santa-catarina","tag-tsunami-meteorologico","tag-tsunami-meteorologico-em-santa-catarina","tag-tsunami-meteorologico-no-sul-de-sc","tag-tsunami-santa-catarina","tag-tubarao","tag-vitima-de-temporal-em-santa-catarina"],"_links":{"self":[{"href":"https:\/\/aconteceunovale.com.br\/portal\/index.php?rest_route=\/wp\/v2\/posts\/99383","targetHints":{"allow":["GET"]}}],"collection":[{"href":"https:\/\/aconteceunovale.com.br\/portal\/index.php?rest_route=\/wp\/v2\/posts"}],"about":[{"href":"https:\/\/aconteceunovale.com.br\/portal\/index.php?rest_route=\/wp\/v2\/types\/post"}],"author":[{"embeddable":true,"href":"https:\/\/aconteceunovale.com.br\/portal\/index.php?rest_route=\/wp\/v2\/users\/1"}],"replies":[{"embeddable":true,"href":"https:\/\/aconteceunovale.com.br\/portal\/index.php?rest_route=%2Fwp%2Fv2%2Fcomments&post=99383"}],"version-history":[{"count":0,"href":"https:\/\/aconteceunovale.com.br\/portal\/index.php?rest_route=\/wp\/v2\/posts\/99383\/revisions"}],"wp:featuredmedia":[{"embeddable":true,"href":"https:\/\/aconteceunovale.com.br\/portal\/index.php?rest_route=\/wp\/v2\/media\/99384"}],"wp:attachment":[{"href":"https:\/\/aconteceunovale.com.br\/portal\/index.php?rest_route=%2Fwp%2Fv2%2Fmedia&parent=99383"}],"wp:term":[{"taxonomy":"category","embeddable":true,"href":"https:\/\/aconteceunovale.com.br\/portal\/index.php?rest_route=%2Fwp%2Fv2%2Fcategories&post=99383"},{"taxonomy":"post_tag","embeddable":true,"href":"https:\/\/aconteceunovale.com.br\/portal\/index.php?rest_route=%2Fwp%2Fv2%2Ftags&post=99383"}],"curies":[{"name":"wp","href":"https:\/\/api.w.org\/{rel}","templated":true}]}}