{"id":99371,"date":"2016-10-17T12:11:07","date_gmt":"2016-10-17T15:11:07","guid":{"rendered":"http:\/\/aconteceunovale.com.br\/portal\/?p=99371"},"modified":"2016-10-17T12:11:07","modified_gmt":"2016-10-17T15:11:07","slug":"miss-comerciaria-minas-gerais-tera-candidata-itabirana","status":"publish","type":"post","link":"https:\/\/aconteceunovale.com.br\/portal\/?p=99371","title":{"rendered":"Miss Comerci\u00e1ria Minas Gerais ter\u00e1 candidata itabirana"},"content":{"rendered":"<p>A Miss Comerci\u00e1ria da C\u00e2mara de Dirigentes Lojistas (CDL) Itabira, Thaimara Fernandes Machado, representar\u00e1 a cidade na edi\u00e7\u00e3o mineira do concurso, que acontece no pr\u00f3ximo s\u00e1bado (22\/10\/2016) no Hotel Ouro Minas, em Belo Horizonte. Disputando a vaga de representante do estado, ela disse que far\u00e1 o \u201cque estiver ao seu alcance\u201d para trazer o t\u00edtulo para Itabira. <\/p>\n<p>Criado em 2010 pela Federa\u00e7\u00e3o das C\u00e2maras de Dirigentes Lojistas de Minas Gerais (FCDL-MG), o concurso tem por objetivo reconhecer e valorizar a presen\u00e7a feminina no com\u00e9rcio varejista mineiro e, por isso, tornou-se um dos eventos sociais mais aguardados pelo movimento.<\/p>\n<p>\u201cEstou muito empolgada com a participa\u00e7\u00e3o neste concurso. Sei que n\u00e3o ser\u00e1 f\u00e1cil, pois, vou disputar com meninas de v\u00e1rias cidades do estado, mas farei o que estiver ao meu alcance, darei o meu melhor, para trazer o t\u00edtulo para Itabira. Quero contar com o apoio e a torcida de todos para conquistar este reconhecimento para a nossa cidade\u201d, disse a miss itabirana. <\/p>\n<p>O evento segue os moldes de um concurso de beleza, em que as representantes do com\u00e9rcio desfilam e s\u00e3o avaliadas nos quesitos, desenvoltura, simpatia, charme e eleg\u00e2ncia. O concurso ser\u00e1 aberto ao p\u00fablico e ter\u00e1 uma noite de gala, com os desfiles das candidatas.<\/p>\n<p>De acordo com o presidente da CDL Itabira, Maur\u00edcio Henrique Martins, Thaimara Fernandes tem grandes chances de ser eleita.<\/p>\n<p>\u201cO n\u00edvel do concurso \u00e9 bem alto mas a nossa candidata tem grandes chances. No ano passado n\u00f3s conquistamos o segundo lugar, mas estou sentindo que este ano iremos trazer o pr\u00eamio para Itabira. A Thaimara preenche todos os requisitos que o concurso exige, com certeza estamos muito bem representados\u201d, destacou o presidente da CDL. <\/p>\n<p><img decoding=\"async\" src=\"http:\/\/aconteceunovale.com.br\/portal\/wp-content\/uploads\/2016\/10\/miss_comerciaria_itabira_1.jpg\" alt=\"\" \/><em>Thaimara Fernandes representar\u00e1 Itabira no Miss Comerci\u00e1ria Minas Gerais (Divulga\u00e7\u00e3o\/CDL)<\/em><br \/>\n<\/br><\/p>\n<p><img decoding=\"async\" src=\"http:\/\/aconteceunovale.com.br\/portal\/wp-content\/uploads\/2016\/10\/miss_comerciaria_itabira_2.jpg\" alt=\"\" \/><em>Thaimara Fernandes representar\u00e1 Itabira no Miss Comerci\u00e1ria Minas Gerais (Divulga\u00e7\u00e3o\/CDL)<\/em><br \/>\n<\/br><\/p>\n<p><img decoding=\"async\" src=\"http:\/\/aconteceunovale.com.br\/portal\/wp-content\/uploads\/2016\/10\/miss_comerciaria_itabira_3.jpg\" alt=\"\" \/><em>Thaimara Fernandes representar\u00e1 Itabira no Miss Comerci\u00e1ria Minas Gerais (Divulga\u00e7\u00e3o\/CDL)<\/em><br \/>\n<\/br><\/p>\n<p><em>(Ascom CDL Itabira)<\/em><\/p>\n","protected":false},"excerpt":{"rendered":"<p>A Miss Comerci\u00e1ria da C\u00e2mara de Dirigentes Lojistas (CDL) Itabira, Thaimara Fernandes Machado, representar\u00e1 a cidade na edi\u00e7\u00e3o mineira do concurso, que acontece no pr\u00f3ximo s\u00e1bado (22\/10\/2016) no Hotel Ouro Minas, em Belo Horizonte. Disputando a vaga de representante do estado, ela disse que far\u00e1 o \u201cque estiver ao seu alcance\u201d para trazer o t\u00edtulo [&hellip;]<\/p>\n","protected":false},"author":1,"featured_media":99372,"comment_status":"open","ping_status":"closed","sticky":false,"template":"","format":"standard","meta":{"amp_status":"","footnotes":""},"categories":[123],"tags":[121014,100012,121020,121019,202,121022,121016,121017,121013,121012,121015,121021,121023,121018,121024],"class_list":["post-99371","post","type-post","status-publish","format-standard","has-post-thumbnail","hentry","category-gerais","tag-candidata-de-itabira-no-miss-comerciaria-minas-gerais","tag-cdl-itabira","tag-fcdl-mg","tag-federacao-das-camaras-de-dirigentes-lojistas-de-minas-gerais","tag-itabira","tag-mauricio-henrique-martins","tag-miss-comerciaria-da-camara-de-dirigentes-lojistas-itabira","tag-miss-comerciaria-da-cdl-itabira","tag-miss-comerciaria-minas-gerais","tag-miss-comerciaria-minas-gerais-tera-candidata-itabirana","tag-miss-itabira","tag-presidente-da-cdl-itabira","tag-thaimara-fernandes","tag-thaimara-fernandes-machado","tag-thaimara-fernandes-representara-itabira-no-miss-comerciaria-minas-gerais"],"_links":{"self":[{"href":"https:\/\/aconteceunovale.com.br\/portal\/index.php?rest_route=\/wp\/v2\/posts\/99371","targetHints":{"allow":["GET"]}}],"collection":[{"href":"https:\/\/aconteceunovale.com.br\/portal\/index.php?rest_route=\/wp\/v2\/posts"}],"about":[{"href":"https:\/\/aconteceunovale.com.br\/portal\/index.php?rest_route=\/wp\/v2\/types\/post"}],"author":[{"embeddable":true,"href":"https:\/\/aconteceunovale.com.br\/portal\/index.php?rest_route=\/wp\/v2\/users\/1"}],"replies":[{"embeddable":true,"href":"https:\/\/aconteceunovale.com.br\/portal\/index.php?rest_route=%2Fwp%2Fv2%2Fcomments&post=99371"}],"version-history":[{"count":0,"href":"https:\/\/aconteceunovale.com.br\/portal\/index.php?rest_route=\/wp\/v2\/posts\/99371\/revisions"}],"wp:featuredmedia":[{"embeddable":true,"href":"https:\/\/aconteceunovale.com.br\/portal\/index.php?rest_route=\/wp\/v2\/media\/99372"}],"wp:attachment":[{"href":"https:\/\/aconteceunovale.com.br\/portal\/index.php?rest_route=%2Fwp%2Fv2%2Fmedia&parent=99371"}],"wp:term":[{"taxonomy":"category","embeddable":true,"href":"https:\/\/aconteceunovale.com.br\/portal\/index.php?rest_route=%2Fwp%2Fv2%2Fcategories&post=99371"},{"taxonomy":"post_tag","embeddable":true,"href":"https:\/\/aconteceunovale.com.br\/portal\/index.php?rest_route=%2Fwp%2Fv2%2Ftags&post=99371"}],"curies":[{"name":"wp","href":"https:\/\/api.w.org\/{rel}","templated":true}]}}