{"id":99364,"date":"2016-10-17T10:30:24","date_gmt":"2016-10-17T13:30:24","guid":{"rendered":"http:\/\/aconteceunovale.com.br\/portal\/?p=99364"},"modified":"2016-10-17T10:30:24","modified_gmt":"2016-10-17T13:30:24","slug":"duas-carretas-tombam-na-serra-de-francisco-sa-no-norte-de-minas","status":"publish","type":"post","link":"https:\/\/aconteceunovale.com.br\/portal\/?p=99364","title":{"rendered":"Duas carretas tombam na Serra de Francisco S\u00e1, no Norte de Minas"},"content":{"rendered":"<p>A Pol\u00edcia Rodovi\u00e1ria Federal (PRF) registrou dois acidentes envolvendo ve\u00edculos de carga, nesse domingo (16\/10\/2016), na Serra de Francisco S\u00e1, na regi\u00e3o Norte de Minas Gerais. No primeiro acidente, o condutor de uma carreta carregada com p\u00f3 de polietileno perdeu o controle da dire\u00e7\u00e3o e acabou tomando.<\/p>\n<p>A PRF informou que a rodovia foi interditada nos dois sentidos, mas j\u00e1 foi liberada. O condutor n\u00e3o teve ferimentos.<\/p>\n<p>J\u00e1 na segunda ocorr\u00eancia, de acordo com a PRF, o motorista n\u00e3o respeitou a sinaliza\u00e7\u00e3o do primeiro acidente, desceu em alta velocidade e a carreta que ele conduzia tombou.<\/p>\n<p>O ve\u00edculo seguia carregado com fertilizantes, o tr\u00e2nsito tamb\u00e9m precisou ser interrompido, mas j\u00e1 foi liberado. O condutor foi socorrido pelo Samu com suspeita de fratura na clav\u00edcula. <\/p>\n<p><img decoding=\"async\" src=\"http:\/\/aconteceunovale.com.br\/portal\/wp-content\/uploads\/2016\/10\/acidente_fs_serra_1.jpeg\" alt=\"\" \/><em>Carreta com p\u00f3 de polietileno tombou na BR-251 (Foto: PRF\/Divulga\u00e7\u00e3o)<\/em><br \/>\n<\/br><\/p>\n<p><img decoding=\"async\" src=\"http:\/\/aconteceunovale.com.br\/portal\/wp-content\/uploads\/2016\/10\/acidente_fs_serra_2.jpeg\" alt=\"\" \/><em>Motorista que vinha atr\u00e1s n\u00e3o conseguiu frear (Foto: PRF\/Divulga\u00e7\u00e3o)<\/em><br \/>\n<\/br><\/p>\n<p>(G1 Grande Minas)<\/p>\n","protected":false},"excerpt":{"rendered":"<p>A Pol\u00edcia Rodovi\u00e1ria Federal (PRF) registrou dois acidentes envolvendo ve\u00edculos de carga, nesse domingo (16\/10\/2016), na Serra de Francisco S\u00e1, na regi\u00e3o Norte de Minas Gerais. No primeiro acidente, o condutor de uma carreta carregada com p\u00f3 de polietileno perdeu o controle da dire\u00e7\u00e3o e acabou tomando. A PRF informou que a rodovia foi interditada [&hellip;]<\/p>\n","protected":false},"author":1,"featured_media":99365,"comment_status":"open","ping_status":"closed","sticky":false,"template":"","format":"standard","meta":{"amp_status":"","footnotes":""},"categories":[1236],"tags":[119225,1396,121006,83223,121003,121005,121004,1395],"class_list":["post-99364","post","type-post","status-publish","format-standard","has-post-thumbnail","hentry","category-norte_de_minas","tag-acidente-francisco-sa","tag-acidente-na-br-251","tag-acidente-na-br-251-serra-de-francisco-sa","tag-acidente-na-serra-de-francisco-sa","tag-duas-carretas-tombam-na-serra-de-francisco-sa","tag-duas-carretas-tombam-na-serra-de-francisco-sa-na-br-251","tag-duas-carretas-tombam-na-serra-de-francisco-sa-no-norte-de-minas","tag-francisco-sa"],"_links":{"self":[{"href":"https:\/\/aconteceunovale.com.br\/portal\/index.php?rest_route=\/wp\/v2\/posts\/99364","targetHints":{"allow":["GET"]}}],"collection":[{"href":"https:\/\/aconteceunovale.com.br\/portal\/index.php?rest_route=\/wp\/v2\/posts"}],"about":[{"href":"https:\/\/aconteceunovale.com.br\/portal\/index.php?rest_route=\/wp\/v2\/types\/post"}],"author":[{"embeddable":true,"href":"https:\/\/aconteceunovale.com.br\/portal\/index.php?rest_route=\/wp\/v2\/users\/1"}],"replies":[{"embeddable":true,"href":"https:\/\/aconteceunovale.com.br\/portal\/index.php?rest_route=%2Fwp%2Fv2%2Fcomments&post=99364"}],"version-history":[{"count":0,"href":"https:\/\/aconteceunovale.com.br\/portal\/index.php?rest_route=\/wp\/v2\/posts\/99364\/revisions"}],"wp:featuredmedia":[{"embeddable":true,"href":"https:\/\/aconteceunovale.com.br\/portal\/index.php?rest_route=\/wp\/v2\/media\/99365"}],"wp:attachment":[{"href":"https:\/\/aconteceunovale.com.br\/portal\/index.php?rest_route=%2Fwp%2Fv2%2Fmedia&parent=99364"}],"wp:term":[{"taxonomy":"category","embeddable":true,"href":"https:\/\/aconteceunovale.com.br\/portal\/index.php?rest_route=%2Fwp%2Fv2%2Fcategories&post=99364"},{"taxonomy":"post_tag","embeddable":true,"href":"https:\/\/aconteceunovale.com.br\/portal\/index.php?rest_route=%2Fwp%2Fv2%2Ftags&post=99364"}],"curies":[{"name":"wp","href":"https:\/\/api.w.org\/{rel}","templated":true}]}}