{"id":99357,"date":"2016-10-17T09:05:10","date_gmt":"2016-10-17T12:05:10","guid":{"rendered":"http:\/\/aconteceunovale.com.br\/portal\/?p=99357"},"modified":"2016-10-17T09:05:10","modified_gmt":"2016-10-17T12:05:10","slug":"plantao-samu-macro-norte-nesta-segunda-feira-17-de-outubro","status":"publish","type":"post","link":"https:\/\/aconteceunovale.com.br\/portal\/?p=99357","title":{"rendered":"Plant\u00e3o SAMU Macro Norte, nesta segunda-Feira, 17 de outubro"},"content":{"rendered":"<h4><strong><em>SAMU INFORMA: segunda-Feira, 17 de outubro de 2016 (06h do dia 14\/09 \u00e0s 6h do dia 17\/10)<\/em><\/strong><\/h4>\n<p>As unidades do SAMU receberam neste final de semana 1.674 chamados, destes, 274 foram trotes. Foram realizados 588 atendimentos em toda Macro Norte, 319 deles em Montes Claros. Foram 223 casos cl\u00ednicos, 86 acidentes de tr\u00e2nsito, 72 destes envolvendo moto, 33 atendimentos psiqui\u00e1tricos, 22 quedas de pr\u00f3pria altura, 16 atendimentos \u00e0 gestantes, 7 j\u00e1 em trabalho de parto, 11 pessoas atendidas por agress\u00e3o, 4 pessoas feridas por arma de fogo e 1 pessoa ferida por arma branca e uma pessoa atendida por afogamento. Em Montes Claros, 94 atendimentos cl\u00ednicos, 40 acidentes de tr\u00e2nsito, destes 38 envolvendo moto, 17 atendimentos psiqui\u00e1tricos, 9 quedas de pr\u00f3pria altura, 7 gestantes atendidas pelo SAMU, 1 pessoa ferida por arma de fogo e 1 ferida por arma branca, 3 atendimentos por agress\u00e3o. Neste momento at\u00e9 o fechamento do relat\u00f3rio, nenhuma ocorr\u00eancia de tr\u00e2nsito em andamento. Ascom Samu)<\/p>\n","protected":false},"excerpt":{"rendered":"<p>SAMU INFORMA: segunda-Feira, 17 de outubro de 2016 (06h do dia 14\/09 \u00e0s 6h do dia 17\/10) As unidades do SAMU receberam neste final de semana 1.674 chamados, destes, 274 foram trotes. Foram realizados 588 atendimentos em toda Macro Norte, 319 deles em Montes Claros. Foram 223 casos cl\u00ednicos, 86 acidentes de tr\u00e2nsito, 72 destes [&hellip;]<\/p>\n","protected":false},"author":1,"featured_media":37592,"comment_status":"open","ping_status":"closed","sticky":false,"template":"","format":"standard","meta":{"amp_status":"","footnotes":""},"categories":[1236],"tags":[120979,13996,44471,120003,19864,13995,120993,120992],"class_list":["post-99357","post","type-post","status-publish","format-standard","has-post-thumbnail","hentry","category-norte_de_minas","tag-17-de-outubro","tag-atendimentos-do-samu-em-montes-claros","tag-nesta-segunda-feira","tag-ocorrencias-samu-montes-claros","tag-plantao-do-samu-em-montes-claros","tag-plantao-samu-macro-norte","tag-plantao-samu-macro-norte-17-de-outubro","tag-plantao-samu-macro-norte-nesta-segunda-feira-17-de-outubro"],"_links":{"self":[{"href":"https:\/\/aconteceunovale.com.br\/portal\/index.php?rest_route=\/wp\/v2\/posts\/99357","targetHints":{"allow":["GET"]}}],"collection":[{"href":"https:\/\/aconteceunovale.com.br\/portal\/index.php?rest_route=\/wp\/v2\/posts"}],"about":[{"href":"https:\/\/aconteceunovale.com.br\/portal\/index.php?rest_route=\/wp\/v2\/types\/post"}],"author":[{"embeddable":true,"href":"https:\/\/aconteceunovale.com.br\/portal\/index.php?rest_route=\/wp\/v2\/users\/1"}],"replies":[{"embeddable":true,"href":"https:\/\/aconteceunovale.com.br\/portal\/index.php?rest_route=%2Fwp%2Fv2%2Fcomments&post=99357"}],"version-history":[{"count":0,"href":"https:\/\/aconteceunovale.com.br\/portal\/index.php?rest_route=\/wp\/v2\/posts\/99357\/revisions"}],"wp:featuredmedia":[{"embeddable":true,"href":"https:\/\/aconteceunovale.com.br\/portal\/index.php?rest_route=\/wp\/v2\/media\/37592"}],"wp:attachment":[{"href":"https:\/\/aconteceunovale.com.br\/portal\/index.php?rest_route=%2Fwp%2Fv2%2Fmedia&parent=99357"}],"wp:term":[{"taxonomy":"category","embeddable":true,"href":"https:\/\/aconteceunovale.com.br\/portal\/index.php?rest_route=%2Fwp%2Fv2%2Fcategories&post=99357"},{"taxonomy":"post_tag","embeddable":true,"href":"https:\/\/aconteceunovale.com.br\/portal\/index.php?rest_route=%2Fwp%2Fv2%2Ftags&post=99357"}],"curies":[{"name":"wp","href":"https:\/\/api.w.org\/{rel}","templated":true}]}}