{"id":99352,"date":"2016-10-17T08:38:12","date_gmt":"2016-10-17T11:38:12","guid":{"rendered":"http:\/\/aconteceunovale.com.br\/portal\/?p=99352"},"modified":"2016-10-17T08:38:12","modified_gmt":"2016-10-17T11:38:12","slug":"emater-recebe-novos-veiculos-para-atendimento-aos-agricultores-familiares-de-minas-gerais","status":"publish","type":"post","link":"https:\/\/aconteceunovale.com.br\/portal\/?p=99352","title":{"rendered":"Emater recebe novos ve\u00edculos para atendimento aos agricultores familiares de Minas Gerais"},"content":{"rendered":"<p>A Empresa de Assist\u00eancia T\u00e9cnica e Extens\u00e3o Rural do Estado de Minas Gerais (Emater-MG) recebeu mais 22 novos ve\u00edculos para a utiliza\u00e7\u00e3o dos t\u00e9cnicos nas a\u00e7\u00f5es de extens\u00e3o rural. A a\u00e7\u00e3o visa dar continuidade \u00e0 renova\u00e7\u00e3o da frota de carros da empresa e contribuir para o atendimento de qualidade aos agricultores familiares. <\/p>\n<p>Nesta mais recente a\u00e7\u00e3o, foram entregues 20 Palios e duas Picapes Montana. Os ve\u00edculos foram adquiridos por meio de contrato de repasse entre o ent\u00e3o Minist\u00e9rio do Desenvolvimento Agr\u00e1rio e a Emater-MG, por interm\u00e9dio da Caixa Econ\u00f4mica Federal. Os recursos s\u00e3o provenientes de emendas parlamentares com contrapartida da Emater-MG.<\/p>\n<p>\u201cEssa emenda \u00e9 para a estrutura\u00e7\u00e3o da empresa. Isso \u00e9 muito importante para dar condi\u00e7\u00f5es de trabalho para os extensionistas, garantir a assist\u00eancia ao agricultor e, com carros novos, diminuir o consumo de combust\u00edvel. N\u00f3s precisamos desse tipo de recurso para manter a Emater-MG sempre em bom funcionamento. Hoje, n\u00f3s temos quase 800 escrit\u00f3rios em Minas Gerais. Portanto, a manuten\u00e7\u00e3o da nossa frota de ve\u00edculos \u00e9 muito cara\u201d, diz o presidente da Emater-MG, Glenio Martins.<\/p>\n<p>?O valor total do investimento foi de R$ 2,3 milh\u00f5es para a compra de 64 ve\u00edculos. Em agosto de 2016, houve a primeira etapa de entrega dos ve\u00edculos, quando a Emater-MG recebeu 42 carros. <\/p>\n<p><strong>Atua\u00e7\u00e3o da Emater-MG<\/strong><\/p>\n<p>Ao longo dos anos, a Emater-MG se tornou refer\u00eancia na presta\u00e7\u00e3o de assist\u00eancia t\u00e9cnica. Por ano, a empresa atende cerca de 400 mil agricultores em 790 munic\u00edpios. Vinculada \u00e0 Secretaria de Estado de Agricultura, Pecu\u00e1ria e Abastecimento, ela participa ativamente na implementa\u00e7\u00e3o de pol\u00edticas p\u00fablicas. <\/p>\n<p>A Emater-MG atua, por exemplo, na orienta\u00e7\u00e3o e inser\u00e7\u00e3o dos produtores no Programa de Aquisi\u00e7\u00e3o de Alimentos (PAA) e no Programa Nacional de Alimenta\u00e7\u00e3o Escolar (PNAE). A empresa tamb\u00e9m trabalha na qualifica\u00e7\u00e3o dos agricultores por meio de programas como Certifica Minas Caf\u00e9, Pr\u00f3-Gen\u00e9tica e Queijo Minas Artesanal. <\/p>\n<p><img decoding=\"async\" src=\"http:\/\/aconteceunovale.com.br\/portal\/wp-content\/uploads\/2016\/10\/Entrega-de-ve\u00edculos-2016-1_EDT.jpg\" alt=\"\" \/><em>Novos ve\u00edculos foram entregues \u00e0 Emater-MG (Foto: Alexandre Soares\/Divulga\u00e7\u00e3o)<\/em><br \/>\n<\/br><\/p>\n<p>(Ag\u00eancia Minas)<\/p>\n","protected":false},"excerpt":{"rendered":"<p>A Empresa de Assist\u00eancia T\u00e9cnica e Extens\u00e3o Rural do Estado de Minas Gerais (Emater-MG) recebeu mais 22 novos ve\u00edculos para a utiliza\u00e7\u00e3o dos t\u00e9cnicos nas a\u00e7\u00f5es de extens\u00e3o rural. A a\u00e7\u00e3o visa dar continuidade \u00e0 renova\u00e7\u00e3o da frota de carros da empresa e contribuir para o atendimento de qualidade aos agricultores familiares. Nesta mais recente [&hellip;]<\/p>\n","protected":false},"author":1,"featured_media":99353,"comment_status":"open","ping_status":"closed","sticky":false,"template":"","format":"standard","meta":{"amp_status":"","footnotes":""},"categories":[123],"tags":[120988,25775,28452,120985,120987,120986],"class_list":["post-99352","post","type-post","status-publish","format-standard","has-post-thumbnail","hentry","category-gerais","tag-emater-recebe-novos-veiculos-para-atendimento-aos-agricultores-familiares-de-minas-gerais","tag-emater-mg","tag-empresa-de-assistencia-tecnica-e-extensao-rural-do-estado-de-minas-gerais","tag-novos-veiculos-emater-mg","tag-veiculos-novos-emater-mg","tag-veiculos-novos-para-a-emater-mg"],"_links":{"self":[{"href":"https:\/\/aconteceunovale.com.br\/portal\/index.php?rest_route=\/wp\/v2\/posts\/99352","targetHints":{"allow":["GET"]}}],"collection":[{"href":"https:\/\/aconteceunovale.com.br\/portal\/index.php?rest_route=\/wp\/v2\/posts"}],"about":[{"href":"https:\/\/aconteceunovale.com.br\/portal\/index.php?rest_route=\/wp\/v2\/types\/post"}],"author":[{"embeddable":true,"href":"https:\/\/aconteceunovale.com.br\/portal\/index.php?rest_route=\/wp\/v2\/users\/1"}],"replies":[{"embeddable":true,"href":"https:\/\/aconteceunovale.com.br\/portal\/index.php?rest_route=%2Fwp%2Fv2%2Fcomments&post=99352"}],"version-history":[{"count":0,"href":"https:\/\/aconteceunovale.com.br\/portal\/index.php?rest_route=\/wp\/v2\/posts\/99352\/revisions"}],"wp:featuredmedia":[{"embeddable":true,"href":"https:\/\/aconteceunovale.com.br\/portal\/index.php?rest_route=\/wp\/v2\/media\/99353"}],"wp:attachment":[{"href":"https:\/\/aconteceunovale.com.br\/portal\/index.php?rest_route=%2Fwp%2Fv2%2Fmedia&parent=99352"}],"wp:term":[{"taxonomy":"category","embeddable":true,"href":"https:\/\/aconteceunovale.com.br\/portal\/index.php?rest_route=%2Fwp%2Fv2%2Fcategories&post=99352"},{"taxonomy":"post_tag","embeddable":true,"href":"https:\/\/aconteceunovale.com.br\/portal\/index.php?rest_route=%2Fwp%2Fv2%2Ftags&post=99352"}],"curies":[{"name":"wp","href":"https:\/\/api.w.org\/{rel}","templated":true}]}}