{"id":99350,"date":"2016-10-17T08:30:20","date_gmt":"2016-10-17T11:30:20","guid":{"rendered":"http:\/\/aconteceunovale.com.br\/portal\/?p=99350"},"modified":"2016-10-17T08:30:20","modified_gmt":"2016-10-17T11:30:20","slug":"previsao-do-tempo-para-minas-gerais-nesta-segunda-feira-17-de-outubro","status":"publish","type":"post","link":"https:\/\/aconteceunovale.com.br\/portal\/?p=99350","title":{"rendered":"Previs\u00e3o do tempo para Minas Gerais, nesta segunda-feira, 17 de outubro"},"content":{"rendered":"<h4><strong><em>C\u00e9u parcialmente nublado, com possibilidade de chuva no Tri\u00e2ngulo, Sul, Vertentes e Zona da Mata. Na capital, dia ensolarado.<\/em><\/strong><\/h4>\n<p>Nesta segunda-feira (17\/10), a instabilidade enfraquece no Brasil central e a chuva diminui. Em Minas Gerais o tempo deve ficar parcialmente nublado, com possibilidade de chuva no Tri\u00e2ngulo Mineiro, Sul, Campo das Vertentes e Zona da Mata. Nas outras \u00e1reas do estado o tempo deve ficar ensolarado a parcialmente nublado.<\/p>\n<p>Na Regi\u00e3o Metropolitana de Belo Horizonte a semana come\u00e7a com tempo est\u00e1vel e predom\u00ednio de sol. Em Belo Horizonte o dia ser\u00e1 de tempo ensolarado a parcialmente nublado, a temperatura deve variar entre 18\u00b0C e 31\u00b0C, com umidade relativa do ar m\u00ednima em torno de 35% \u00e0 tarde.<\/p>\n","protected":false},"excerpt":{"rendered":"<p>C\u00e9u parcialmente nublado, com possibilidade de chuva no Tri\u00e2ngulo, Sul, Vertentes e Zona da Mata. Na capital, dia ensolarado. Nesta segunda-feira (17\/10), a instabilidade enfraquece no Brasil central e a chuva diminui. Em Minas Gerais o tempo deve ficar parcialmente nublado, com possibilidade de chuva no Tri\u00e2ngulo Mineiro, Sul, Campo das Vertentes e Zona da [&hellip;]<\/p>\n","protected":false},"author":1,"featured_media":82499,"comment_status":"open","ping_status":"closed","sticky":false,"template":"","format":"standard","meta":{"amp_status":"","footnotes":""},"categories":[123],"tags":[120979,194,131,44471,1956,27340,120984,86833,120983,1839,120981,28170,120980,120982],"class_list":["post-99350","post","type-post","status-publish","format-standard","has-post-thumbnail","hentry","category-gerais","tag-17-de-outubro","tag-belo-horizonte","tag-minas-gerais","tag-nesta-segunda-feira","tag-previsao-do-tempo","tag-previsao-do-tempo-para-belo-horizonte","tag-previsao-do-tempo-para-belo-horizonte-17-de-outubro","tag-previsao-do-tempo-para-belo-horizonte-nesta-segunda-feira","tag-previsao-do-tempo-para-belo-horizonte-nesta-segunda-feira-17-de-outubro","tag-previsao-do-tempo-para-minas-gerais","tag-previsao-do-tempo-para-minas-gerais-17-de-outubro","tag-previsao-do-tempo-para-minas-gerais-nesta-segunda-feira","tag-previsao-do-tempo-para-minas-gerais-nesta-segunda-feira-17-de-outubro","tag-segunda-feira-17-de-outubro"],"_links":{"self":[{"href":"https:\/\/aconteceunovale.com.br\/portal\/index.php?rest_route=\/wp\/v2\/posts\/99350","targetHints":{"allow":["GET"]}}],"collection":[{"href":"https:\/\/aconteceunovale.com.br\/portal\/index.php?rest_route=\/wp\/v2\/posts"}],"about":[{"href":"https:\/\/aconteceunovale.com.br\/portal\/index.php?rest_route=\/wp\/v2\/types\/post"}],"author":[{"embeddable":true,"href":"https:\/\/aconteceunovale.com.br\/portal\/index.php?rest_route=\/wp\/v2\/users\/1"}],"replies":[{"embeddable":true,"href":"https:\/\/aconteceunovale.com.br\/portal\/index.php?rest_route=%2Fwp%2Fv2%2Fcomments&post=99350"}],"version-history":[{"count":0,"href":"https:\/\/aconteceunovale.com.br\/portal\/index.php?rest_route=\/wp\/v2\/posts\/99350\/revisions"}],"wp:featuredmedia":[{"embeddable":true,"href":"https:\/\/aconteceunovale.com.br\/portal\/index.php?rest_route=\/wp\/v2\/media\/82499"}],"wp:attachment":[{"href":"https:\/\/aconteceunovale.com.br\/portal\/index.php?rest_route=%2Fwp%2Fv2%2Fmedia&parent=99350"}],"wp:term":[{"taxonomy":"category","embeddable":true,"href":"https:\/\/aconteceunovale.com.br\/portal\/index.php?rest_route=%2Fwp%2Fv2%2Fcategories&post=99350"},{"taxonomy":"post_tag","embeddable":true,"href":"https:\/\/aconteceunovale.com.br\/portal\/index.php?rest_route=%2Fwp%2Fv2%2Ftags&post=99350"}],"curies":[{"name":"wp","href":"https:\/\/api.w.org\/{rel}","templated":true}]}}