{"id":99319,"date":"2016-10-16T18:30:00","date_gmt":"2016-10-16T21:30:00","guid":{"rendered":"http:\/\/aconteceunovale.com.br\/portal\/?p=99319"},"modified":"2016-10-16T18:40:15","modified_gmt":"2016-10-16T21:40:15","slug":"ladrao-sem-uma-perna-e-preso-apos-participar-de-roubo-no-municipio-de-teofilo-otoni","status":"publish","type":"post","link":"https:\/\/aconteceunovale.com.br\/portal\/?p=99319","title":{"rendered":"Homem sem uma perna \u00e9 preso ap\u00f3s participar de assalto no munic\u00edpio de Te\u00f3filo Otoni"},"content":{"rendered":"<p>Um deficiente f\u00edsico foi preso na madrugada deste domingo, 16 de outubro de 2016, ap\u00f3s um assalto na zona rural do distrito de Top\u00e1zio, munic\u00edpio de Te\u00f3filo Otoni, no Vale do Mucuri. De acordo com a Pol\u00edcia Militar (PM), um rapaz de 25 anos informou que participou de uma festa no C\u00f3rrego da Fuma\u00e7a e quando retornava para sua resid\u00eancia, foi surpreendido por indiv\u00edduos em um ve\u00edculo Monza, de cor verde, que anunciaram o assalto apontando armas de fogo em sua dire\u00e7\u00e3o. <\/p>\n<p>Amigos da v\u00edtima, que seguiam em um carro logo atr\u00e1s, tentaram intervir, mas os criminosos efetuaram disparos e evadiram do local com uma motocicleta Honda\/CG150 Fan, placa PVK-0458, de cor preta. <\/p>\n<p>Diante dos fatos, a Pol\u00edcia Militar iniciou rastreamentos e localizou o ve\u00edculo, com as mesmas caracter\u00edsticas informadas pela v\u00edtima, na altura do quil\u00f4metro 01 da MG-409. Ao efetuar a abordagem, os suspeitos sa\u00edram do carro e evadiram por um matagal. Houve troca de tiros entre os criminosos e os policiais militares, mas ningu\u00e9m ficou ferido.<\/p>\n<p>Durante buscas pelo matagal, os militares conseguiram prender A.N.C, de 33 anos, que possui somente uma perna e \u00e9 conhecido no meio policial por pr\u00e1tica de crimes. Uma mulher, S.M.P, de 21 anos, permaneceu no interior do carro e tamb\u00e9m foi presa. Trezentos reais em dinheiro e doze muni\u00e7\u00f5es calibre 38 foram encontrados com os suspeitos.<\/p>\n<p>A.N.C e S.M.P foram conduzidos \u00e0 1\u00aa Delegacia Regional de Pol\u00edcia Civil (DRPC) para demais provid\u00eancias. O ve\u00edculo utilizado para pr\u00e1tica do crime foi removido para um p\u00e1tio credenciado.<\/p>\n<p>A Pol\u00edcia Militar informou que continua os rastreamentos na regi\u00e3o com intuito de localizar os demais autores e recuperar a motocicleta roubada. <\/p>\n<h3><strong>Outro assalto<\/strong><\/h3>\n<p>No in\u00edcio da noite desse s\u00e1bado, 15 de outubro, a Pol\u00edcia Militar registrou uma ocorr\u00eancia de roubo \u00e0 m\u00e3o armada a uma mercearia localizada na Rua M\u00e1rio Campos, no distrito de Top\u00e1zio. De acordo com a corpora\u00e7\u00e3o, o propriet\u00e1rio do estabelecimento relatou que dois indiv\u00edduos desconhecidos invadiram o local com arma de fogo em punho e anunciaram o assalto. <\/p>\n<p>Ap\u00f3s subtra\u00edrem a quantia de R$ 6.000,00 em dinheiro, os autores evadiram em uma motocicleta de cor preta. Os militares realizaram rastreamentos com intuito de localizar e prender os autores, por\u00e9m, sem \u00eaxito.<\/p>\n","protected":false},"excerpt":{"rendered":"<p>Um deficiente f\u00edsico foi preso na madrugada deste domingo, 16 de outubro de 2016, ap\u00f3s um assalto na zona rural do distrito de Top\u00e1zio, munic\u00edpio de Te\u00f3filo Otoni, no Vale do Mucuri. De acordo com a Pol\u00edcia Militar (PM), um rapaz de 25 anos informou que participou de uma festa no C\u00f3rrego da Fuma\u00e7a e [&hellip;]<\/p>\n","protected":false},"author":1,"featured_media":74819,"comment_status":"open","ping_status":"closed","sticky":false,"template":"","format":"standard","meta":{"amp_status":"","footnotes":""},"categories":[122],"tags":[120936,13058,13057,120935,120933,120939,120934,120938,51554,120937,164,416,19572],"class_list":["post-99319","post","type-post","status-publish","format-standard","has-post-thumbnail","hentry","category-mucuri","tag-agenor-nunes-da-cruz","tag-assalto-em-teofilo-otoni","tag-assalto-em-topazio","tag-corrego-da-fumaca","tag-homem-sem-uma-perna-e-preso-apos-participar-de-assalto-no-municipio-de-teofilo-otoni","tag-homem-sem-uma-perna-e-preso-apos-participar-de-roubo-no-municipio-de-teofilo-otoni","tag-ladrao-sem-uma-perna-e-preso-apos-participar-de-roubo-no-municipio-de-teofilo-otoni","tag-nilson-gomes-soares-junior","tag-roubo-em-teofilo-otoni","tag-saionara-mota-pereira","tag-teofilo-otoni","tag-topazio","tag-violencia-em-teofilo-otoni"],"_links":{"self":[{"href":"https:\/\/aconteceunovale.com.br\/portal\/index.php?rest_route=\/wp\/v2\/posts\/99319","targetHints":{"allow":["GET"]}}],"collection":[{"href":"https:\/\/aconteceunovale.com.br\/portal\/index.php?rest_route=\/wp\/v2\/posts"}],"about":[{"href":"https:\/\/aconteceunovale.com.br\/portal\/index.php?rest_route=\/wp\/v2\/types\/post"}],"author":[{"embeddable":true,"href":"https:\/\/aconteceunovale.com.br\/portal\/index.php?rest_route=\/wp\/v2\/users\/1"}],"replies":[{"embeddable":true,"href":"https:\/\/aconteceunovale.com.br\/portal\/index.php?rest_route=%2Fwp%2Fv2%2Fcomments&post=99319"}],"version-history":[{"count":0,"href":"https:\/\/aconteceunovale.com.br\/portal\/index.php?rest_route=\/wp\/v2\/posts\/99319\/revisions"}],"wp:featuredmedia":[{"embeddable":true,"href":"https:\/\/aconteceunovale.com.br\/portal\/index.php?rest_route=\/wp\/v2\/media\/74819"}],"wp:attachment":[{"href":"https:\/\/aconteceunovale.com.br\/portal\/index.php?rest_route=%2Fwp%2Fv2%2Fmedia&parent=99319"}],"wp:term":[{"taxonomy":"category","embeddable":true,"href":"https:\/\/aconteceunovale.com.br\/portal\/index.php?rest_route=%2Fwp%2Fv2%2Fcategories&post=99319"},{"taxonomy":"post_tag","embeddable":true,"href":"https:\/\/aconteceunovale.com.br\/portal\/index.php?rest_route=%2Fwp%2Fv2%2Ftags&post=99319"}],"curies":[{"name":"wp","href":"https:\/\/api.w.org\/{rel}","templated":true}]}}