{"id":99287,"date":"2016-10-16T11:36:33","date_gmt":"2016-10-16T14:36:33","guid":{"rendered":"http:\/\/aconteceunovale.com.br\/portal\/?p=99287"},"modified":"2016-10-16T11:36:33","modified_gmt":"2016-10-16T14:36:33","slug":"producao-global-de-alimentos-precisaria-aumentar-60-para-garantir-equilibrio","status":"publish","type":"post","link":"https:\/\/aconteceunovale.com.br\/portal\/?p=99287","title":{"rendered":"Produ\u00e7\u00e3o global de alimentos precisaria aumentar 60% para garantir equil\u00edbrio"},"content":{"rendered":"<p>Na data em que se comemora o Dia Mundial da Alimenta\u00e7\u00e3o (16\/10), a Organiza\u00e7\u00e3o das Na\u00e7\u00f5es Unidas para a Alimenta\u00e7\u00e3o e a Agricultura (FAO) destaca que, com as mudan\u00e7as clim\u00e1ticas, o desafio de alimentar uma crescente popula\u00e7\u00e3o mundial aumenta. Segundo o representante da entidade no Brasil, Alan Bojanic, a seca fez com que o Nordeste do Brasil perdesse 50% de sua produ\u00e7\u00e3o nos \u00faltimos cinco anos, se comparado com os cinco anteriores.<\/p>\n<p>Com o tema \u201cO clima est\u00e1 mudando. A alimenta\u00e7\u00e3o e a agricultura tamb\u00e9m devem mudar\u201d como destaque da data em 2016, a FAO estima que o n\u00famero mundial de habitantes vai superar os 9 bilh\u00f5es em 2050. Segundo o \u00f3rg\u00e3o internacional, a produ\u00e7\u00e3o mundial de alimentos precisaria aumentar em 60% para assegurar o equil\u00edbrio da seguran\u00e7a alimentar.<\/p>\n<p>\u201cPrecisamos ver resposta para esse problema. Precisamos de uma agricultura mais adaptativa, diferente, que seja sustent\u00e1vel, ambientalmente amig\u00e1vel e essa agricultura precisa de muita pesquisa. Precisamos de mais variedades de alimentos que aguentem as varia\u00e7\u00f5es de precipita\u00e7\u00e3o, de calor, de frio, problemas de enchente. Uma agricultura adaptativa a essas mudan\u00e7as clim\u00e1ticas\u201d, ressalta Bojanic.<\/p>\n<p>Segundo a FAO, cultivar alimentos de forma sustent\u00e1vel significa adotar pr\u00e1ticas que produzam mais com menos insumos na mesma \u00e1rea e usem recursos naturais com sabedoria. Significa, tamb\u00e9m, reduzir o desperd\u00edcio, com melhor colheita, armazenagem, embalagem, transporte, infraestrutura e com\u00e9rcio.<\/p>\n<p>Mesmo com uma produ\u00e7\u00e3o eficiente, o representante da FAO defende pol\u00edticas p\u00fablicas que facilitem o acesso dos mais pobres ao alimento. \u201cVoc\u00ea pode produzir na quantidade suficiente, mas pode n\u00e3o ter acesso, ou seja, pode n\u00e3o ter seguran\u00e7a alimentar para todos. \u00c9 importante ter equil\u00edbrio entre acesso e produ\u00e7\u00e3o no contexto nas mudan\u00e7as clim\u00e1ticas\u201d, destaca Bojanic.<\/p>\n<p><strong>Brasil<\/strong><\/p>\n<p>No Brasil, cerca de 3% da popula\u00e7\u00e3o vive em situa\u00e7\u00e3o de vulnerabilidade alimentar. \u201cO Brasil saiu do mapa da fome em 2014 por causa de pol\u00edticas p\u00fablicas que facilitaram o acesso aos alimentos, principalmente alimenta\u00e7\u00e3o escolar, que \u00e9 uma chave para acesso, mas tamb\u00e9m transfer\u00eancia de renda, fortalecimento da agricultura familiar, o apoio \u00e0 popula\u00e7\u00e3o da regi\u00e3o semi\u00e1rida com cisternas e carros-pipa\u201d, acrescenta Bojanic.<\/p>\n<p><img decoding=\"async\" src=\"http:\/\/aconteceunovale.com.br\/portal\/wp-content\/uploads\/2016\/10\/producao_de_alimentos.jpg\" alt=\"\" \/><em>Aumento da produ\u00e7\u00e3o \u00e9 necess\u00e1rio para garantir seguran\u00e7a alimentar (Elza Fi\u00faza\/Ag\u00eancia Brasil)<\/em><br \/>\n<\/br><\/p>\n<p>(Ag\u00eancia Brasil)<\/p>\n","protected":false},"excerpt":{"rendered":"<p>Na data em que se comemora o Dia Mundial da Alimenta\u00e7\u00e3o (16\/10), a Organiza\u00e7\u00e3o das Na\u00e7\u00f5es Unidas para a Alimenta\u00e7\u00e3o e a Agricultura (FAO) destaca que, com as mudan\u00e7as clim\u00e1ticas, o desafio de alimentar uma crescente popula\u00e7\u00e3o mundial aumenta. Segundo o representante da entidade no Brasil, Alan Bojanic, a seca fez com que o Nordeste [&hellip;]<\/p>\n","protected":false},"author":1,"featured_media":99288,"comment_status":"open","ping_status":"closed","sticky":false,"template":"","format":"standard","meta":{"amp_status":"","footnotes":""},"categories":[6,28848],"tags":[120869,120868,120867,19661,6128,42841,120870,42848],"class_list":["post-99287","post","type-post","status-publish","format-standard","has-post-thumbnail","hentry","category-br","category-mundo","tag-alan-bojanic","tag-desafio-de-alimentar-uma-crescente-populacao-mundial","tag-dia-mundial-da-alimentacao","tag-fao","tag-mudancas-climaticas","tag-organizacao-das-nacoes-unidas-para-a-alimentacao-e-a-agricultura","tag-producao-global-de-alimentos-precisaria-aumentar-60-para-garantir-equilibrio","tag-seguranca-alimentar"],"_links":{"self":[{"href":"https:\/\/aconteceunovale.com.br\/portal\/index.php?rest_route=\/wp\/v2\/posts\/99287","targetHints":{"allow":["GET"]}}],"collection":[{"href":"https:\/\/aconteceunovale.com.br\/portal\/index.php?rest_route=\/wp\/v2\/posts"}],"about":[{"href":"https:\/\/aconteceunovale.com.br\/portal\/index.php?rest_route=\/wp\/v2\/types\/post"}],"author":[{"embeddable":true,"href":"https:\/\/aconteceunovale.com.br\/portal\/index.php?rest_route=\/wp\/v2\/users\/1"}],"replies":[{"embeddable":true,"href":"https:\/\/aconteceunovale.com.br\/portal\/index.php?rest_route=%2Fwp%2Fv2%2Fcomments&post=99287"}],"version-history":[{"count":0,"href":"https:\/\/aconteceunovale.com.br\/portal\/index.php?rest_route=\/wp\/v2\/posts\/99287\/revisions"}],"wp:featuredmedia":[{"embeddable":true,"href":"https:\/\/aconteceunovale.com.br\/portal\/index.php?rest_route=\/wp\/v2\/media\/99288"}],"wp:attachment":[{"href":"https:\/\/aconteceunovale.com.br\/portal\/index.php?rest_route=%2Fwp%2Fv2%2Fmedia&parent=99287"}],"wp:term":[{"taxonomy":"category","embeddable":true,"href":"https:\/\/aconteceunovale.com.br\/portal\/index.php?rest_route=%2Fwp%2Fv2%2Fcategories&post=99287"},{"taxonomy":"post_tag","embeddable":true,"href":"https:\/\/aconteceunovale.com.br\/portal\/index.php?rest_route=%2Fwp%2Fv2%2Ftags&post=99287"}],"curies":[{"name":"wp","href":"https:\/\/api.w.org\/{rel}","templated":true}]}}