{"id":99284,"date":"2016-10-16T11:31:16","date_gmt":"2016-10-16T14:31:16","guid":{"rendered":"http:\/\/aconteceunovale.com.br\/portal\/?p=99284"},"modified":"2016-10-16T11:31:16","modified_gmt":"2016-10-16T14:31:16","slug":"brasil-comeca-a-entrar-nos-trilhos-diz-temer-em-reuniao-de-cupula-do-brics","status":"publish","type":"post","link":"https:\/\/aconteceunovale.com.br\/portal\/?p=99284","title":{"rendered":"&#8220;Brasil come\u00e7a a entrar nos trilhos&#8221;, diz Temer em reuni\u00e3o de c\u00fapula do Brics"},"content":{"rendered":"<p>O presidente Michel Temer disse hoje (16\/10\/2016), em Goa, na \u00cdndia, que o Brasil \u201ccome\u00e7a a entrar nos trilhos\u201d. Em discurso para chefes de Estado e de Governo do Brics (grupo formado por Brasil, R\u00fassia, \u00cdndia, China e \u00c1frica do Sul), o presidente ressaltou que as previs\u00f5es para a economia brasileira em 2017 melhoraram e que o Fundo Monet\u00e1rio Internacional (FMI) estima o fim da recess\u00e3o e a volta do crescimento econ\u00f4mico no pr\u00f3ximo ano.<\/p>\n<p>\u201cJ\u00e1 \u00e9 poss\u00edvel verificar positiva revers\u00e3o de expectativas, com decidida eleva\u00e7\u00e3o nos n\u00edveis de confian\u00e7a dos agentes econ\u00f4micos\u201d, disse Temer.<\/p>\n<p>Temer come\u00e7ou o discurso dizendo que o mundo ainda se recupera da crise financeira global. \u201cJ\u00e1 diante do primeiro impacto da crise, o Brics afirmou-se como esteio da reforma da governan\u00e7a financeira internacional. Consolidaram-se como fonte de dinamismo e como atores essenciais para a retomada da atividade econ\u00f4mica\u201d, declarou. Temer ainda ressaltou que \u00e9 preciso resistir \u00e0 tenta\u00e7\u00e3o do protecionismo entre os pa\u00edses: \u201cH\u00e1 muito que podemos fazer para garantir mais com\u00e9rcio, mais crescimento e mais prosperidade.\u201d<\/p>\n<p><img decoding=\"async\" src=\"http:\/\/aconteceunovale.com.br\/portal\/wp-content\/uploads\/2016\/10\/temer_em_goa.jpg\" alt=\"\" \/><em>Chegada de Michel Temer em Goa, na \u00cdndia (Beto Barata\/PR)<\/em><br \/>\n<\/br><\/p>\n<p>O presidente citou a responsabilidade fiscal foi citada pelo presidente como um dever maior e tarefa urgente do governo para conter a crise: \u201c\u00c9 dever maior porque, sem ela, p\u00f5em-se em risco os avan\u00e7os sociais do Brasil. \u00c9 tarefa urgente porque o desarranjo das contas p\u00fablicas \u00e9 a causa-mor da crise que enfrentamos.\u201d<\/p>\n<p>Para o presidente, a supera\u00e7\u00e3o da crise econ\u00f4mica brasileira est\u00e1 desenhada e passa pela aprova\u00e7\u00e3o da PEC 241, que imp\u00f5e um limite aos gastos p\u00fablicos.\u201cSer\u00e1 a combina\u00e7\u00e3o da responsabilidade fiscal com a responsabilidade social. Promoveremos sim, o ajuste das contas p\u00fablicas. Estamos estabelecendo um teto de gastos, que ser\u00e1 inscrito na pr\u00f3pria Constitui\u00e7\u00e3o\u201d, ressaltou.<\/p>\n<p>O presidente tamb\u00e9m disse que enviar\u00e1 em breve ao Congresso a proposta de reforma do sistema de Previd\u00eancia Social.\u201dQueremos uma seguridade social que elimine privil\u00e9gios e possa servir a todos, no m\u00e9dio e no longo prazo. Queremos preservar a sa\u00fade fiscal do Estado, condi\u00e7\u00e3o para o bem-estar de cada um dos brasileiros\u201d, acrescentou.<\/p>\n<p>Durante o discurso, Michel Temer destacou que os ajustes no programa de concess\u00f5es \u00e0 iniciativa privada estimular\u00e3o a cria\u00e7\u00e3o de empregos. \u201cO Brasil est\u00e1 promovendo novo modelo de parcerias com o setor privado para gerar empregos e aprimorar sua infraestrutura. Estamos articulando modelo previs\u00edvel e seguro, que oferece as mais variadas oportunidades de investimento em portos, aeroportos, rodovias, ferrovias, explora\u00e7\u00e3o de petr\u00f3leo e g\u00e1s, entre outras \u00e1reas\u201d, declarou. Segundo ele, a responsabilidade social passa pela cria\u00e7\u00e3o de empregos.<\/p>\n<p>Como um dos principais desafios da atualidade, o presidente citou o combate ao terrorismo. \u201cNenhuma pessoa ou lugar est\u00e1 imune a esse flagelo\u201d, disse. \u201cS\u00f3 venceremos esse mal por meio da coopera\u00e7\u00e3o.\u201d <\/p>\n<p>(Ag\u00eancia Brasil)<\/p>\n","protected":false},"excerpt":{"rendered":"<p>O presidente Michel Temer disse hoje (16\/10\/2016), em Goa, na \u00cdndia, que o Brasil \u201ccome\u00e7a a entrar nos trilhos\u201d. Em discurso para chefes de Estado e de Governo do Brics (grupo formado por Brasil, R\u00fassia, \u00cdndia, China e \u00c1frica do Sul), o presidente ressaltou que as previs\u00f5es para a economia brasileira em 2017 melhoraram e [&hellip;]<\/p>\n","protected":false},"author":1,"featured_media":99285,"comment_status":"open","ping_status":"closed","sticky":false,"template":"","format":"standard","meta":{"amp_status":"","footnotes":""},"categories":[6,28848],"tags":[120857,67774,120864,48760,20181,120863,120862,110244,120866,120860,120865,120859,84466,120858,120861],"class_list":["post-99284","post","type-post","status-publish","format-standard","has-post-thumbnail","hentry","category-br","category-mundo","tag-brasil-comeca-a-entrar-nos-trilhos","tag-brics","tag-goa","tag-india","tag-michel-temer","tag-michel-temer-em-goa","tag-michel-temer-na-india","tag-pec-241","tag-politica-externa","tag-reuniao-com-michel-temer-nos-brics","tag-reuniao-de-cupula","tag-reuniao-de-cupula-do-brics","tag-temer","tag-temer-em-reuniao-de-cupula-do-brics","tag-temer-na-india"],"_links":{"self":[{"href":"https:\/\/aconteceunovale.com.br\/portal\/index.php?rest_route=\/wp\/v2\/posts\/99284","targetHints":{"allow":["GET"]}}],"collection":[{"href":"https:\/\/aconteceunovale.com.br\/portal\/index.php?rest_route=\/wp\/v2\/posts"}],"about":[{"href":"https:\/\/aconteceunovale.com.br\/portal\/index.php?rest_route=\/wp\/v2\/types\/post"}],"author":[{"embeddable":true,"href":"https:\/\/aconteceunovale.com.br\/portal\/index.php?rest_route=\/wp\/v2\/users\/1"}],"replies":[{"embeddable":true,"href":"https:\/\/aconteceunovale.com.br\/portal\/index.php?rest_route=%2Fwp%2Fv2%2Fcomments&post=99284"}],"version-history":[{"count":0,"href":"https:\/\/aconteceunovale.com.br\/portal\/index.php?rest_route=\/wp\/v2\/posts\/99284\/revisions"}],"wp:featuredmedia":[{"embeddable":true,"href":"https:\/\/aconteceunovale.com.br\/portal\/index.php?rest_route=\/wp\/v2\/media\/99285"}],"wp:attachment":[{"href":"https:\/\/aconteceunovale.com.br\/portal\/index.php?rest_route=%2Fwp%2Fv2%2Fmedia&parent=99284"}],"wp:term":[{"taxonomy":"category","embeddable":true,"href":"https:\/\/aconteceunovale.com.br\/portal\/index.php?rest_route=%2Fwp%2Fv2%2Fcategories&post=99284"},{"taxonomy":"post_tag","embeddable":true,"href":"https:\/\/aconteceunovale.com.br\/portal\/index.php?rest_route=%2Fwp%2Fv2%2Ftags&post=99284"}],"curies":[{"name":"wp","href":"https:\/\/api.w.org\/{rel}","templated":true}]}}