{"id":99277,"date":"2016-10-16T10:19:27","date_gmt":"2016-10-16T13:19:27","guid":{"rendered":"http:\/\/aconteceunovale.com.br\/portal\/?p=99277"},"modified":"2016-10-16T17:39:57","modified_gmt":"2016-10-16T20:39:57","slug":"colisao-entre-dois-carros-deixa-um-morto-e-dez-feridos-na-br-135-no-norte-de-minas","status":"publish","type":"post","link":"https:\/\/aconteceunovale.com.br\/portal\/?p=99277","title":{"rendered":"Colis\u00e3o entre dois carros deixa um morto e dez feridos na BR-135, no Norte de Minas"},"content":{"rendered":"<p>Uma pessoa morreu e dez ficaram feridas em um grave acidente registrado na madrugada deste domingo, 16 de outubro de 2016, na BR-135, entre Montes Claros e Bocaiuva, na regi\u00e3o Norte de Minas Gerais. Segundo informa\u00e7\u00f5es divulgadas pela Pol\u00edcia Rodovi\u00e1ria Federal (PRF), um Renault Logan (placa AUK-5365 de Itapevi\/SP) e um Fiat Tipo (placa LAA-6935 de Belo Horizonte\/MG) colidiram frontalmente na altura do quil\u00f4metro 394, por volta das 4h30.<\/p>\n<p>Ainda segundo a PRF, o Logan trafegava em sentido a S\u00e3o Paulo, quando o condutor tentou uma ultrapassagem for\u00e7ada e colidiu contra o Tipo, que seguia na pista contr\u00e1ria. Ap\u00f3s a batida, o ve\u00edculo que provocou o acidente pegou fogo. Felizmente, os sete ocupantes, entre eles uma crian\u00e7a, receberam aux\u00edlio de motoristas que passavam pelo local e conseguiram sair antes do inc\u00eandio.<\/p>\n<p><img decoding=\"async\" src=\"http:\/\/aconteceunovale.com.br\/portal\/wp-content\/uploads\/2016\/10\/acidente_boc_1.jpg\" alt=\"\" \/><em>Ve\u00edculo que tentou ultrapassagem pegou fogo ap\u00f3s batida (Foto: Tenente Franklin\/7\u00ba BBM)<\/em><br \/>\n<\/br><\/p>\n<p>De acordo com o 7\u00ba Batalh\u00e3o de Bombeiros Militar (BBM), todos os ocupantes do Logan sofreram ferimentos de m\u00e9dio a grave. Eles foram encaminhados pelos bombeiros e equipes do Servi\u00e7o de Atendimento M\u00f3vel de Urg\u00eancia (SAMU) para o Hospital Santa Casa em Montes Claros. <\/p>\n<p>J\u00e1 o Fiat Tipo, que trafegava sentido a Montes Claros, era ocupado por quatro pessoas. A passageira que estava na frente ficou presa \u00e0s ferragens e teve que ser retiradas com ajuda de um desencarcerador. Ela sofreu fratura em uma das pernas e um corte profundo. Uma mulher, Michele F.D, de 27 anos, que tamb\u00e9m estava no carro, n\u00e3o resistiu e veio a \u00f3bito. <\/p>\n<p>A Per\u00edcia T\u00e9cnica da Pol\u00edcia Civil compareceu ao local para os trabalhos de praxe. As causas do acidente ser\u00e3o investigadas.<\/p>\n<p>Por causa da batida, a rodovia ficou interditada nos dois sentidos. Quatorze bombeiros trabalharam na ocorr\u00eancia com as viaturas de salvamento veicular, de bomba de combate a inc\u00eandio e unidade de resgate. Os militares utilizaram cerca de dois mil litros de \u00e1gua para debelar o inc\u00eandio no Renault Logan.<\/p>\n<p><img decoding=\"async\" src=\"http:\/\/aconteceunovale.com.br\/portal\/wp-content\/uploads\/2016\/10\/acidente_bocaiuva_11.jpg\" alt=\"\" \/><em>Acidente aconteceu na altura do quil\u00f4metro 394 da BR-135 (Foto: Reprodu\u00e7\u00e3o\/WhatsApp)<\/em><br \/>\n<\/br><\/p>\n<p><img decoding=\"async\" src=\"http:\/\/aconteceunovale.com.br\/portal\/wp-content\/uploads\/2016\/10\/acidente_bocaiuva_31.jpg\" alt=\"\" \/><em>Acidente aconteceu na altura do quil\u00f4metro 394 da BR-135 (Foto: Reprodu\u00e7\u00e3o\/WhatsApp)<\/em><br \/>\n<\/br><\/p>\n<p><img decoding=\"async\" src=\"http:\/\/aconteceunovale.com.br\/portal\/wp-content\/uploads\/2016\/10\/acidente_135_congestionamento_2.jpg\" alt=\"\" \/><em>Acidente aconteceu na altura do quil\u00f4metro 394 da BR-135 (Foto: Reprodu\u00e7\u00e3o\/WhatsApp)<\/em><br \/>\n<\/br><\/p>\n<p><img decoding=\"async\" src=\"http:\/\/aconteceunovale.com.br\/portal\/wp-content\/uploads\/2016\/10\/acidente_135_congestionamento_1.jpg\" alt=\"\" \/><em>Acidente aconteceu na altura do quil\u00f4metro 394 da BR-135 (Foto: Reprodu\u00e7\u00e3o\/WhatsApp)<\/em><\/p>\n","protected":false},"excerpt":{"rendered":"<p>Uma pessoa morreu e dez ficaram feridas em um grave acidente registrado na madrugada deste domingo, 16 de outubro de 2016, na BR-135, entre Montes Claros e Bocaiuva, na regi\u00e3o Norte de Minas Gerais. Segundo informa\u00e7\u00f5es divulgadas pela Pol\u00edcia Rodovi\u00e1ria Federal (PRF), um Renault Logan (placa AUK-5365 de Itapevi\/SP) e um Fiat Tipo (placa LAA-6935 [&hellip;]<\/p>\n","protected":false},"author":1,"featured_media":99302,"comment_status":"open","ping_status":"closed","sticky":false,"template":"","format":"standard","meta":{"amp_status":"","footnotes":""},"categories":[1236],"tags":[120932,120840,120841,120846,120847,120848,120838,120839,120836,18467,120931,19374,72933,104359,120837,194,645,1247,120842,120843,120844,120835,120834,120833,82137,112688,120845,210],"class_list":["post-99277","post","type-post","status-publish","format-standard","has-post-thumbnail","hentry","category-norte_de_minas","tag-acidente-carro-de-itapevi","tag-acidente-com-fiat-tipo-de-minas","tag-acidente-com-fiat-tipo-de-minas-na-br-135","tag-acidente-com-michele-ferreira","tag-acidente-com-michele-ferreira-de-montes-claros","tag-acidente-com-michele-ferreira-na-br-135","tag-acidente-com-renault-logan-de-sao-paulo","tag-acidente-com-renault-logan-de-sao-paulo-na-br-135","tag-acidente-com-renault-logan-na-br-135","tag-acidente-em-bocaiuva","tag-acidente-logan-de-itapevi","tag-acidente-na-br-135","tag-acidente-na-br-135-em-bocaiuva","tag-acidente-perto-de-bocaiuva","tag-acidente-proximo-a-bocaiuva","tag-belo-horizonte","tag-bocaiuva","tag-br-135","tag-colisao-entre-dois-carros-deixa-um-morto-e-dez-feridos-na-br-135","tag-colisao-entre-dois-carros-deixa-um-morto-e-dez-feridos-na-br-135-em-bocaiuva","tag-colisao-entre-dois-carros-deixa-um-morto-e-dez-feridos-na-br-135-no-norte-de-minas","tag-colisao-entre-dois-carros-deixa-um-morto-e-nove-feridos-na-br-135","tag-colisao-entre-dois-carros-deixa-um-morto-e-nove-feridos-na-br-135-em-bocaiuva","tag-colisao-entre-dois-carros-deixa-um-morto-e-nove-feridos-na-br-135-no-norte-de-minas","tag-itapevi","tag-michele-ferreira","tag-michele-ferreira-de-montes-claros","tag-montes-claros"],"_links":{"self":[{"href":"https:\/\/aconteceunovale.com.br\/portal\/index.php?rest_route=\/wp\/v2\/posts\/99277","targetHints":{"allow":["GET"]}}],"collection":[{"href":"https:\/\/aconteceunovale.com.br\/portal\/index.php?rest_route=\/wp\/v2\/posts"}],"about":[{"href":"https:\/\/aconteceunovale.com.br\/portal\/index.php?rest_route=\/wp\/v2\/types\/post"}],"author":[{"embeddable":true,"href":"https:\/\/aconteceunovale.com.br\/portal\/index.php?rest_route=\/wp\/v2\/users\/1"}],"replies":[{"embeddable":true,"href":"https:\/\/aconteceunovale.com.br\/portal\/index.php?rest_route=%2Fwp%2Fv2%2Fcomments&post=99277"}],"version-history":[{"count":0,"href":"https:\/\/aconteceunovale.com.br\/portal\/index.php?rest_route=\/wp\/v2\/posts\/99277\/revisions"}],"wp:featuredmedia":[{"embeddable":true,"href":"https:\/\/aconteceunovale.com.br\/portal\/index.php?rest_route=\/wp\/v2\/media\/99302"}],"wp:attachment":[{"href":"https:\/\/aconteceunovale.com.br\/portal\/index.php?rest_route=%2Fwp%2Fv2%2Fmedia&parent=99277"}],"wp:term":[{"taxonomy":"category","embeddable":true,"href":"https:\/\/aconteceunovale.com.br\/portal\/index.php?rest_route=%2Fwp%2Fv2%2Fcategories&post=99277"},{"taxonomy":"post_tag","embeddable":true,"href":"https:\/\/aconteceunovale.com.br\/portal\/index.php?rest_route=%2Fwp%2Fv2%2Ftags&post=99277"}],"curies":[{"name":"wp","href":"https:\/\/api.w.org\/{rel}","templated":true}]}}