{"id":99236,"date":"2016-10-15T17:38:56","date_gmt":"2016-10-15T20:38:56","guid":{"rendered":"http:\/\/aconteceunovale.com.br\/portal\/?p=99236"},"modified":"2016-10-15T17:38:56","modified_gmt":"2016-10-15T20:38:56","slug":"ave-de-rapina-e-capturada-pelo-corpo-de-bombeiros-em-montes-claros","status":"publish","type":"post","link":"https:\/\/aconteceunovale.com.br\/portal\/?p=99236","title":{"rendered":"Ave de rapina \u00e9 capturada pelo Corpo de Bombeiros em Montes Claros"},"content":{"rendered":"<p>Uma ave de rapina foi capturada pelo Corpo de Bombeiros, na tarde deste s\u00e1bado (15\/10\/2016), em Montes Claros, na regi\u00e3o Norte de Minas. O animal, da esp\u00e9cie Carcar\u00e1 (Caracara plancus), estava dentro de uma casa localizada na Rua Aracaju, no bairro Santo Ant\u00f4nio II. <\/p>\n<p>Os moradores do im\u00f3vel encontraram a ave debaixo de um tanque de lavar roupas e acionaram os militares. De acordo com os bombeiros, aparentemente o carcar\u00e1 n\u00e3o apresentava ferimentos. Ele foi levado para o Quartel local, onde recebeu alimenta\u00e7\u00e3o e foi hidratado, conforme orienta\u00e7\u00e3o de uma veterin\u00e1ria.<\/p>\n<p>Ainda segundo o Corpo de Bombeiros, o animal ser\u00e1 encaminhado para o zool\u00f3gico da cidade ou para a unidade do Instituto Brasileiro do Meio Ambiente e dos Recursos Naturais Renov\u00e1veis (IBAMA), onde receber\u00e1 o tratamento adequado e posteriormente ser\u00e1 libertado em seu habitat natural.<\/p>\n<p><img decoding=\"async\" src=\"http:\/\/aconteceunovale.com.br\/portal\/wp-content\/uploads\/2016\/10\/carcara_moc_1.jpg\" alt=\"\" \/><em>Ave foi capturada pelos Bombeiros (Foto: Corpo de Bombeiros\/Divulga\u00e7\u00e3o)<\/em><br \/>\n<\/br><\/p>\n<p><img decoding=\"async\" src=\"http:\/\/aconteceunovale.com.br\/portal\/wp-content\/uploads\/2016\/10\/carcara_moc_2.jpg\" alt=\"\" \/><em>Ave foi capturada pelos Bombeiros (Foto: Corpo de Bombeiros\/Divulga\u00e7\u00e3o)<\/em><\/p>\n","protected":false},"excerpt":{"rendered":"<p>Uma ave de rapina foi capturada pelo Corpo de Bombeiros, na tarde deste s\u00e1bado (15\/10\/2016), em Montes Claros, na regi\u00e3o Norte de Minas. O animal, da esp\u00e9cie Carcar\u00e1 (Caracara plancus), estava dentro de uma casa localizada na Rua Aracaju, no bairro Santo Ant\u00f4nio II. Os moradores do im\u00f3vel encontraram a ave debaixo de um tanque [&hellip;]<\/p>\n","protected":false},"author":1,"featured_media":99237,"comment_status":"open","ping_status":"closed","sticky":false,"template":"","format":"standard","meta":{"amp_status":"","footnotes":""},"categories":[1236],"tags":[120767,120771,120770,120769,120768,210],"class_list":["post-99236","post","type-post","status-publish","format-standard","has-post-thumbnail","hentry","category-norte_de_minas","tag-ave-de-rapina-e-capturada-pelo-corpo-de-bombeiros-em-montes-claros","tag-captura-de-carcara-em-montes-claros","tag-captura-de-gaviao-em-montes-claros","tag-carcara-capturado-em-montes-claros","tag-gaviao-capturado-em-montes-claros","tag-montes-claros"],"_links":{"self":[{"href":"https:\/\/aconteceunovale.com.br\/portal\/index.php?rest_route=\/wp\/v2\/posts\/99236","targetHints":{"allow":["GET"]}}],"collection":[{"href":"https:\/\/aconteceunovale.com.br\/portal\/index.php?rest_route=\/wp\/v2\/posts"}],"about":[{"href":"https:\/\/aconteceunovale.com.br\/portal\/index.php?rest_route=\/wp\/v2\/types\/post"}],"author":[{"embeddable":true,"href":"https:\/\/aconteceunovale.com.br\/portal\/index.php?rest_route=\/wp\/v2\/users\/1"}],"replies":[{"embeddable":true,"href":"https:\/\/aconteceunovale.com.br\/portal\/index.php?rest_route=%2Fwp%2Fv2%2Fcomments&post=99236"}],"version-history":[{"count":0,"href":"https:\/\/aconteceunovale.com.br\/portal\/index.php?rest_route=\/wp\/v2\/posts\/99236\/revisions"}],"wp:featuredmedia":[{"embeddable":true,"href":"https:\/\/aconteceunovale.com.br\/portal\/index.php?rest_route=\/wp\/v2\/media\/99237"}],"wp:attachment":[{"href":"https:\/\/aconteceunovale.com.br\/portal\/index.php?rest_route=%2Fwp%2Fv2%2Fmedia&parent=99236"}],"wp:term":[{"taxonomy":"category","embeddable":true,"href":"https:\/\/aconteceunovale.com.br\/portal\/index.php?rest_route=%2Fwp%2Fv2%2Fcategories&post=99236"},{"taxonomy":"post_tag","embeddable":true,"href":"https:\/\/aconteceunovale.com.br\/portal\/index.php?rest_route=%2Fwp%2Fv2%2Ftags&post=99236"}],"curies":[{"name":"wp","href":"https:\/\/api.w.org\/{rel}","templated":true}]}}