{"id":99233,"date":"2016-10-15T13:36:19","date_gmt":"2016-10-15T16:36:19","guid":{"rendered":"http:\/\/aconteceunovale.com.br\/portal\/?p=99233"},"modified":"2016-10-15T13:36:19","modified_gmt":"2016-10-15T16:36:19","slug":"kombi-capota-na-estrada-do-pico-da-ibituruna-em-governador-valadares","status":"publish","type":"post","link":"https:\/\/aconteceunovale.com.br\/portal\/?p=99233","title":{"rendered":"Kombi capota na estrada do Pico da Ibituruna, em Governador Valadares"},"content":{"rendered":"<p>Quatro pessoas ficaram feridas em um acidente registrado no in\u00edcio da tarde deste s\u00e1bado, 15 de outubro de 2016, na estrada principal de acesso ao Pico da Ibituruna, em Governador Valadares (MG). De acordo com o Corpo de Bombeiros, o condutor do utilit\u00e1rio Volkswagen Kombi relatou que o ve\u00edculo apresentou problema no sistema de freios e ele n\u00e3o conseguiu fazer uma curva, vindo a cair em uma ribanceira.<\/p>\n<p>Conforme relato de uma testemunha, a Volkswagen Kombi capotou pelo menos tr\u00eas vezes. Com o impacto do acidente, uma mulher ficou com a perna presa \u00e0s ferragens e foi necess\u00e1rio o uso de um aparelho desencarcerador para retirada da v\u00edtima. <\/p>\n<p>Outras tr\u00eas pessoas foram socorridas com ferimentos leves e encaminhadas para o hospital do munic\u00edpio. O condutor n\u00e3o sofreu nenhum ferimento.<\/p>\n<p><iframe loading=\"lazy\" width=\"640\" height=\"360\" src=\"https:\/\/www.youtube.com\/embed\/Oc4-xFEkPFo\" frameborder=\"0\" allowfullscreen><\/iframe><\/p>\n","protected":false},"excerpt":{"rendered":"<p>Quatro pessoas ficaram feridas em um acidente registrado no in\u00edcio da tarde deste s\u00e1bado, 15 de outubro de 2016, na estrada principal de acesso ao Pico da Ibituruna, em Governador Valadares (MG). De acordo com o Corpo de Bombeiros, o condutor do utilit\u00e1rio Volkswagen Kombi relatou que o ve\u00edculo apresentou problema no sistema de freios [&hellip;]<\/p>\n","protected":false},"author":1,"featured_media":99234,"comment_status":"open","ping_status":"closed","sticky":false,"template":"","format":"standard","meta":{"amp_status":"","footnotes":""},"categories":[121],"tags":[120757,120756,120766,12667,20070,120758,120759,78718,79149,120764,120762,120763,247,120765,120760,120761,120755],"class_list":["post-99233","post","type-post","status-publish","format-standard","has-post-thumbnail","hentry","category-leste","tag-acidente-com-kombi","tag-acidente-com-kombi-em-governador-valadares","tag-acidente-com-parentes-do-sargento-jota-passos-do-santa-helena","tag-acidente-em-governador-valadares","tag-acidente-em-gv","tag-acidente-na-estrada-do-pico-da-ibituruna-em-governador-valadares","tag-acidente-na-ibituruna-em-governador-valadares","tag-acidente-no-pico-da-ibituruna","tag-acidente-no-pico-da-ibituruna-em-governador-valadares","tag-cidelia-dias-dos-passos","tag-fabiano-dias-dos-pasos","tag-fabio-dias-dos-passos","tag-governador-valadares","tag-guilherme-almeida","tag-kombi-capota-na-estrada-do-pico-da-ibituruna","tag-kombi-capota-na-estrada-do-pico-da-ibituruna-em-governador-valadares","tag-kombi-tomba-na-estrada-do-pico-da-ibituruna-em-governador-valadares"],"_links":{"self":[{"href":"https:\/\/aconteceunovale.com.br\/portal\/index.php?rest_route=\/wp\/v2\/posts\/99233","targetHints":{"allow":["GET"]}}],"collection":[{"href":"https:\/\/aconteceunovale.com.br\/portal\/index.php?rest_route=\/wp\/v2\/posts"}],"about":[{"href":"https:\/\/aconteceunovale.com.br\/portal\/index.php?rest_route=\/wp\/v2\/types\/post"}],"author":[{"embeddable":true,"href":"https:\/\/aconteceunovale.com.br\/portal\/index.php?rest_route=\/wp\/v2\/users\/1"}],"replies":[{"embeddable":true,"href":"https:\/\/aconteceunovale.com.br\/portal\/index.php?rest_route=%2Fwp%2Fv2%2Fcomments&post=99233"}],"version-history":[{"count":0,"href":"https:\/\/aconteceunovale.com.br\/portal\/index.php?rest_route=\/wp\/v2\/posts\/99233\/revisions"}],"wp:featuredmedia":[{"embeddable":true,"href":"https:\/\/aconteceunovale.com.br\/portal\/index.php?rest_route=\/wp\/v2\/media\/99234"}],"wp:attachment":[{"href":"https:\/\/aconteceunovale.com.br\/portal\/index.php?rest_route=%2Fwp%2Fv2%2Fmedia&parent=99233"}],"wp:term":[{"taxonomy":"category","embeddable":true,"href":"https:\/\/aconteceunovale.com.br\/portal\/index.php?rest_route=%2Fwp%2Fv2%2Fcategories&post=99233"},{"taxonomy":"post_tag","embeddable":true,"href":"https:\/\/aconteceunovale.com.br\/portal\/index.php?rest_route=%2Fwp%2Fv2%2Ftags&post=99233"}],"curies":[{"name":"wp","href":"https:\/\/api.w.org\/{rel}","templated":true}]}}