{"id":99226,"date":"2016-10-15T10:33:26","date_gmt":"2016-10-15T13:33:26","guid":{"rendered":"http:\/\/aconteceunovale.com.br\/portal\/?p=99226"},"modified":"2016-10-15T10:33:26","modified_gmt":"2016-10-15T13:33:26","slug":"presidio-mineiro-realiza-uniao-homoafetiva-entre-detentos","status":"publish","type":"post","link":"https:\/\/aconteceunovale.com.br\/portal\/?p=99226","title":{"rendered":"Pres\u00eddio mineiro realiza uni\u00e3o homoafetiva entre detentos"},"content":{"rendered":"<p>Em cerim\u00f4nia realizada nesta semana em um cart\u00f3rio da cidade, o Pres\u00eddio de Po\u00e7os de Caldas deu um exemplo de respeito aos direitos das pessoas privadas de liberdade. Na ocasi\u00e3o, foi registrada a escritura p\u00fablica de uni\u00e3o est\u00e1vel de Marcos Francisco Pedrilho, de 24 anos de idade, e de Vanessa Baroni, de 37 anos, que nasceram com sexo masculino. A dire\u00e7\u00e3o da unidade providenciou os tr\u00e2mites burocr\u00e1ticos para o registro e presenteou o par com um bolo de casamento.<\/p>\n<p>A diretora adjunta do pres\u00eddio, Monique Xavier, diz que a iniciativa foi gratificante, uma vez que, desde o in\u00edcio dos preparativos, houve uma vis\u00edvel melhora do ambiente entre os presos.  \u201cEu entendo isso como uma oportunidade de transforma\u00e7\u00e3o, o que j\u00e1 \u00e9 percept\u00edvel no comportamento deles. As perspectivas aqui s\u00e3o poucas e desfavor\u00e1veis, a\u00e7\u00f5es como essa fazem acreditar em outras possibilidades. Eu apoio esse casal e todos os outros, acredito em todas as formas amor\u201d, afirma a diretora.<\/p>\n<p>Parceiros do pres\u00eddio tamb\u00e9m contribu\u00edram para a cerim\u00f4nia de uni\u00e3o de Marcos e Vanessa, a exemplo da Pastoral Carcer\u00e1ria da Igreja Cat\u00f3lica, que doou o lanche para o par e convidados.<\/p>\n<p><strong>Envolvimento<\/strong><\/p>\n<p>Marcos e Vanessa se conheceram no pr\u00f3prio pres\u00eddio, em maio deste ano. Em poucos dias, o casal havia se decidido pela uni\u00e3o est\u00e1vel. Marcos n\u00e3o economiza palavras carinhosas quando fala da parceira. \u201cGosto do sorriso dela, do seu carisma, do senso de justi\u00e7a. O nosso amor aumenta cada dia mais\u201d, afirma. Ele conta que vivia triste e abatido, sem esperan\u00e7a, antes de conhecer a companheira.<\/p>\n<p>Vanessa faz quest\u00e3o de reconhecer o empenho dos servidores do pres\u00eddio para a concretiza\u00e7\u00e3o do sonho do casamento. \u201cAqui, eles nos ajudam muito. Houve apoio de todos, n\u00e3o s\u00f3 do pessoal de atendimento social, mas tamb\u00e9m da seguran\u00e7a\u201d, explica.<\/p>\n<p><img decoding=\"async\" src=\"http:\/\/aconteceunovale.com.br\/portal\/wp-content\/uploads\/2016\/10\/casamento_homo.jpg\" alt=\"\" \/><em>A cerim\u00f4nia foi realizada nesta semana em um cart\u00f3rio de Po\u00e7os de Caldas (Divulga\u00e7\u00e3o\/Seds)<\/em><br \/>\n<\/br><\/p>\n<p>(Ag\u00eancia Minas)<\/p>\n","protected":false},"excerpt":{"rendered":"<p>Em cerim\u00f4nia realizada nesta semana em um cart\u00f3rio da cidade, o Pres\u00eddio de Po\u00e7os de Caldas deu um exemplo de respeito aos direitos das pessoas privadas de liberdade. Na ocasi\u00e3o, foi registrada a escritura p\u00fablica de uni\u00e3o est\u00e1vel de Marcos Francisco Pedrilho, de 24 anos de idade, e de Vanessa Baroni, de 37 anos, que [&hellip;]<\/p>\n","protected":false},"author":1,"featured_media":99227,"comment_status":"open","ping_status":"closed","sticky":false,"template":"","format":"standard","meta":{"amp_status":"","footnotes":""},"categories":[123],"tags":[120739,120736,120737,120734,120738,120735,120740,120742,215,120733,120744,120743,120741],"class_list":["post-99226","post","type-post","status-publish","format-standard","has-post-thumbnail","hentry","category-gerais","tag-casamento-entre-dois-homens-em-pocos-de-caldas","tag-casamento-entre-dois-homens-no-presidio-de-pocos-de-caldas","tag-casamento-gay-em-pocos-de-caldas","tag-casamento-gay-no-presidio-de-pocos-de-caldas","tag-casamento-homoafetivo-em-pocos-de-caldas","tag-casamento-homoafetivo-no-presidio-de-pocos-de-caldas","tag-marcos-francisco-pedrilho","tag-monique-xavier","tag-pocos-de-caldas","tag-presidio-de-pocos-de-caldas","tag-presidio-de-pocos-de-caldas-realiza-uniao-homoafetiva-entre-detentos","tag-presidio-mineiro-realiza-uniao-homoafetiva-entre-detentos","tag-vanessa-baroni"],"_links":{"self":[{"href":"https:\/\/aconteceunovale.com.br\/portal\/index.php?rest_route=\/wp\/v2\/posts\/99226","targetHints":{"allow":["GET"]}}],"collection":[{"href":"https:\/\/aconteceunovale.com.br\/portal\/index.php?rest_route=\/wp\/v2\/posts"}],"about":[{"href":"https:\/\/aconteceunovale.com.br\/portal\/index.php?rest_route=\/wp\/v2\/types\/post"}],"author":[{"embeddable":true,"href":"https:\/\/aconteceunovale.com.br\/portal\/index.php?rest_route=\/wp\/v2\/users\/1"}],"replies":[{"embeddable":true,"href":"https:\/\/aconteceunovale.com.br\/portal\/index.php?rest_route=%2Fwp%2Fv2%2Fcomments&post=99226"}],"version-history":[{"count":0,"href":"https:\/\/aconteceunovale.com.br\/portal\/index.php?rest_route=\/wp\/v2\/posts\/99226\/revisions"}],"wp:featuredmedia":[{"embeddable":true,"href":"https:\/\/aconteceunovale.com.br\/portal\/index.php?rest_route=\/wp\/v2\/media\/99227"}],"wp:attachment":[{"href":"https:\/\/aconteceunovale.com.br\/portal\/index.php?rest_route=%2Fwp%2Fv2%2Fmedia&parent=99226"}],"wp:term":[{"taxonomy":"category","embeddable":true,"href":"https:\/\/aconteceunovale.com.br\/portal\/index.php?rest_route=%2Fwp%2Fv2%2Fcategories&post=99226"},{"taxonomy":"post_tag","embeddable":true,"href":"https:\/\/aconteceunovale.com.br\/portal\/index.php?rest_route=%2Fwp%2Fv2%2Ftags&post=99226"}],"curies":[{"name":"wp","href":"https:\/\/api.w.org\/{rel}","templated":true}]}}