{"id":99218,"date":"2016-10-14T21:23:19","date_gmt":"2016-10-15T00:23:19","guid":{"rendered":"http:\/\/aconteceunovale.com.br\/portal\/?p=99218"},"modified":"2016-10-14T21:23:19","modified_gmt":"2016-10-15T00:23:19","slug":"publicado-resultado-definitivo-do-concurso-para-medicos-do-hospital-universitario-clemente-de-faria","status":"publish","type":"post","link":"https:\/\/aconteceunovale.com.br\/portal\/?p=99218","title":{"rendered":"Publicado resultado definitivo do concurso para m\u00e9dicos do Hospital Universit\u00e1rio Clemente de Faria"},"content":{"rendered":"<p>Foi divulgado nesta sexta-feira (14\/10\/2016) o resultado definitivo do Concurso P\u00fablico para M\u00e9dicos do Hospital Universit\u00e1rio Clemente de Faria (HUCF), da Universidade Estadual de Montes Claros (Unimontes). O \u00fanico Hospital de Ensino 100% SUS da regi\u00e3o ir\u00e1 alocar a maior parte do novo quadro de profissionais para as unidades de Urg\u00eancia e Emerg\u00eancia.<\/p>\n<p>Foram preenchidas 100 vagas em quase 30 especialidades do HU. Com o concurso p\u00fablico dos novos m\u00e9dicos ser\u00e1 poss\u00edvel realizar a recomposi\u00e7\u00e3o de equipes e, ao mesmo tempo, a organiza\u00e7\u00e3o assistencial e cl\u00ednica do HUCF. Os novos profissionais ir\u00e3o substituir os m\u00e9dicos at\u00e9 ent\u00e3o contratados.<\/p>\n<p>\u201c\u00c9 um marco hist\u00f3rico para a nossa Unimontes a realiza\u00e7\u00e3o deste concurso p\u00fablico. O Governo de Minas Gerais, por meio da Secretaria de Estado de Planejamento e Gest\u00e3o (Seplag), acolheu nossa reivindica\u00e7\u00e3o e assim foi poss\u00edvel contratar mais 100 m\u00e9dicos para o Hospital Universit\u00e1rio. Uma conquista para toda a comunidade acad\u00eamica, sociedade e a regi\u00e3o Norte de Minas\u201d, destacou o reitor da Unimontes, professor Jo\u00e3o dos Reis Canela.<\/p>\n<p>O HUCF realiza por ano, em m\u00e9dia, 450 mil procedimentos e com a contrata\u00e7\u00e3o imediata dos novos m\u00e9dicos a popula\u00e7\u00e3o assistida ser\u00e1 ampliada. Os profissionais aprovados no concurso s\u00e3o das \u00e1reas de Anestesiologia, Broncoscopista, Cirurgia de Cabe\u00e7a e Pesco\u00e7o, Cirurgia Cardiovascular, Cirurgia Geral, Cirurgia Pedi\u00e1trica, Cirurgi\u00e3o Pl\u00e1stico, Cirurgi\u00e3o Tor\u00e1cico, Cl\u00ednica M\u00e9dica, Cl\u00ednico Geral, Dermatologista, Ecografista, Endocrinologista, Endoscopista, Geriatra, Ginecologista, Hematologista, Infectologista, Intensivista Cl\u00ednico, Neurocirurgi\u00e3o, Oftalmologista, Ortopedista, Otorrinolaringologista, Patologista, Pediatra, Psiquatria, Radiologista, Ultrassonografista e Urologista.<\/p>\n<p>A maior contrata\u00e7\u00e3o \u00e9 para a \u00e1rea de Pediatra, com a aprova\u00e7\u00e3o de 20 profissionais que ser\u00e3o alocados para as \u00e1reas de UTI Neonatal, Pronto-Socorro, Sala de Parto, Maternidade e Bloco Obst\u00e9trico.<\/p>\n<p>Os 15 anestesiologistas ser\u00e3o distribu\u00eddos nos blocos Obst\u00e9trico e Cir\u00fargico. Foram aprovados, tamb\u00e9m, 14 ginecologistas que ir\u00e3o trabalhar na Maternidade e Bloco Obst\u00e9trico. Dez ortopedistas e dez Cirurgi\u00f5es (Geral) ir\u00e3o compor o quadro no Pronto-Socorro.<\/p>\n<p>Para a Cl\u00ednica Geral foram aprovados 11 (onze) m\u00e9dicos para o Pronto-Socorro e UTI Adulto. Al\u00e9m disso, quatro intensivistas cl\u00ednicos ir\u00e3o para a UTI Adulto e outros 4 (quatro) entre cirurgi\u00e3o pedi\u00e1trico, cirurgi\u00e3o pl\u00e1stico e cirurgi\u00e3o tor\u00e1cico tamb\u00e9m ser\u00e3o contratados.<\/p>\n<p>As 100 vagas atendem duas cargas hor\u00e1rias (12 horas e 24 horas semanais). \u201cCom a realiza\u00e7\u00e3o do concurso temos a oportunidade de suprir uma defici\u00eancia antiga no Hospital Universit\u00e1rio, especialmente, no setor de urg\u00eancia e emerg\u00eancia. \u00c9 motivo de grande comemora\u00e7\u00e3o. O HUCF agora consegue ter um corpo cl\u00ednico efetivo, que ter\u00e1 plano de carreira, cargos e sal\u00e1rios. Teremos uma equipe mais ampla para a assist\u00eancia a toda demanda da regi\u00e3o, o que gera uma seguran\u00e7a institucional&#8221;, afirma Jos\u00e9 Ot\u00e1vio Braga Lima, Superintendente do HUCF.<\/p>\n<p>A professora m\u00e9dica infectologista, Cl\u00e1udia Biscotto aprovada no concurso, entra no quadro efetivo da assist\u00eancia do HUCF. Para ela, \u00e9 um grande avan\u00e7o, tanto para os profissionais quanto para a institui\u00e7\u00e3o. &#8220;N\u00e3o h\u00e1 d\u00favidas de que o servi\u00e7o prestado ser\u00e1 melhor. Para a assist\u00eancia, h\u00e1 previs\u00e3o de melhorias visto que as escalas ser\u00e3o fixas. Isso para a emerg\u00eancia e para as especialidades. Para o profissional, \u00e9 a garantia de seguran\u00e7a, pois o contrato com a cooperativa \u00e9 inst\u00e1vel e a efetiva\u00e7\u00e3o implica num maior compromisso\u201d, disse.<\/p>\n<p><strong>Refer\u00eancia<\/strong><\/p>\n<p>O Hospital Universit\u00e1rio Clemente de Faria \u00e9 credenciado como Hospital de ensino pelos Minist\u00e9rios da Sa\u00fade e Educa\u00e7\u00e3o. As principais refer\u00eancias do HUCF s\u00e3o em atendimentos \u00e0s gestantes de alto risco, v\u00edtimas de mordeduras de c\u00e3es e gatos, acidentes causados por animais pe\u00e7onhentos, v\u00edtimas de viol\u00eancia sexual e intra-familiar, pacientes com transtorno mental, ambulatorial em pr\u00e9-natal de alto risco, cl\u00ednica m\u00e9dica e ginecologia\/obstetr\u00edcia, portadores de Doen\u00e7as Sexualmente Transmiss\u00edveis, doen\u00e7as infecto-contagiosas, comunidade ind\u00edgena e pediatria.<\/p>\n<p>A institui\u00e7\u00e3o de sa\u00fade disponibiliza uma capacidade instalada e ocupacional de 171 leitos hospitalares com estrutura completa para atendimentos de emerg\u00eancia, maternidade e interna\u00e7\u00e3o em diversas \u00e1reas cl\u00ednicas e cir\u00fargicas e unidades de tratamento intensivo e semi-intensivo adulto, neonatal e pedi\u00e1trica.<\/p>\n<p>Tamb\u00e9m disp\u00f5e de pronto-socorro 24 horas, UTI Adulto (sete leitos) e UTI Neonatal e Pedi\u00e1trica, com 20 leitos (10 para tratamento intensivo e 10 para tratamento intermedi\u00e1rio), al\u00e9m de 10 leitos de interna\u00e7\u00e3o hospitalar (HU em Casa).<\/p>\n<p><img decoding=\"async\" src=\"http:\/\/aconteceunovale.com.br\/portal\/wp-content\/uploads\/2016\/10\/HUCF1.jpg\" alt=\"\" \/><em>Hospital Universit\u00e1rio Clemente de Faria disponibiliza uma capacidade instalada e ocupacional de 171 leitos hospitalares com estrutura completa (Foto: Cote Alvarenga\/Divulga\u00e7\u00e3o)<\/em><br \/>\n<\/br><\/p>\n<p>(Ag\u00eancia Minas)<\/p>\n","protected":false},"excerpt":{"rendered":"<p>Foi divulgado nesta sexta-feira (14\/10\/2016) o resultado definitivo do Concurso P\u00fablico para M\u00e9dicos do Hospital Universit\u00e1rio Clemente de Faria (HUCF), da Universidade Estadual de Montes Claros (Unimontes). O \u00fanico Hospital de Ensino 100% SUS da regi\u00e3o ir\u00e1 alocar a maior parte do novo quadro de profissionais para as unidades de Urg\u00eancia e Emerg\u00eancia. Foram preenchidas [&hellip;]<\/p>\n","protected":false},"author":1,"featured_media":99219,"comment_status":"open","ping_status":"closed","sticky":false,"template":"","format":"standard","meta":{"amp_status":"","footnotes":""},"categories":[1236,40242],"tags":[120704,120706,1018,3246,42698,120709,120708,120710,120711,120705,120707,763,18174],"class_list":["post-99218","post","type-post","status-publish","format-standard","has-post-thumbnail","hentry","category-norte_de_minas","category-saude-2","tag-concurso-publico-para-medicos-do-hospital-universitario-clemente-de-faria","tag-concurso-publico-para-medicos-do-hucf","tag-destaque","tag-hospital-universitario-clemente-de-faria","tag-hucf","tag-medicos-contratados-para-o-hucf","tag-novos-medicos-para-o-hucf","tag-publicado-resultado-definitivo-do-concurso-para-medicos-do-hospital-universitario","tag-publicado-resultado-definitivo-do-concurso-para-medicos-do-hospital-universitario-clemente-de-faria","tag-resultado-do-concurso-publico-para-medicos-do-hospital-universitario-clemente-de-faria","tag-resultado-do-concurso-publico-para-medicos-do-hucf","tag-unimontes","tag-universidade-estadual-de-montes-claros"],"_links":{"self":[{"href":"https:\/\/aconteceunovale.com.br\/portal\/index.php?rest_route=\/wp\/v2\/posts\/99218","targetHints":{"allow":["GET"]}}],"collection":[{"href":"https:\/\/aconteceunovale.com.br\/portal\/index.php?rest_route=\/wp\/v2\/posts"}],"about":[{"href":"https:\/\/aconteceunovale.com.br\/portal\/index.php?rest_route=\/wp\/v2\/types\/post"}],"author":[{"embeddable":true,"href":"https:\/\/aconteceunovale.com.br\/portal\/index.php?rest_route=\/wp\/v2\/users\/1"}],"replies":[{"embeddable":true,"href":"https:\/\/aconteceunovale.com.br\/portal\/index.php?rest_route=%2Fwp%2Fv2%2Fcomments&post=99218"}],"version-history":[{"count":0,"href":"https:\/\/aconteceunovale.com.br\/portal\/index.php?rest_route=\/wp\/v2\/posts\/99218\/revisions"}],"wp:featuredmedia":[{"embeddable":true,"href":"https:\/\/aconteceunovale.com.br\/portal\/index.php?rest_route=\/wp\/v2\/media\/99219"}],"wp:attachment":[{"href":"https:\/\/aconteceunovale.com.br\/portal\/index.php?rest_route=%2Fwp%2Fv2%2Fmedia&parent=99218"}],"wp:term":[{"taxonomy":"category","embeddable":true,"href":"https:\/\/aconteceunovale.com.br\/portal\/index.php?rest_route=%2Fwp%2Fv2%2Fcategories&post=99218"},{"taxonomy":"post_tag","embeddable":true,"href":"https:\/\/aconteceunovale.com.br\/portal\/index.php?rest_route=%2Fwp%2Fv2%2Ftags&post=99218"}],"curies":[{"name":"wp","href":"https:\/\/api.w.org\/{rel}","templated":true}]}}