{"id":99215,"date":"2016-10-14T20:42:03","date_gmt":"2016-10-14T23:42:03","guid":{"rendered":"http:\/\/aconteceunovale.com.br\/portal\/?p=99215"},"modified":"2016-10-14T20:42:03","modified_gmt":"2016-10-14T23:42:03","slug":"acidente-deixa-mulher-gravemente-ferida-em-governador-valadares","status":"publish","type":"post","link":"https:\/\/aconteceunovale.com.br\/portal\/?p=99215","title":{"rendered":"Acidente deixa mulher gravemente ferida em Governador Valadares"},"content":{"rendered":"<p>Uma mulher de 47 anos ficou gravemente ferida em um acidente, na manh\u00e3 desta sexta-feira (14), em Governador Valadares, na regi\u00e3o do Vale do Rio Doce. Segundo a Pol\u00edcia Militar (PM), ela perdeu o controle direcional do ve\u00edculo e colidiu contra uma \u00e1rvore. A ocorr\u00eancia foi registrada no Bairro Esperan\u00e7a.<\/p>\n<p>A PM informou que a v\u00edtima estava sem o cinto de seguran\u00e7a, quando descia uma rua e acabou atingindo uma \u00e1rvore do canteiro central. O carro capotou duas vezes e teve o para-brisa destru\u00eddo e o teto amassado.<\/p>\n<p>A condutora foi socorrida pelo Servi\u00e7o de Atendimento M\u00f3vel de Urg\u00eancia (SAMU) e encaminhada ao Hospital Municipal. O ve\u00edculo foi removido por um guincho e levado para um p\u00e1tio credenciado.<\/p>\n<p><img decoding=\"async\" src=\"http:\/\/aconteceunovale.com.br\/portal\/wp-content\/uploads\/2016\/10\/acidente_gv.gif\" alt=\"\" \/><em>Carro capotou duas vezes e motorista ficou ferida (Foto: Divulga\u00e7\u00e3o\/Corpo de Bombeiros)<\/em><br \/>\n<\/br><\/p>\n<p><em>(Com informa\u00e7\u00f5es do G1 dos Vales)<\/em><\/p>\n","protected":false},"excerpt":{"rendered":"<p>Uma mulher de 47 anos ficou gravemente ferida em um acidente, na manh\u00e3 desta sexta-feira (14), em Governador Valadares, na regi\u00e3o do Vale do Rio Doce. Segundo a Pol\u00edcia Militar (PM), ela perdeu o controle direcional do ve\u00edculo e colidiu contra uma \u00e1rvore. A ocorr\u00eancia foi registrada no Bairro Esperan\u00e7a. A PM informou que a [&hellip;]<\/p>\n","protected":false},"author":1,"featured_media":99216,"comment_status":"open","ping_status":"closed","sticky":false,"template":"","format":"standard","meta":{"amp_status":"","footnotes":""},"categories":[121],"tags":[120703,120702,120699,12667,80392,120700,247,120701],"class_list":["post-99215","post","type-post","status-publish","format-standard","has-post-thumbnail","hentry","category-leste","tag-acidente-bairro-esperanca-em-governador-valadares","tag-acidente-com-gol-em-governador-valadares","tag-acidente-deixa-mulher-gravemente-ferida-em-governador-valadares","tag-acidente-em-governador-valadares","tag-acidente-governador-valadares","tag-acidente-maria-do-socorro-em-governador-valadares","tag-governador-valadares","tag-maria-do-socorro-vitima-de-acidente-em-governador-valadares"],"_links":{"self":[{"href":"https:\/\/aconteceunovale.com.br\/portal\/index.php?rest_route=\/wp\/v2\/posts\/99215","targetHints":{"allow":["GET"]}}],"collection":[{"href":"https:\/\/aconteceunovale.com.br\/portal\/index.php?rest_route=\/wp\/v2\/posts"}],"about":[{"href":"https:\/\/aconteceunovale.com.br\/portal\/index.php?rest_route=\/wp\/v2\/types\/post"}],"author":[{"embeddable":true,"href":"https:\/\/aconteceunovale.com.br\/portal\/index.php?rest_route=\/wp\/v2\/users\/1"}],"replies":[{"embeddable":true,"href":"https:\/\/aconteceunovale.com.br\/portal\/index.php?rest_route=%2Fwp%2Fv2%2Fcomments&post=99215"}],"version-history":[{"count":0,"href":"https:\/\/aconteceunovale.com.br\/portal\/index.php?rest_route=\/wp\/v2\/posts\/99215\/revisions"}],"wp:featuredmedia":[{"embeddable":true,"href":"https:\/\/aconteceunovale.com.br\/portal\/index.php?rest_route=\/wp\/v2\/media\/99216"}],"wp:attachment":[{"href":"https:\/\/aconteceunovale.com.br\/portal\/index.php?rest_route=%2Fwp%2Fv2%2Fmedia&parent=99215"}],"wp:term":[{"taxonomy":"category","embeddable":true,"href":"https:\/\/aconteceunovale.com.br\/portal\/index.php?rest_route=%2Fwp%2Fv2%2Fcategories&post=99215"},{"taxonomy":"post_tag","embeddable":true,"href":"https:\/\/aconteceunovale.com.br\/portal\/index.php?rest_route=%2Fwp%2Fv2%2Ftags&post=99215"}],"curies":[{"name":"wp","href":"https:\/\/api.w.org\/{rel}","templated":true}]}}