{"id":99212,"date":"2016-10-14T20:07:52","date_gmt":"2016-10-14T23:07:52","guid":{"rendered":"http:\/\/aconteceunovale.com.br\/portal\/?p=99212"},"modified":"2016-10-14T20:07:52","modified_gmt":"2016-10-14T23:07:52","slug":"passagem-de-onibus-intermunicipal-fica-mais-barata-em-minas-gerais","status":"publish","type":"post","link":"https:\/\/aconteceunovale.com.br\/portal\/?p=99212","title":{"rendered":"Passagem de \u00f4nibus intermunicipal fica mais barata em Minas Gerais"},"content":{"rendered":"<p>O pre\u00e7o das passagens dos \u00f4nibus intermunicipais em Minas Gerais ficar\u00e1 mais barato a partir do pr\u00f3ximo domingo (16\/10). Com a extin\u00e7\u00e3o da Taxa de Gerenciamento Operacional (TGO) do transporte coletivo rodovi\u00e1rio intermunicipal, prevista na Lei n\u00ba 22.288\/2016, que entrou em vigor em 15 de outubro de 2016, as atuais passagens ter\u00e3o uma redu\u00e7\u00e3o de cerca de 5%.<\/p>\n<p>A resolu\u00e7\u00e3o que atualiza a base tarif\u00e1ria j\u00e1 foi assinada pela Secretaria de Estado de Transportes e Obras P\u00fablicas (Setop) e ser\u00e1 publicada no Minas Gerais deste s\u00e1bado (15\/10)<\/p>\n<p>O Sistema Intermunicipal de Transporte de Passageiros conta com uma frota 5,5 mil ve\u00edculos que atende a uma m\u00e9dia mensal de 5,36 milh\u00f5es de pessoas. Por exemplo, com a redu\u00e7\u00e3o no valor das tarifas, a Linha Sete Lagoas a Prudente de Morais e a linha Cambu\u00ed a C\u00f3rrego de Bom Jesus ter\u00e3o o pre\u00e7o ajustado de R$ 2,80 para R$ 2,65; j\u00e1 na linha Uberl\u00e2ndia a Juiz de Fora, que possui o maior valor de tarifa do sistema, a redu\u00e7\u00e3o ser\u00e1 de R$ 12,55, passando de R$ 263,50 para R$ 250,95.<\/p>\n<p>As taxas de embarque e percentuais referentes aos ped\u00e1gios permanecem inalterados e n\u00e3o s\u00e3o definidos pela Setop.<\/p>\n<p>Nas linhas metropolitanas, este custo tarif\u00e1rio, denominado CGO, j\u00e1 havia sido suspenso por determina\u00e7\u00e3o do governo mineiro em 2013, em resposta \u00e0s manifesta\u00e7\u00f5es populares ocorridas em todo o pa\u00eds, com grande ades\u00e3o dos usu\u00e1rios do sistema de transporte metropolitano de Belo Horizonte.<\/p>\n<p>Veja outros exemplos: <\/p>\n<p><img decoding=\"async\" src=\"http:\/\/aconteceunovale.com.br\/portal\/wp-content\/uploads\/2016\/10\/tabela_bus.jpg\" alt=\"\" \/><br \/>\n<\/br><\/p>\n<p>(Ag\u00eancia Minas)<\/p>\n","protected":false},"excerpt":{"rendered":"<p>O pre\u00e7o das passagens dos \u00f4nibus intermunicipais em Minas Gerais ficar\u00e1 mais barato a partir do pr\u00f3ximo domingo (16\/10). Com a extin\u00e7\u00e3o da Taxa de Gerenciamento Operacional (TGO) do transporte coletivo rodovi\u00e1rio intermunicipal, prevista na Lei n\u00ba 22.288\/2016, que entrou em vigor em 15 de outubro de 2016, as atuais passagens ter\u00e3o uma redu\u00e7\u00e3o de [&hellip;]<\/p>\n","protected":false},"author":1,"featured_media":99213,"comment_status":"open","ping_status":"closed","sticky":false,"template":"","format":"standard","meta":{"amp_status":"","footnotes":""},"categories":[123],"tags":[194,1524,120691,120693,201,206,120695,120694,210,120698,120697,120689,120688,120687,120696,8240,1532,120690,120692,221],"class_list":["post-99212","post","type-post","status-publish","format-standard","has-post-thumbnail","hentry","category-gerais","tag-belo-horizonte","tag-coronel-fabriciano","tag-extincao-da-taxa-de-gerenciamento-operacional","tag-extincao-da-tgo","tag-ipatinga","tag-juiz-de-fora","tag-lei-22-288","tag-lei-no-22-288","tag-montes-claros","tag-passagem-de-onibus-intermunicipal-fica-mais-barata-em-minas-gerais","tag-preco-das-passagens-dos-onibus-intermunicipais","tag-preco-das-passagens-dos-onibus-intermunicipais-em-minas-gerais","tag-preco-das-passagens-dos-onibus-intermunicipais-em-minas-gerais-ficara-mais-barato","tag-preco-das-passagens-dos-onibus-intermunicipais-em-minas-gerais-ficara-mais-barato-a-partir-do-proximo-domingo","tag-preco-das-passagens-dos-onibus-intermunicipais-fica-mais-barato-em-minas-gerais","tag-prudente-de-morais","tag-sete-lagoas","tag-taxa-de-gerenciamento-operacional","tag-tgo","tag-uberlandia"],"_links":{"self":[{"href":"https:\/\/aconteceunovale.com.br\/portal\/index.php?rest_route=\/wp\/v2\/posts\/99212","targetHints":{"allow":["GET"]}}],"collection":[{"href":"https:\/\/aconteceunovale.com.br\/portal\/index.php?rest_route=\/wp\/v2\/posts"}],"about":[{"href":"https:\/\/aconteceunovale.com.br\/portal\/index.php?rest_route=\/wp\/v2\/types\/post"}],"author":[{"embeddable":true,"href":"https:\/\/aconteceunovale.com.br\/portal\/index.php?rest_route=\/wp\/v2\/users\/1"}],"replies":[{"embeddable":true,"href":"https:\/\/aconteceunovale.com.br\/portal\/index.php?rest_route=%2Fwp%2Fv2%2Fcomments&post=99212"}],"version-history":[{"count":0,"href":"https:\/\/aconteceunovale.com.br\/portal\/index.php?rest_route=\/wp\/v2\/posts\/99212\/revisions"}],"wp:featuredmedia":[{"embeddable":true,"href":"https:\/\/aconteceunovale.com.br\/portal\/index.php?rest_route=\/wp\/v2\/media\/99213"}],"wp:attachment":[{"href":"https:\/\/aconteceunovale.com.br\/portal\/index.php?rest_route=%2Fwp%2Fv2%2Fmedia&parent=99212"}],"wp:term":[{"taxonomy":"category","embeddable":true,"href":"https:\/\/aconteceunovale.com.br\/portal\/index.php?rest_route=%2Fwp%2Fv2%2Fcategories&post=99212"},{"taxonomy":"post_tag","embeddable":true,"href":"https:\/\/aconteceunovale.com.br\/portal\/index.php?rest_route=%2Fwp%2Fv2%2Ftags&post=99212"}],"curies":[{"name":"wp","href":"https:\/\/api.w.org\/{rel}","templated":true}]}}