{"id":99207,"date":"2016-10-14T19:18:02","date_gmt":"2016-10-14T22:18:02","guid":{"rendered":"http:\/\/aconteceunovale.com.br\/portal\/?p=99207"},"modified":"2016-10-14T19:18:03","modified_gmt":"2016-10-14T22:18:03","slug":"desenhos-de-crianca-denunciam-pastor-estuprador-em-montes-claros","status":"publish","type":"post","link":"https:\/\/aconteceunovale.com.br\/portal\/?p=99207","title":{"rendered":"Desenhos de crian\u00e7a denunciam pastor estuprador em Montes Claros"},"content":{"rendered":"<p>V\u00e1rios desenhos feitos por uma menina de 5 anos ajudaram os pais a identificar que a filha havia sofrido viol\u00eancia sexual. As figuras foram encontradas nos pertences da crian\u00e7a, que mora em Montes Claros (MG). Segundo a Pol\u00edcia Civil, os abusos foram cometidos dentro de uma igreja pelo pastor secund\u00e1rio, que dava aulas de ingl\u00eas para a garota. Jo\u00e3o da Silva, de 54 anos, foi preso e apresentado em uma coletiva de imprensa nesta sexta-feira (14).<\/p>\n<p>\u201cAssim que os pais tomaram conhecimento dos fatos atrav\u00e9s da crian\u00e7a, eles procuraram por uma psic\u00f3loga particular. Ela orientou que eles procurassem nas coisas dela se havia algum ind\u00edcio ou vest\u00edgio. A menina gostava muito de desenhar, e os pais encontraram v\u00e1rios desenhos que ilustravam o abuso sexual\u201d, disse a delegada Karine Maia.<\/p>\n<p>Segundo o advogado, o cliente disse ser inocente, e, baseado nisso, aguardar\u00e1 a conclus\u00e3o do inqu\u00e9rito para trabalhar a linha de defesa.<\/p>\n<p>A delegada tamb\u00e9m diz que na maioria das imagens h\u00e1 duas pessoas, uma rindo e a outra chorando. Em um dos desenhos h\u00e1 uma pessoa com o p\u00eanis ereto, imagem comumente feita por crian\u00e7as que sofrem abusos.<\/p>\n<p><img decoding=\"async\" src=\"http:\/\/aconteceunovale.com.br\/portal\/wp-content\/uploads\/2016\/10\/estupros_desenhos_1.jpeg\" alt=\"\" \/><em>Um dos desenhos que os pais encontraram nos pertencentes da menina (Foto: Michelly Oda\/G1)<\/em><br \/>\n<\/br><\/p>\n<p><strong>Investiga\u00e7\u00e3o<\/strong><\/p>\n<p>De acordo com as investiga\u00e7\u00f5es, a crian\u00e7a come\u00e7ou a fazer as aulas em julho de 2015 e parou. Os pais insistiam para que ela voltasse, mas a menina afirmou que n\u00e3o queria retornar porque \u201co tio Jo\u00e3o fazia bobagens com ela\u201d.<\/p>\n<p>Ainda segundo a pol\u00edcia, o casal procurou por uma psic\u00f3loga e pelo pastor respons\u00e1vel pela igreja, que conversou com Jo\u00e3o da Silva e obteve a confiss\u00e3o dele. O homem, que tem forma\u00e7\u00e3o em Letras, foi expulso e perdeu a fun\u00e7\u00e3o de pastor secund\u00e1rio.<\/p>\n<p>\u201cEla contou detalhes, dizendo que ele tirava a roupa dela e a colocava dentro de um ber\u00e7o, j\u00e1 que a sala era um ber\u00e7\u00e1rio, e tirava a roupa dela, tocava nas partes \u00edntimas dela e fazia sexo oral\u201d, afirma a delegada. A crian\u00e7a contou ainda que Jo\u00e3o da Silva trancava a porta da sala.<\/p>\n<p>Antes da pris\u00e3o ser expedida, o advogado de Jo\u00e3o da Silva chegou a ir na delegacia. A Policia Civil foi informada de que ele morava com uma irm\u00e3, mas os policiais estiveram no local por v\u00e1rias vezes e n\u00e3o o encontraram.<\/p>\n<p>A mulher fez uma declara\u00e7\u00e3o de pr\u00f3prio punho de que o homem nunca havia residido no local. Esse tamb\u00e9m foi um dos motivos que levaram a pol\u00edcia a pedir a pris\u00e3o tempor\u00e1ria dele. O investigado foi encontrado no im\u00f3vel onde outra irm\u00e3 dele mora.<\/p>\n<p>\u201cPara o pai da crian\u00e7a e para o pastor principal, ele confessou o crime e mostrou arrependimento, mas na delegacia, provavelmente orientado pelo advogado, mudou a vers\u00e3o e disse que n\u00e3o fez nada e que confessou porque estava pressionado. Para a Pol\u00edcia Civil, ele n\u00e3o confessou e n\u00e3o demonstrou arrependimento\u201d, disse a delegada Karine Maia.<\/p>\n<p><img decoding=\"async\" src=\"http:\/\/aconteceunovale.com.br\/portal\/wp-content\/uploads\/2016\/10\/estupros_desenhos_2.jpeg\" alt=\"\" \/><em>Outro desenho feito pela menina de cinco anos que sofreu abuso (Foto: Michelly Oda\/G1)<\/em><br \/>\n<\/br><\/p>\n<p><strong>Sinais de algo errado<\/strong><\/p>\n<p>Ainda segundo as investiga\u00e7\u00f5es, para tentar intimidar a menina, Jo\u00e3o afirmava que sabia onde ela morava e estudava. Ap\u00f3s acompanhamento psicol\u00f3gico, os pais perceberam que ela apresentava alguns sinais de que algo errado estava acontecendo.<\/p>\n<p>\u201cDepois que o caso veio \u00e0 tona, a crian\u00e7a passou a ficar muito doente. Ap\u00f3s os pais tomarem conhecimento, observaram que ela estava arredia, principalmente com a figura masculina, estava tendo dificuldades, inclusive, de ficar sozinha com o pr\u00f3prio pai em casa. \u00c9 importante que os pais monitorem, prestem aten\u00e7\u00e3o nos sinais que as crian\u00e7as d\u00e3o\u201d, diz a delegada.<\/p>\n<p>Karine Maia afirma que a Delegacia de Mulheres conta com uma estrutura especializada para atender casos de abuso sexual. No caso de crian\u00e7as, elas s\u00e3o primeiramente atendidas por uma psic\u00f3loga em um espa\u00e7o l\u00fadico.<\/p>\n<p>\u201cO pai da crian\u00e7a procurou a delegacia denunciando e isso realmente \u00e9 louv\u00e1vel, porque apenas 10% das v\u00edtimas de viol\u00eancia sexual denunciam. A den\u00fancia \u00e9 uma forma de evitar que o abusador continue cometendo crimes\u201d, destaca.<\/p>\n<p>Como a menina ainda est\u00e1 muito fragilizada, n\u00e3o foi poss\u00edvel que ela fosse entrevistada pela psic\u00f3loga da Pol\u00edcia Civil. Por isso tamb\u00e9m, a delegada diz que n\u00e3o sabe se ir\u00e1 pedir o exame de corpo de delito neste caso.<\/p>\n<p>\u201cO abuso sexual nem sempre deixa vest\u00edgios f\u00edsicos, por isso existe a psic\u00f3loga na delegacia, para fazer a an\u00e1lise psicol\u00f3gica dessa crian\u00e7a. Muitas vezes o abusador, sabendo que se houver penetra\u00e7\u00e3o vai deixar um vest\u00edgio evidente, ele pratica outros atos libidinosos. \u00c9 importante denunciar, porque temos outras formas de provar\u201d, ressalta Karine Maia.<\/p>\n<p>O advogado do suspeito, Pedro Barnab\u00e9 Carlos, diz que n\u00e3o concorda com a pris\u00e3o do cliente, pois n\u00e3o existem elementos que comprovem o crime. \u201cN\u00e3o concordo porque ele esteve sempre na cidade, conforme foi reivindicado pela pr\u00f3pria delegada. Ela solicitou que se ele fosse sair da cidade, avisasse, mas n\u00e3o foi impedido de transitar\u201d, explica.<\/p>\n<p><strong>Desdobramentos da investiga\u00e7\u00e3o<\/strong><\/p>\n<p>A partir da decreta\u00e7\u00e3o da pris\u00e3o tempor\u00e1ria de Jo\u00e3o da Silva, a Pol\u00edcia Civil ir\u00e1 ouvir outras pessoas e investigar se mais crian\u00e7as foram v\u00edtimas. A pol\u00edcia quer ainda levantar outras informa\u00e7\u00f5es sobre o homem, que morava em Aracaju (SE), \u00e9 separado e tem dois filhos. Ele j\u00e1 atuava como pastor e est\u00e1 em Montes Claros h\u00e1 seis anos.<\/p>\n<p>Quem quiser denunciar pode procurar pela Delegacia de Mulheres na Rua Pires e Albuquerque, 356, no Centro, ou ligar no 181 ou 190.<\/p>\n<p><img decoding=\"async\" src=\"http:\/\/aconteceunovale.com.br\/portal\/wp-content\/uploads\/2016\/10\/estupros_desenhos_3.jpeg\" alt=\"\" \/><em>Jo\u00e3o da Silva era pastor na igreja onde os abusos ocorreram (Foto: Michelly Oda\/G1)<\/em><br \/>\n<\/br><\/p>\n<p><em>(Fonte: G1 Grande Minas\/Michelly Oda)<\/em><\/p>\n","protected":false},"excerpt":{"rendered":"<p>V\u00e1rios desenhos feitos por uma menina de 5 anos ajudaram os pais a identificar que a filha havia sofrido viol\u00eancia sexual. As figuras foram encontradas nos pertences da crian\u00e7a, que mora em Montes Claros (MG). Segundo a Pol\u00edcia Civil, os abusos foram cometidos dentro de uma igreja pelo pastor secund\u00e1rio, que dava aulas de ingl\u00eas [&hellip;]<\/p>\n","protected":false},"author":1,"featured_media":99208,"comment_status":"open","ping_status":"closed","sticky":false,"template":"","format":"standard","meta":{"amp_status":"","footnotes":""},"categories":[1236],"tags":[120445,120444,120684,120686,120685,1018,56123,120452,210,120441,120443,120446,120450,120448,120451,120449,120442,120447],"class_list":["post-99207","post","type-post","status-publish","format-standard","has-post-thumbnail","hentry","category-norte_de_minas","tag-crianca-estuprada-em-montes-claros","tag-crianca-estuprada-por-pastor-em-montes-claros","tag-desenhos-de-crianca-ajudam-a-descobrir-abuso-sexual-de-pastor-em-montes-claros","tag-desenhos-de-crianca-denunciam-pastor-estuprador-em-montes-claros","tag-desenhos-de-crianca-entregam-pastor-estuprador-em-montes-claros","tag-destaque","tag-estuprador-montes-claros","tag-joao-da-silva","tag-montes-claros","tag-pastor-e-preso-suspeito-de-estuprar-crianca-de-cinco-anos-em-igreja-de-montes-claros","tag-pastor-estuprador-de-montes-claros","tag-pastor-joao-da-silva","tag-pastor-joao-da-silva-e-preso-por-estuprar-crianca-de-cinco-anos","tag-pastor-joao-da-silva-e-preso-por-estupro","tag-pastor-joao-da-silva-e-preso-por-estupro-em-montes-claros","tag-pastor-joao-da-silva-e-suspeito-de-estupro","tag-pastor-preso-por-estupro-em-montes-claros","tag-prisao-do-pastor-joao-da-silva"],"_links":{"self":[{"href":"https:\/\/aconteceunovale.com.br\/portal\/index.php?rest_route=\/wp\/v2\/posts\/99207","targetHints":{"allow":["GET"]}}],"collection":[{"href":"https:\/\/aconteceunovale.com.br\/portal\/index.php?rest_route=\/wp\/v2\/posts"}],"about":[{"href":"https:\/\/aconteceunovale.com.br\/portal\/index.php?rest_route=\/wp\/v2\/types\/post"}],"author":[{"embeddable":true,"href":"https:\/\/aconteceunovale.com.br\/portal\/index.php?rest_route=\/wp\/v2\/users\/1"}],"replies":[{"embeddable":true,"href":"https:\/\/aconteceunovale.com.br\/portal\/index.php?rest_route=%2Fwp%2Fv2%2Fcomments&post=99207"}],"version-history":[{"count":0,"href":"https:\/\/aconteceunovale.com.br\/portal\/index.php?rest_route=\/wp\/v2\/posts\/99207\/revisions"}],"wp:featuredmedia":[{"embeddable":true,"href":"https:\/\/aconteceunovale.com.br\/portal\/index.php?rest_route=\/wp\/v2\/media\/99208"}],"wp:attachment":[{"href":"https:\/\/aconteceunovale.com.br\/portal\/index.php?rest_route=%2Fwp%2Fv2%2Fmedia&parent=99207"}],"wp:term":[{"taxonomy":"category","embeddable":true,"href":"https:\/\/aconteceunovale.com.br\/portal\/index.php?rest_route=%2Fwp%2Fv2%2Fcategories&post=99207"},{"taxonomy":"post_tag","embeddable":true,"href":"https:\/\/aconteceunovale.com.br\/portal\/index.php?rest_route=%2Fwp%2Fv2%2Ftags&post=99207"}],"curies":[{"name":"wp","href":"https:\/\/api.w.org\/{rel}","templated":true}]}}